{"id":282754,"date":"2025-12-11T11:58:15","date_gmt":"2025-12-11T11:58:15","guid":{"rendered":"https:\/\/www.europesays.com\/es\/282754\/"},"modified":"2025-12-11T11:58:15","modified_gmt":"2025-12-11T11:58:15","slug":"jordi-hurtado-habla-de-su-jubilacion-en-la-revuelta","status":"publish","type":"post","link":"https:\/\/www.europesays.com\/es\/282754\/","title":{"rendered":"Jordi Hurtado habla de su jubilaci\u00f3n en &#8216;La Revuelta&#8217;"},"content":{"rendered":"<p>\n        <a href=\"https:\/\/www.noticiasdegipuzkoa.eus\/tags\/la-revuelta\/\" title=\"\u2018La Revuelta\u2019\" rel=\"nofollow noopener\" target=\"_blank\" class=\"link copy\"><strong>\u2018La Revuelta\u2019<\/strong> tuvo ayer el privilegio de contar con un invitado \u00fanico: <\/a><a href=\"https:\/\/www.noticiasdegipuzkoa.eus\/tags\/jordi-hurtado\/\" title=\"Jordi Hurtado\" rel=\"nofollow noopener\" target=\"_blank\" class=\"link copy\"><strong>Jordi Hurtado<\/strong><\/a>. El m\u00edtico presentador de<strong> \u2018Saber y ganar\u2019 <\/strong>ha hecho saber que el pr\u00f3ximo mes de enero cumplir\u00e1 nada m\u00e1s y nada menos qu<strong>e 6.825 ediciones<\/strong> y durante cas<strong>i 29 a\u00f1os.<\/strong> Y no se quedar\u00eda ah\u00ed, por qu\u00e9, en sus palabras,<strong> \u201cel p\u00fablico no miente. Si se aburre o no se lo pasa bien, se nota\u201d.<\/strong>\n<\/p>\n<p class=\"article-body__text \">\n        Todo empez\u00f3 a mediados de la <strong>d\u00e9cada de los a\u00f1os 80,<\/strong> cuando el comunicador hizo <strong>su primer casting en la cadena p\u00fablica<\/strong>. Una trayectoria que empez\u00f3 hace muchos a\u00f1os y que no ha parado, en <strong>una aventura profesional<\/strong> que ha dado mucho de s\u00ed.\u00a0\n<\/p>\n<p class=\"article-photo__footer\">\n            Jordi Hurtado y David Broncano, anoche en &#8216;La Revuelta&#8217;            Instagram: @larevuelta_tve        <\/p>\n<p>  <strong>Un concurso de leyenda<\/strong><\/p>\n<p class=\"article-body__text \">\n        <a href=\"https:\/\/www.noticiasdegipuzkoa.eus\/tags\/david-broncano\/\" title=\"David Broncano\" rel=\"nofollow noopener\" target=\"_blank\" class=\"link copy\"><strong>David Broncano<\/strong><\/a><strong>,<\/strong> quien afirm\u00f3 que hab\u00eda llegado<strong> \u201cde rebote\u201d<\/strong> a la televisi\u00f3n, no dud\u00f3 en mostrar su admiraci\u00f3n por <strong>\u2018Saber y ganar\u2019. <\/strong>Tal y como dijo,\u00a0 el espectador agradece el nivel de dificultad que ha mantenido el concurso a lo largo de todas sus temporadas.\n<\/p>\n<p class=\"article-body__text \">\n        Por esa raz\u00f3n, el presentador<strong> ha descartado ir en alguna de las ediciones especiales con participantes famosos. <\/strong>Por su parte, Jordi Hurtado le propuso <strong>\u201cbajarlo un poco a tu nivel\u201d<\/strong>. Algo que, sin embargo, y para <strong>Grison<\/strong>, tiene el riesgo de convertirlo en<strong> \u201cSaber y ga\u00f1\u00e1n\u201d.<\/strong>\n<\/p>\n<p>            <a href=\"https:\/\/www.noticiasdegipuzkoa.eus\/vivir\/television\/2025\/12\/09\/agricultor-retirado-escritor-vendido-custodio-perez-regreso-esperado-la-revuelta-tve-10447953.html\" title=\"De agricultor retirado a escritor de \u00e9xito: Custodio P\u00e9rez, el regreso m\u00e1s esperado del a\u00f1o en \u2018La Revuelta\u2019\" class=\"new__media\" rel=\"nofollow noopener\" target=\"_blank\"><\/p>\n<p>                <img alt=\"De agricultor retirado a escritor de \u00e9xito: Custodio P\u00e9rez, el regreso m\u00e1s esperado del a\u00f1o en \u2018La Revuelta\u2019\" data-src=\"https:\/\/www.europesays.com\/es\/wp-content\/uploads\/2025\/12\/d148121c-927d-4373-86a5-51e44b3a0c04_16-9-aspect-ratio_default_0.jpg\" class=\"lozad\"\/><\/p>\n<p>        <\/a><\/p>\n<p>        <a href=\"https:\/\/www.noticiasdegipuzkoa.eus\/vivir\/television\/2025\/12\/09\/agricultor-retirado-escritor-vendido-custodio-perez-regreso-esperado-la-revuelta-tve-10447953.html\" title=\"De agricultor retirado a escritor de \u00e9xito: Custodio P\u00e9rez, el regreso m\u00e1s esperado del a\u00f1o en \u2018La Revuelta\u2019\" class=\"new__headline\" rel=\"nofollow noopener\" target=\"_blank\"><br \/>\n            De agricultor retirado a escritor de \u00e9xito: Custodio P\u00e9rez, el regreso m\u00e1s esperado del a\u00f1o en \u2018La Revuelta\u2019<br \/>\n        <\/a><\/p>\n<p>  <strong>El futuro de Jordi Hurtado\u00a0<\/strong><\/p>\n<p class=\"article-body__text \">\n        En relaci\u00f3n a su futuro con \u2018Saber y ganar\u2019, en donde<strong> no hay ning\u00fan miembro del equipo original del concurso<\/strong>, Jordi Hurtado confirm\u00f3 tajantemente que el programa <strong>\u201cseguir\u00e1, absolutamente\u201d<\/strong>, tranquilizando a sus seguidores. <strong>\u201cAyer hice el 6.825\u201d<\/strong>, a\u00f1adi\u00f3.\n<\/p>\n<p class=\"article-body__text \">\n        Y es que, el pasado mes de septiembre, ya empezaron a circular<strong> rumores sobre la retirada del presentador catal\u00e1n<\/strong>. Con los cambios que tra\u00eda la nueva etapa de \u2018Saber y ganar\u2019, este le daba el mando de la edici\u00f3n de los fines de semana a<strong> Rodrigo V\u00e1zquez.<\/strong>\n<\/p>\n<p class=\"article-body__text \">\n        De este modo lo hizo saber <a href=\"https:\/\/www.noticiasdegipuzkoa.eus\/tags\/tve\/\" title=\"TVE\" rel=\"nofollow noopener\" target=\"_blank\" class=\"link copy\"><strong>TVE <\/strong><\/a>el pasado mes de junio en una rueda de prensa, anunciando<strong> el relevo del conductor por Rodrigo V\u00e1zquez los s\u00e1bados y domingos<\/strong>. Asimismo, Jordi Hurtado neg\u00f3 que la jubilaci\u00f3n estuviera cerca: <strong>\u00abAhora me toca disfrutar de los fines de semana\u00bb.<\/strong>\n<\/p>\n<p>            <a href=\"https:\/\/www.noticiasdegipuzkoa.eus\/vivir\/television\/2025\/12\/11\/la-revuelta-david-broncano-rinde-tributo-robe-iniesta-inolvidable-cancion-extremoduro-10457331.html\" title=\"&#039;La Revuelta&#039;: David Broncano rinde tributo a Robe Iniesta con una inolvidable canci\u00f3n de Extremoduro: &quot;De los m\u00e1s grandes&quot;\" class=\"new__media\" rel=\"nofollow noopener\" target=\"_blank\"><\/p>\n<p>                <img alt=\"'La Revuelta': David Broncano rinde tributo a Robe Iniesta con una inolvidable canci\u00f3n de Extremoduro: &quot;De los m\u00e1s grandes&quot;\" data-src=\"https:\/\/www.europesays.com\/es\/wp-content\/uploads\/2025\/12\/592ceb6c-cc09-497c-bf24-17dc51784787_16-9-aspect-ratio_default_0_x1049y114.jpg\" class=\"lozad\"\/><\/p>\n<p>        <\/a><\/p>\n<p>        <a href=\"https:\/\/www.noticiasdegipuzkoa.eus\/vivir\/television\/2025\/12\/11\/la-revuelta-david-broncano-rinde-tributo-robe-iniesta-inolvidable-cancion-extremoduro-10457331.html\" title=\"&#039;La Revuelta&#039;: David Broncano rinde tributo a Robe Iniesta con una inolvidable canci\u00f3n de Extremoduro: &quot;De los m\u00e1s grandes&quot;\" class=\"new__headline\" rel=\"nofollow noopener\" target=\"_blank\"><br \/>\n            &#8216;La Revuelta&#8217;: David Broncano rinde tributo a Robe Iniesta con una inolvidable canci\u00f3n de Extremoduro: \u00abDe los m\u00e1s grandes\u00bb<br \/>\n        <\/a><\/p>\n<p>  <strong>Parecidos razonables<\/strong><\/p>\n<p class=\"article-body__text \">\n        Jordi Hurtado es una de las caras m\u00e1s conocidas en la peque\u00f1a pantalla y una de las m\u00e1s queridas. Adem\u00e1s, guarda relaci\u00f3n familiar con otro Jordi, concretamente con <strong>\u00c9vole<\/strong>, el presentador de <strong>La Sexta<\/strong>, a quien califica como \u201c<strong>admirable<\/strong>\u201d.\u00a0\n<\/p>\n<p class=\"article-body__text \">\n        Todo esto se debe a que la abuela del presentador de \u2018Lo de \u00c9vole\u2019 es prima hermana del padre de Jordi Hurtado. <strong>\u201cRecuerdo ir de peque\u00f1o a Cornell\u00e1 y ver a toda su familia\u201d<\/strong>, recordaba en \u2018La Revuelta\u2019 el protagonista.\u00a0\n<\/p>\n<p>  M\u00e1s sobre &#8216;La Revuelta\u2019<\/p>\n<p class=\"article-body__text \">\n        <a href=\"https:\/\/www.noticiasdegipuzkoa.eus\/vivir\/television\/2025\/12\/05\/dani-rovira-deja-sin-palabras-david-broncano-la-revuelta-10436802.html\" title=\"\u2018La Revuelta\u2019\u00a0\" rel=\"nofollow noopener\" target=\"_blank\" class=\"link copy\"><strong>\u2018La Revuelta\u2019<\/strong><\/a><a href=\"https:\/\/www.noticiasdegipuzkoa.eus\/vivir\/television\/2025\/12\/05\/dani-rovira-deja-sin-palabras-david-broncano-la-revuelta-10436802.html\" title=\"\u2018La Revuelta\u2019\u00a0\" rel=\"nofollow noopener\" target=\"_blank\" class=\"link copy\">\u00a0<\/a>es\u00a0<strong>uno de los formatos de televisi\u00f3n con m\u00e1s audiencia que hay a d\u00eda de hoy.\u00a0<\/strong>En esta segunda temporada, sigue apostando por el\u00a0<strong>humor y entretenimiento por igual.<\/strong>\n<\/p>\n<p class=\"article-body__text \">\n        Presentado por David Broncano en\u00a0<strong>la franja del prime time,<\/strong>\u00a0en el plat\u00f3 se juntan\u00a0<strong>invitados, colaboradores y parte del p\u00fablico<\/strong>. Adem\u00e1s, al conectar muchas veces con los espectadores, se dan a conocer historias personales y de inter\u00e9s general.\u00a0<\/p>\n","protected":false},"excerpt":{"rendered":"\u2018La Revuelta\u2019 tuvo ayer el privilegio de contar con un invitado \u00fanico: Jordi Hurtado. El m\u00edtico presentador de&hellip;\n","protected":false},"author":2,"featured_media":282755,"comment_status":"","ping_status":"","sticky":false,"template":"","format":"standard","meta":{"footnotes":""},"categories":[174],"tags":[255,146,147,25,24,256,2848,10080,12833,8881,29956,9474,23,3156,938,6989],"class_list":{"0":"post-282754","1":"post","2":"type-post","3":"status-publish","4":"format-standard","5":"has-post-thumbnail","7":"category-famosos","8":"tag-celebrities","9":"tag-entertainment","10":"tag-entretenimiento","11":"tag-es","12":"tag-espana","13":"tag-famosos","14":"tag-futuro","15":"tag-hurtado","16":"tag-jordi","17":"tag-jubilacion","18":"tag-la-revuelta","19":"tag-sincera","20":"tag-spain","21":"tag-tve","22":"tag-visita","23":"tag-vista"},"share_on_mastodon":{"url":"https:\/\/pubeurope.com\/@es\/115700820442528262","error":""},"_links":{"self":[{"href":"https:\/\/www.europesays.com\/es\/wp-json\/wp\/v2\/posts\/282754","targetHints":{"allow":["GET"]}}],"collection":[{"href":"https:\/\/www.europesays.com\/es\/wp-json\/wp\/v2\/posts"}],"about":[{"href":"https:\/\/www.europesays.com\/es\/wp-json\/wp\/v2\/types\/post"}],"author":[{"embeddable":true,"href":"https:\/\/www.europesays.com\/es\/wp-json\/wp\/v2\/users\/2"}],"replies":[{"embeddable":true,"href":"https:\/\/www.europesays.com\/es\/wp-json\/wp\/v2\/comments?post=282754"}],"version-history":[{"count":0,"href":"https:\/\/www.europesays.com\/es\/wp-json\/wp\/v2\/posts\/282754\/revisions"}],"wp:featuredmedia":[{"embeddable":true,"href":"https:\/\/www.europesays.com\/es\/wp-json\/wp\/v2\/media\/282755"}],"wp:attachment":[{"href":"https:\/\/www.europesays.com\/es\/wp-json\/wp\/v2\/media?parent=282754"}],"wp:term":[{"taxonomy":"category","embeddable":true,"href":"https:\/\/www.europesays.com\/es\/wp-json\/wp\/v2\/categories?post=282754"},{"taxonomy":"post_tag","embeddable":true,"href":"https:\/\/www.europesays.com\/es\/wp-json\/wp\/v2\/tags?post=282754"}],"curies":[{"name":"wp","href":"https:\/\/api.w.org\/{rel}","templated":true}]}}