{"id":282781,"date":"2025-12-11T12:17:12","date_gmt":"2025-12-11T12:17:12","guid":{"rendered":"https:\/\/www.europesays.com\/es\/282781\/"},"modified":"2025-12-11T12:17:12","modified_gmt":"2025-12-11T12:17:12","slug":"la-vuelta-llegara-a-las-terres-de-lebre-por-primera-vez-en-el-siglo-xxi","status":"publish","type":"post","link":"https:\/\/www.europesays.com\/es\/282781\/","title":{"rendered":"La Vuelta llegar\u00e1 a las Terres de l\u2019Ebre por primera vez en el siglo XXI"},"content":{"rendered":"<p class=\"ft-text ft-helper-closenews\">La <strong>Vuelta a Espa\u00f1a 2026<\/strong> terminar\u00e1 con el tradicional olvido ciclista a las <strong>Terres de l\u2019Ebre<\/strong>, un territorio catal\u00e1n que acostumbra a estar ignorado por los grandes eventos deportivos; lejos de casi todo, pero con un paisaje ciclista que invita a descubrir unos parajes que ser\u00e1n protagonistas en la pr\u00f3xima edici\u00f3n de la ronda espa\u00f1ola que se presenta oficialmente el mi\u00e9rcoles 17 de diciembre en <strong>M\u00f3naco<\/strong>, de donde partir\u00e1 la carrera el s\u00e1bado 22 de agosto.<\/p>\n<p class=\"ft-text\">En lo que se lleva de siglo nunca ha transitado la prueba por las cercan\u00edas de la desembocadura del r\u00edo Ebro. Hay que remontarse a las dos \u00faltimas d\u00e9cadas del siglo pasado para encontrar a los ciclistas de la Vuelta compitiendo por el sur de Catalunya. Y es all\u00ed donde aparecen los tres precedentes anteriores. El \u00faltimo fue una salida desde <strong>La S\u00e8nia<\/strong> en 1999 con llegada a Val\u00e8ncia. Gan\u00f3 el corredor ruso <strong>Viatcheslav Ekimov<\/strong>, que fue campe\u00f3n ol\u00edmpico y gregario de Lance Armstrong, y quien curiosamente decidi\u00f3 vivir en Tortosa. La carrera lleg\u00f3 a la localidad del Montsi\u00e0 neutralizada desde Barcelona.<\/p>\n<p class=\"ft-text\">En 1993, tambi\u00e9n La S\u00e8nia fue protagonista de la carrera; en este caso con una llegada al esprint donde se impuso el ciclista bilba\u00edno <strong>Juan Carlos Gonz\u00e1lez Salvador<\/strong>. La etapa parti\u00f3 desde Val\u00e8ncia y luego la prueba vivi\u00f3 una neutralizaci\u00f3n hasta Lleida. El primer encuentro de la Vuelta con las Terres de l\u2019Ebre se remonta a la gran edici\u00f3n de 1983, la ronda espa\u00f1ola ganada por <strong>Bernard Hinault<\/strong>. La quinta etapa parti\u00f3 de Teruel y acab\u00f3 en Sant Carles de la R\u00e0pita con triunfo del italiano <strong>Giuseppe Petito<\/strong>. All\u00ed consigui\u00f3 la mejor victoria profesional de su carrera deportiva. Desde Sant Carles de la R\u00e0pita los ciclistas fueron hasta Sant Quirze del Vall\u00e8s donde gan\u00f3 <strong>Laurent Fignon<\/strong>.<\/p>\n<p>Tres a\u00f1os de contacto<\/p>\n<p class=\"ft-text\">El matrimonio de 2026 entre la Vuelta y las <strong>Terres de l\u2019Ebre<\/strong> es fruto de una relaci\u00f3n de tres a\u00f1os cuando se establecieron los primeros contactos y de la necesidad de encontrar un territorio en la Catalunya m\u00e1s meridional en el camino de la prueba hacia el sur de Espa\u00f1a, en una edici\u00f3n que no pasar\u00e1 por las comunidades del norte de la pen\u00ednsula y que se decidir\u00e1 en Andaluc\u00eda. La ronda ciclista terminar\u00e1 el 13 de septiembre a las puertas de la Alhambra de Granada.<\/p>\n<p class=\"ft-text\">Las negociaciones se establecieron entre la <strong>Diputaci\u00f3 de Tarragona <\/strong>y Unipublic, la empresa madrile\u00f1a que gestiona la Vuelta en el nombre de ASO, propietaria de la carrera como lo es tambi\u00e9n del Tour. Y ha sido la diputaci\u00f3n tarraconense la que se hace cargo del principal reclamo econ\u00f3mico para acoger la carrera ciclista, ante la imposibilidad de acabar en <strong>Tarragona<\/strong>, ciudad que est\u00e1 totalmente volcada como sede de salida de la segunda etapa del pr\u00f3ximo Tour que tendr\u00e1 la meta en Barcelona.<\/p>\n<p class=\"ft-text\">Una delegaci\u00f3n de la diputaci\u00f3n tarraconense viajar\u00e1 por carretera el pr\u00f3ximo mi\u00e9rcoles hasta M\u00f3naco para estar presente en el solemne acto de la presentaci\u00f3n oficial de la prueba con el pr\u00edncipe <strong>Alberto <\/strong>como anfitri\u00f3n del acto.<\/p>\n<p>Etapa llana pero complicada<\/p>\n<p class=\"ft-text\">La <strong>organizaci\u00f3n<\/strong> visit\u00f3 los parajes escogidos, una etapa eminentemente llana, aunque con el aliciente de ver c\u00f3mo sopla el viento, que suele estar m\u00e1s calmado a finales de agosto que ahora. Se desestim\u00f3 la idea inicial de hacer ir a los corredores por caminos de tierra y tambi\u00e9n se excluy\u00f3 la ascensi\u00f3n al Mont Caro por la dificultad de la subida, demasiado dura para afrontarse en la primera semana de competici\u00f3n y muy estrecha para acoplar el dispositivo de la prueba.<\/p>\n<p class=\"ft-text\">El pr\u00f3ximo mi\u00e9rcoles se revelar\u00e1 el destino final de la etapa donde la localidad de Roquetes tiene muchos n\u00fameros acoger la meta. La prueba, anteriormente, celebrar\u00e1 una contrarreloj en <strong>M\u00f3naco<\/strong>, dos etapas en Francia y el tradicional encuentro con las carreteras andorranas.<\/p>\n<p class=\"ft-text\">El anunci\u00f3 de la cita con las Terres de l\u2019Ebre llega el mismo d\u00eda de la presentaci\u00f3n del Movistar 2026 (<strong>Enric Mas<\/strong> y <strong>Cian Uijtdebroeks<\/strong> como jefes de filas) y un d\u00eda antes de la primera conferencia de prensa de <strong>Juan Ayuso<\/strong> como corredor del Lidl-Trek.<\/p>\n<p data-close=\"closedContent\" class=\"subscribeHideForDisplay\">Suscr\u00edbete para seguir leyendo<\/p>\n","protected":false},"excerpt":{"rendered":"La Vuelta a Espa\u00f1a 2026 terminar\u00e1 con el tradicional olvido ciclista a las Terres de l\u2019Ebre, un territorio&hellip;\n","protected":false},"author":2,"featured_media":282782,"comment_status":"","ping_status":"","sticky":false,"template":"","format":"standard","meta":{"footnotes":""},"categories":[273],"tags":[3076,313,312,68409,168,68408,25,24,24036,23,167,19398,1357,33880],"class_list":{"0":"post-282781","1":"post","2":"type-post","3":"status-publish","4":"format-standard","5":"has-post-thumbnail","7":"category-ciclismo","8":"tag-3076","9":"tag-ciclismo","10":"tag-cycling","11":"tag-delta-del-ebro","12":"tag-deportes","13":"tag-ebre","14":"tag-es","15":"tag-espana","16":"tag-llegara","17":"tag-spain","18":"tag-sports","19":"tag-terres","20":"tag-vuelta","21":"tag-vuelta-a-espana-2025"},"share_on_mastodon":{"url":"https:\/\/pubeurope.com\/@es\/115700894511451028","error":""},"_links":{"self":[{"href":"https:\/\/www.europesays.com\/es\/wp-json\/wp\/v2\/posts\/282781","targetHints":{"allow":["GET"]}}],"collection":[{"href":"https:\/\/www.europesays.com\/es\/wp-json\/wp\/v2\/posts"}],"about":[{"href":"https:\/\/www.europesays.com\/es\/wp-json\/wp\/v2\/types\/post"}],"author":[{"embeddable":true,"href":"https:\/\/www.europesays.com\/es\/wp-json\/wp\/v2\/users\/2"}],"replies":[{"embeddable":true,"href":"https:\/\/www.europesays.com\/es\/wp-json\/wp\/v2\/comments?post=282781"}],"version-history":[{"count":0,"href":"https:\/\/www.europesays.com\/es\/wp-json\/wp\/v2\/posts\/282781\/revisions"}],"wp:featuredmedia":[{"embeddable":true,"href":"https:\/\/www.europesays.com\/es\/wp-json\/wp\/v2\/media\/282782"}],"wp:attachment":[{"href":"https:\/\/www.europesays.com\/es\/wp-json\/wp\/v2\/media?parent=282781"}],"wp:term":[{"taxonomy":"category","embeddable":true,"href":"https:\/\/www.europesays.com\/es\/wp-json\/wp\/v2\/categories?post=282781"},{"taxonomy":"post_tag","embeddable":true,"href":"https:\/\/www.europesays.com\/es\/wp-json\/wp\/v2\/tags?post=282781"}],"curies":[{"name":"wp","href":"https:\/\/api.w.org\/{rel}","templated":true}]}}