{"id":282814,"date":"2025-12-11T12:42:12","date_gmt":"2025-12-11T12:42:12","guid":{"rendered":"https:\/\/www.europesays.com\/es\/282814\/"},"modified":"2025-12-11T12:42:12","modified_gmt":"2025-12-11T12:42:12","slug":"el-mejor-ricky-rubio-lidera-al-mejor-joventut-de-badalona","status":"publish","type":"post","link":"https:\/\/www.europesays.com\/es\/282814\/","title":{"rendered":"El mejor Ricky Rubio lidera al mejor Joventut de Badalona"},"content":{"rendered":"<p class=\"ft-text\">El <strong>Joventut de Badalona<\/strong> est\u00e1 registrando un tremendo inicio de temporada. Los de <strong>Dani Miret<\/strong> est\u00e1n <strong>invictos en Europa<\/strong>, mientras que <strong>en ACB est\u00e1n a tan solo una victoria de los l\u00edderes, Real Madrid y Valencia Basket<\/strong>. Si bien es cierto que el conjunto verdinegro se caracteriza por ser un equipo coral, <a class=\"ft-link ft-link--decoration\" href=\"https:\/\/www.sport.es\/es\/noticias\/baloncesto\/ricky-rubio-impone-ley-baxi-124544850\" rel=\"nofollow noopener\" target=\"_blank\"><strong>el exitoso arranque de los de Miret no se puede entender sin el nombre de Ricky Rubio<\/strong><\/a>.<\/p>\n<p class=\"ft-text\">El &#8216;9&#8217; de la Penya, tras un a\u00f1o alejado de las canchas, <strong>est\u00e1 volviendo a disfrutar del baloncesto, y adem\u00e1s est\u00e1 siendo capaz de desplegar un nivel absolutamente diferencial. Estamos viendo al mejor Ricky en la faceta anotadora: 14,2 puntos de promedio por partido<\/strong> entre competici\u00f3n liguera y <strong>Basketball Champions League<\/strong>. A nivel de clubes, Ricky <strong>nunca hab\u00eda anotado tanto, ni en Europa ni en la NBA<\/strong>. \u00danicamente con <strong>Espa\u00f1a, en el Mundial de 2019<\/strong>, estuvo por encima de dichos n\u00fameros, con 16,4.<\/p>\n<p><img decoding=\"async\" src=\"https:\/\/www.europesays.com\/es\/wp-content\/uploads\/2025\/12\/b1a88f7a-16e9-4a24-ab36-4de1953a8d00_alta-libre-aspect-ratio_default_0.jpg\" width=\"1200\" height=\"675\" alt=\"Ricky Rubio entra a canasta durante el triunfo del Joventut en Granada.\" class=\"ft-helper-img-rd\" loading=\"lazy\"\/><\/p>\n<p class=\"ft-helper-fontColor-quaternary ft-helper-fontSize-body-S ft-helper-spacer-t-xxs\">Ricky Rubio est\u00e1 registrando sus mejores n\u00fameros en anotaci\u00f3n  \/ Efe<\/p>\n<p class=\"ft-text\">Adem\u00e1s, lo m\u00e1s destacable es que <strong>lo est\u00e1 logrando en menos de 20 minutos por choque<\/strong>. Dani Miret cuenta con una plantilla larga, y especialmente con un juego exterior amplio, confeccionado para poder rotar y as\u00ed llegar al tramo decisivo de la temporada con el equipo fresco.<\/p>\n<p class=\"ft-text\">En el apartado de las <strong>asistencias<\/strong>, Ricky tambi\u00e9n destaca, <strong>promediando hasta 4,9 pases de canasta<\/strong> por partido. Es el segundo mejor registro del base catal\u00e1n en toda su carrera en Espa\u00f1a, con la particularidad, en este caso, que <strong>tambi\u00e9n ha mejorado su ratio de asistencia por p\u00e9rdida<\/strong>.<\/p>\n<p>El segundo mejor comienzo de la Penya en el siglo XVI<\/p>\n<p class=\"ft-text\">El <strong>Joventut <\/strong>ha empezado la presente temporada <strong>sumando siete triunfos en nueve partidos en la competici\u00f3n dom\u00e9stica. Nos tenemos que remontar hasta la temporada 2007-08<\/strong>, tambi\u00e9n con Ricky en el equipo, <strong>para encontrar el \u00fanico inicio mejor que ha protagonizado el club catal\u00e1n en lo que va de siglo<\/strong>. Los de Dani Miret han puesto la directa y <strong>quieren sellar cuanto antes su billete para la Copa del Rey 2026<\/strong>, que se celebrar\u00e1 en el <strong>Roig Arena de Valencia<\/strong>. Adem\u00e1s, de seguir con este ritmo de victorias, van a lograr ser incluso cabezas de serie en el sorteo.<\/p>\n<p class=\"ft-text\">El siguiente compromiso para los verdinegros ser\u00e1 <strong>el pr\u00f3ximo domingo (12:30 h), en su visita a Murcia para enfrentarse a un UCAM que es rival directo en la clasificaci\u00f3n<\/strong>. Ambos est\u00e1n con <strong>siete victorias y dos derrotas<\/strong>, por lo que el ganador se consolidar\u00e1 en la tercera posici\u00f3n de la Liga Endesa, a la espera de lo que hagan <strong>Real Madrid y Valencia Basket<\/strong>, que actualmente lideran la tabla.<\/p>\n","protected":false},"excerpt":{"rendered":"El Joventut de Badalona est\u00e1 registrando un tremendo inicio de temporada. Los de Dani Miret est\u00e1n invictos en&hellip;\n","protected":false},"author":2,"featured_media":282815,"comment_status":"","ping_status":"","sticky":false,"template":"","format":"standard","meta":{"footnotes":""},"categories":[269],"tags":[302,299,298,50106,168,25,24,4079,665,15724,4080,23,167],"class_list":{"0":"post-282814","1":"post","2":"type-post","3":"status-publish","4":"format-standard","5":"has-post-thumbnail","7":"category-baloncesto","8":"tag-acb","9":"tag-baloncesto","10":"tag-basketball","11":"tag-dani-miret","12":"tag-deportes","13":"tag-es","14":"tag-espana","15":"tag-joventut","16":"tag-liga-endesa","17":"tag-penya","18":"tag-ricky-rubio","19":"tag-spain","20":"tag-sports"},"share_on_mastodon":{"url":"https:\/\/pubeurope.com\/@es\/115700993270084466","error":""},"_links":{"self":[{"href":"https:\/\/www.europesays.com\/es\/wp-json\/wp\/v2\/posts\/282814","targetHints":{"allow":["GET"]}}],"collection":[{"href":"https:\/\/www.europesays.com\/es\/wp-json\/wp\/v2\/posts"}],"about":[{"href":"https:\/\/www.europesays.com\/es\/wp-json\/wp\/v2\/types\/post"}],"author":[{"embeddable":true,"href":"https:\/\/www.europesays.com\/es\/wp-json\/wp\/v2\/users\/2"}],"replies":[{"embeddable":true,"href":"https:\/\/www.europesays.com\/es\/wp-json\/wp\/v2\/comments?post=282814"}],"version-history":[{"count":0,"href":"https:\/\/www.europesays.com\/es\/wp-json\/wp\/v2\/posts\/282814\/revisions"}],"wp:featuredmedia":[{"embeddable":true,"href":"https:\/\/www.europesays.com\/es\/wp-json\/wp\/v2\/media\/282815"}],"wp:attachment":[{"href":"https:\/\/www.europesays.com\/es\/wp-json\/wp\/v2\/media?parent=282814"}],"wp:term":[{"taxonomy":"category","embeddable":true,"href":"https:\/\/www.europesays.com\/es\/wp-json\/wp\/v2\/categories?post=282814"},{"taxonomy":"post_tag","embeddable":true,"href":"https:\/\/www.europesays.com\/es\/wp-json\/wp\/v2\/tags?post=282814"}],"curies":[{"name":"wp","href":"https:\/\/api.w.org\/{rel}","templated":true}]}}