{"id":282816,"date":"2025-12-11T12:43:10","date_gmt":"2025-12-11T12:43:10","guid":{"rendered":"https:\/\/www.europesays.com\/es\/282816\/"},"modified":"2025-12-11T12:43:10","modified_gmt":"2025-12-11T12:43:10","slug":"antiviolencia-se-ratifica-en-cerrar-mendizorroza-y-envia-al-gobierno-central-nuevas-pruebas","status":"publish","type":"post","link":"https:\/\/www.europesays.com\/es\/282816\/","title":{"rendered":"Antiviolencia se ratifica en cerrar Mendizorroza y env\u00eda al Gobierno central nuevas pruebas"},"content":{"rendered":"<p>La propuesta de cierre de Mendizorroza por las referencias a Iraultza 1921 en los murales del estadio avanza a una nueva fase. Tres semanas despu\u00e9s  &#8230; de plantear esta \u00abexcepcional medida\u00bb, la Comisi\u00f3n Antiviolencia ratific\u00f3 ayer su postura y envi\u00f3 a la Secretar\u00eda de Estado de Seguridad un pormenorizado informe con nuevas pruebas, aportando m\u00e1s im\u00e1genes y antecedentes. Este \u00f3rgano, dependiente del Ministerio del Interior, decidir\u00e1 en \u00faltima instancia si se clausura durante un mes el estadio del Alav\u00e9s por \u00abel apoyo del club a aficionados radicales\u00bb y el se\u00f1alamiento al coordinador de la Ertzaintza. La decisi\u00f3n final podr\u00eda demorarse varias semanas y la entidad albiazul tendr\u00e1 la posibilidad de presentar alegaciones para tratar de frenar o rebajar la sanci\u00f3n.<\/p>\n<p class=\"v-p\">Con este movimiento, Antiviolencia declina de facto el intento del Alav\u00e9s por detener la propuesta de clausura, que incluye tambi\u00e9n una sanci\u00f3n econ\u00f3mica de 60.001 euros. Seg\u00fan ha podido saber ELCORREO, durante este periodo de redacci\u00f3n del informe desde las oficinas del Paseo de Cervantes se envi\u00f3 un escrito para intentar evitar que el expediente siguiese su curso. En el mismo, el club remarc\u00f3 que ya se hab\u00edan eliminado las firmas de Iraultza, grupo que est\u00e1 catalogado desde 2018 como \u00abultra\u00bb.<\/p>\n<p><a href=\"http:\/\/www.elcorreo.com\/alaves\/alaves-siete-anos-conflicto-presencia-firma-iraultza-grafitis-20251211214032-nt.html#vtm_modulosEngag=mod-rel:alaves:noticia:1:cmp:1-not\" class=\"v-a-link\" aria-label=\"Imagen\" rel=\"nofollow noopener\" target=\"_blank\"><\/p>\n<p><img decoding=\"async\" loading=\"lazy\" src=\"https:\/\/www.europesays.com\/es\/wp-content\/uploads\/2025\/12\/1503318239-kdzG-U240345846779Bi-366x256@El Correo.jpg\" class=\"v-a-img\" width=\"258\" height=\"180\" alt=\"\" data-voc-vtm-id=\"in-text-traffic\"\/><\/p>\n<p><\/a><\/p>\n<p class=\"v-p\">Ese argumento trasmitido por escrito se basa en que un d\u00eda antes de que la propuesta se hiciese p\u00fablica este colectivo borr\u00f3 su &#8216;firma&#8217; en \u00abun acto de responsabilidad\u00bb para \u00abno perjudicar al alavesismo\u00bb seg\u00fan se\u00f1al\u00f3 Iraultza. Esta actuaci\u00f3n, explican fuentes consultadas por este peri\u00f3dico, evitar\u00e1 la tramitaci\u00f3n de nuevas sanciones pero no tendr\u00e1 efecto sobre la que se dilucidar\u00e1 a partir de ahora en Madrid. Es decir, no servir\u00e1 como atenuante al entender que es un hecho posterior. <\/p>\n<p class=\"v-p\">El club albiazul, que sostiene que no ha realizado \u00abning\u00fan movimiento\u00bb ni enviado escrito alguno, se enfrenta a un escenario desconocido. Hasta la fecha, la Comisi\u00f3n Antiviolencia hab\u00eda propuesto varias sanciones econ\u00f3micas por la exhibici\u00f3n de las firmas de Iraultza en los murales. Pero estas, al catalogarse como \u00abgraves\u00bb, se tramitaron a trav\u00e9s del departamento de Juegos y Espect\u00e1culos del Gobierno vasco, que dej\u00f3 sin efecto varias de ellas. Sin embargo, el \u00faltimo episodio elev\u00f3 el caso a \u00abmuy grave\u00bb. Adem\u00e1s de la reincidencia, Antiviolencia endureci\u00f3 su postura por el se\u00f1alamiento al coordinador de Seguridad de la Ertzaintza, un hecho que consideran \u00abintolerable\u00bb. Sobre los grafitis expedientados se colocaron unos folios de color rojo formando un aspa y unos carteles con la leyenda: &#8216;Censurado por el coordinador de la Ertzaintza&#8217;. De manera que ahora es este departamento dependiente del Ministerio del Interior el que deber\u00e1 analizar un informe \u00abcon poco margen de interpretaci\u00f3n\u00bb, seg\u00fan indican a este peri\u00f3dico las fuentes consultadas. Ellos decidir\u00e1n si la propuesta de cierre se efect\u00faa. <\/p>\n<p class=\"v-p\">Desde el Alav\u00e9s adelantan que una vez reciban la notificaci\u00f3n del castigo fundamentar\u00e1n las alegaciones. Durante los tres \u00faltimos a\u00f1os, el club ha tratado de encontrar un complejo equilibrio entre evitar un enfrentamiento directo con una parte reconocible de su grada y una eventual sanci\u00f3n. Tampoco quer\u00eda renunciar a los murales que, m\u00e1s all\u00e1 de la huella de Iraultza, muestran momentos hist\u00f3ricos de la trayectoria babazorra. \u00abUna forma de honrar a las personas, colectivos e hitos que han contribuido a construir lo que hoy es nuestra entidad\u00bb, defendi\u00f3 el club. Adem\u00e1s, durante este tiempo ha argumentado que Mendizorroza es de titularidad municipal, por lo que entiende que cualquier actuaci\u00f3n en el exterior del campo compete directamente al Ayuntamiento. <\/p>\n<p class=\"v-p\"><strong>Informe municipal<\/strong><\/p>\n<p class=\"v-p\">Esta reincidente justificaci\u00f3n motiv\u00f3 que el Gobierno vasco tuviese que intervenir para tratar de zanjar el debate y \u00abacabar con esta situaci\u00f3n\u00bb. La Direcci\u00f3n de Juego y Espect\u00e1culos tom\u00f3 el a\u00f1o pasado cartas en el asunto ante la escalada en la gravedad del escenario. Encima de la mesa manejaban cinco expedientes de la Comisi\u00f3n Antiviolencia pendientes de resolver. Ya entonces advirtieron sobre los riesgos a los que se enfrentaba el club, con la clausura del estadio como una amenaza latente. Tras reunirse con representantes del Alav\u00e9s, desde el club se deleg\u00f3 la responsabilidad en el Consistorio. <\/p>\n<p class=\"v-p\">Sin embargo, un informe municipal desvelado por ELCORREO ya aclar\u00f3 hace un a\u00f1o y medio que el borrado de los murales era competencia del club albiazul, seg\u00fan el convenio firmado en 2011. \u00abEl Alav\u00e9s asumir\u00e1 todas las responsabilidades y obligaciones derivadas de la Ley de Espect\u00e1culos P\u00fablicos y dem\u00e1s que sean aplicables\u00bb, incide el informe. Seg\u00fan la interpretaci\u00f3n municipal del convenio, ambas partes fijaron que la entidad alavesista \u00abasume la obligaci\u00f3n de conservaci\u00f3n y mantenimiento de todas las instalaciones y servicios\u00bb. Por lo que, concluye, \u00abel Alav\u00e9s asume el borrado de los grafitis\u00bb.<\/p>\n","protected":false},"excerpt":{"rendered":"La propuesta de cierre de Mendizorroza por las referencias a Iraultza 1921 en los murales del estadio avanza&hellip;\n","protected":false},"author":2,"featured_media":282817,"comment_status":"","ping_status":"","sticky":false,"template":"","format":"standard","meta":{"footnotes":""},"categories":[268],"tags":[40024,1512,5417,168,21575,25,24,280,282,582,57357,2860,677,11867,281,23,167],"class_list":{"0":"post-282816","1":"post","2":"type-post","3":"status-publish","4":"format-standard","5":"has-post-thumbnail","7":"category-futbol","8":"tag-antiviolencia","9":"tag-central","10":"tag-cerrar","11":"tag-deportes","12":"tag-envia","13":"tag-es","14":"tag-espana","15":"tag-football","16":"tag-futbol","17":"tag-gobierno","18":"tag-mendizorroza","19":"tag-nuevas","20":"tag-pruebas","21":"tag-ratifica","22":"tag-soccer","23":"tag-spain","24":"tag-sports"},"share_on_mastodon":{"url":"https:\/\/pubeurope.com\/@es\/115700997274911351","error":""},"_links":{"self":[{"href":"https:\/\/www.europesays.com\/es\/wp-json\/wp\/v2\/posts\/282816","targetHints":{"allow":["GET"]}}],"collection":[{"href":"https:\/\/www.europesays.com\/es\/wp-json\/wp\/v2\/posts"}],"about":[{"href":"https:\/\/www.europesays.com\/es\/wp-json\/wp\/v2\/types\/post"}],"author":[{"embeddable":true,"href":"https:\/\/www.europesays.com\/es\/wp-json\/wp\/v2\/users\/2"}],"replies":[{"embeddable":true,"href":"https:\/\/www.europesays.com\/es\/wp-json\/wp\/v2\/comments?post=282816"}],"version-history":[{"count":0,"href":"https:\/\/www.europesays.com\/es\/wp-json\/wp\/v2\/posts\/282816\/revisions"}],"wp:featuredmedia":[{"embeddable":true,"href":"https:\/\/www.europesays.com\/es\/wp-json\/wp\/v2\/media\/282817"}],"wp:attachment":[{"href":"https:\/\/www.europesays.com\/es\/wp-json\/wp\/v2\/media?parent=282816"}],"wp:term":[{"taxonomy":"category","embeddable":true,"href":"https:\/\/www.europesays.com\/es\/wp-json\/wp\/v2\/categories?post=282816"},{"taxonomy":"post_tag","embeddable":true,"href":"https:\/\/www.europesays.com\/es\/wp-json\/wp\/v2\/tags?post=282816"}],"curies":[{"name":"wp","href":"https:\/\/api.w.org\/{rel}","templated":true}]}}