{"id":282821,"date":"2025-12-11T12:47:10","date_gmt":"2025-12-11T12:47:10","guid":{"rendered":"https:\/\/www.europesays.com\/es\/282821\/"},"modified":"2025-12-11T12:47:10","modified_gmt":"2025-12-11T12:47:10","slug":"la-audiencia-repudia-a-toni-canto-y-a-punt-toma-medidas-drasticas-con-su-programa-para-evitar-el-0","status":"publish","type":"post","link":"https:\/\/www.europesays.com\/es\/282821\/","title":{"rendered":"La audiencia repudia a Toni Cant\u00f3 y \u00c0 Punt toma medidas dr\u00e1sticas con su programa para evitar el 0%"},"content":{"rendered":"<p><a href=\"https:\/\/eltelevisero.huffingtonpost.es\/2025\/11\/a-punt-se-hace-un-teleayuso-y-ficha-a-toni-canto-para-presentar-este-nuevo-programa-de-debate\/\" rel=\"nofollow noopener\" target=\"_blank\">\u00c0 Punt<\/a> ha decidido tomar medidas tras el fiasco en audiencias del programa de Toni Canto, &#8216;El Debat&#8217;, despu\u00e9s de que registrara un 0% t\u00e9cnico de cuota de pantalla durante parte de su estreno. Por tal motivo, y para evitar repetir ese dato, la cadena p\u00fablica valenciana ha decidido recortar considerablemente la duraci\u00f3n del espacio.<\/p>\n<p>El pasado viernes 5 de diciembre, &#8216;El Debat&#8217; dur\u00f3 m\u00e1s de 120 minutos. Este pr\u00f3ximo viernes, la segunda entrega del programa tendr\u00e1 una duraci\u00f3n m\u00e1xima de 70 minutos, empezando a las 22:45 horas, tras el concurso &#8216;A la Saca&#8217;, y finalizando a las 23:55 horas. Siete d\u00edas antes termin\u00f3 pasadas la 1:00 de la madrugada.<\/p>\n<p>Este recorte en el formato conducido por <a href=\"https:\/\/eltelevisero.huffingtonpost.es\/2025\/11\/el-gran-wyoming-le-recuerda-a-toni-canto-lo-que-decia-contra-la-existencia-de-a-punt-cadena-que-ahora-le-da-un-puesto\/\" rel=\"nofollow noopener\" target=\"_blank\">Toni Cant\u00f3<\/a> en &#8216;\u00c0 Punt&#8217; tiene un objetivo claro: evitar repetir el 0% t\u00e9cnico de share que cosech\u00f3 entre las 0:00 y la 1:00 horas. Ese tramo se ha suprimido en esta segunda entrega, dejando su espacio a otro contenido. De media, &#8216;El Debate&#8217; logr\u00f3 en su estreno un 2,4% de cuota de pantalla, lo que se tradujo en apenas 19.000 espectadores.<\/p>\n<p>En esa primera entrega, el espacio debati\u00f3 sobre si el feminismo estaba en crisis con invitados tan pol\u00e9micos como Luc\u00eda Etxebarr\u00eda y Juan Soto Ivars. Por si esto fuera poco, el programa de Toni Cant\u00f3 estuvo una d\u00e9cima por debajo del dato mensual de la cadena, y medio punto porcentual menos del promedio de ese d\u00eda. <\/p>\n<p>Antonio Maestre se niega a participar en el programa de Toni Cant\u00f3<\/p>\n<p>En el segundo programa de este viernes 12 de diciembre, se debatir\u00e1 sobre si la Monarqu\u00eda en Espa\u00f1a est\u00e1 agotada, a ra\u00edz del lanzamiento del libro de memorias de Juan Carlos I, que lleva por t\u00edtulo &#8216;Reconciliaci\u00f3n&#8217;. Con este pol\u00e9mico tema, y el recorte en su duraci\u00f3n, la cadena valenciana intentar\u00e1 reflotar los nefatos datos del estreno.<\/p>\n<p>Esta segunda entrega contar\u00e1 con la presencia de los siguientes colaboradores: el periodista y escritor Jos\u00e9 Apezarena; la periodista y colaboradora de Telecinco Paloma Barrientos; el escritor Alberto Lardi\u00e8s, y la periodista Ana Pardo de Vera. Tambi\u00e9n participar\u00e1n dos expertos en monarqu\u00eda, Jaime Pe\u00f1afiel y Rosa Villacast\u00edn.<\/p>\n<p>Sin embargo, hay un periodista que ha declinado participar. Antonio Maestre ha asegurado en su cuenta de X que \u00abayer me invitaron a participar en &#8216;El Debat&#8217; de &#8216;\u00c0 Punt'\u00bb. \u00abAgradec\u00ed el ofrecimiento a los trabajadores y lo rechac\u00e9 porque no estoy dispuesto a colaborar cuando se coloca a un pol\u00edtico como Toni Cant\u00f3 al frente\u00bb, ha sentenciado.<\/p>\n<blockquote class=\"twitter-tweet\" data-width=\"550\" data-dnt=\"true\">\n<p lang=\"es\" dir=\"ltr\">Ayer me invitaron a participar en el Debat de <a href=\"https:\/\/twitter.com\/apunt_media?ref_src=twsrc%5Etfw\" rel=\"nofollow noopener\" target=\"_blank\">@apunt_media<\/a>. <\/p>\n<p>Agradec\u00ed el ofrecimiento a los trabajadores de A Punt y lo rechac\u00e9 porque no estoy dispuesto a colaborar cuando se coloca a un pol\u00edtico como Toni Cant\u00f3 al frente.<\/p>\n<p>\u2014 AntonioMaestre (@AntonioMaestre) <a href=\"https:\/\/twitter.com\/AntonioMaestre\/status\/1999040397054476529?ref_src=twsrc%5Etfw\" rel=\"nofollow noopener\" target=\"_blank\">December 11, 2025<\/a><\/p><\/blockquote>\n<p>\t\t\t\t\t\t                    <script async src=\"https:\/\/platform.twitter.com\/widgets.js\" charset=\"utf-8\"><\/script><\/p>\n","protected":false},"excerpt":{"rendered":"\u00c0 Punt ha decidido tomar medidas tras el fiasco en audiencias del programa de Toni Canto, &#8216;El Debat&#8217;,&hellip;\n","protected":false},"author":2,"featured_media":282822,"comment_status":"","ping_status":"","sticky":false,"template":"","format":"standard","meta":{"footnotes":""},"categories":[171],"tags":[146,147,25,24,23,214],"class_list":{"0":"post-282821","1":"post","2":"type-post","3":"status-publish","4":"format-standard","5":"has-post-thumbnail","7":"category-tv","8":"tag-entertainment","9":"tag-entretenimiento","10":"tag-es","11":"tag-espana","12":"tag-spain","13":"tag-tv"},"share_on_mastodon":{"url":"https:\/\/pubeurope.com\/@es\/115701012530130754","error":""},"_links":{"self":[{"href":"https:\/\/www.europesays.com\/es\/wp-json\/wp\/v2\/posts\/282821","targetHints":{"allow":["GET"]}}],"collection":[{"href":"https:\/\/www.europesays.com\/es\/wp-json\/wp\/v2\/posts"}],"about":[{"href":"https:\/\/www.europesays.com\/es\/wp-json\/wp\/v2\/types\/post"}],"author":[{"embeddable":true,"href":"https:\/\/www.europesays.com\/es\/wp-json\/wp\/v2\/users\/2"}],"replies":[{"embeddable":true,"href":"https:\/\/www.europesays.com\/es\/wp-json\/wp\/v2\/comments?post=282821"}],"version-history":[{"count":0,"href":"https:\/\/www.europesays.com\/es\/wp-json\/wp\/v2\/posts\/282821\/revisions"}],"wp:featuredmedia":[{"embeddable":true,"href":"https:\/\/www.europesays.com\/es\/wp-json\/wp\/v2\/media\/282822"}],"wp:attachment":[{"href":"https:\/\/www.europesays.com\/es\/wp-json\/wp\/v2\/media?parent=282821"}],"wp:term":[{"taxonomy":"category","embeddable":true,"href":"https:\/\/www.europesays.com\/es\/wp-json\/wp\/v2\/categories?post=282821"},{"taxonomy":"post_tag","embeddable":true,"href":"https:\/\/www.europesays.com\/es\/wp-json\/wp\/v2\/tags?post=282821"}],"curies":[{"name":"wp","href":"https:\/\/api.w.org\/{rel}","templated":true}]}}