{"id":282838,"date":"2025-12-11T12:57:21","date_gmt":"2025-12-11T12:57:21","guid":{"rendered":"https:\/\/www.europesays.com\/es\/282838\/"},"modified":"2025-12-11T12:57:21","modified_gmt":"2025-12-11T12:57:21","slug":"la-zona-de-bajas-emisiones-de-zaragoza-inicia-manana-viernes-12-de-diciembre-su-ultima-fase-de-implantacion-noticia-ayuntamiento-de-zaragoza","status":"publish","type":"post","link":"https:\/\/www.europesays.com\/es\/282838\/","title":{"rendered":"La Zona de Bajas Emisiones de Zaragoza inicia ma\u00f1ana viernes, 12 de diciembre, su \u00faltima fase de implantaci\u00f3n. Noticia. Ayuntamiento de Zaragoza"},"content":{"rendered":"<p>      Cuerpo de la noticia<\/p>\n<p>La Zona de Bajas Emisiones (ZBE) de Zaragoza inicia ma\u00f1ana viernes su cuarta y \u00faltima fase de de implantaci\u00f3n. A partir de este 12 de diciembre los veh\u00edculos a motor que no est\u00e9n autorizados a circular dentro del per\u00edmetro delimitado podr\u00edan ser objeto de denuncia por parte de la Polic\u00eda Local.<\/p>\n<p>Para poder acceder a la ZBE es necesario que el coche, furgoneta, moto o ciclomotor disponga del <a href=\"https:\/\/www.dgt.es\/nuestros-servicios\/tu-vehiculo\/tus-vehiculos\/distintivo-ambiental\/\" rel=\"nofollow noopener\" target=\"_blank\">Distintivo Ambiental de la DGT<\/a>. Los veh\u00edculos con derecho a tener dicha etiqueta deber\u00e1n exhibirla en su parabrisas delantero. Si no tiene posibilidad de conseguir el Distintivo, el veh\u00edculo en cuesti\u00f3n deber\u00e1 estar inscrito en el <a href=\"https:\/\/www.zaragoza.es\/sede\/servicio\/tramite\/42155\" rel=\"nofollow noopener\" target=\"_blank\">Registro habilitado<\/a> para ello, cumpliendo lo estipulado por la Ordenanza<\/p>\n<p>En dicho Registro pueden inscribirse todos aquellos veh\u00edculos (coches y motos) que no disponen del distintivo ambiental de la DGT y que, por motivos diversos -ser residentes, tener garaje a su nombre, disponer de garaje a su nombre, etc\u00e9tera- necesiten acceder y cumplan con los requisitos exigidos.<br \/>Tal y como se ha explicado a lo largo del \u00faltimo a\u00f1o, la creaci\u00f3n de una Zona de Bajas Emisiones es una medida a la que obliga la <a href=\"https:\/\/www.boe.es\/diario_boe\/txt.php?id=BOE-A-2021-8447\" rel=\"nofollow noopener\" target=\"_blank\">Ley 7\/2021, de 20 de mayo, de Cambio Clim\u00e1tico y Transici\u00f3n Energ\u00e9tica<\/a>. Dicha norma impone a los municipios de m\u00e1s de 50.000 habitantes la adopci\u00f3n de \u00abplanes de movilidad urbana sostenible, que deben introducir medidas de mitigaci\u00f3n para reducir las emisiones derivadas de la movilidad, incluyendo al menos el establecimiento de zonas de bajas emisiones\u00bb.<\/p>\n<p>La Zona de Bajas Emisiones de Zaragoza est\u00e1 delimitada por las calles San Vicente de Pa\u00fal, Coso, Mayoral y Echegaray y Caballero. En el interior de dicho per\u00edmetro ya exist\u00edan se\u00f1alizadas, desde hace a\u00f1os, calles de tr\u00e1fico restringido accesibles s\u00f3lo a residentes, badenes y otras excepciones.\u00a0<\/p>\n<p>Hace m\u00e1s de un a\u00f1o se inici\u00f3 la implantaci\u00f3n de la ZBE de Zaragoza, que en los primeros meses ha tenido \u00fanicamente efectos informativos y de vigilancia sin sanci\u00f3n econ\u00f3mica. Sin embargo, a partir del 12 de diciembre s\u00ed ser\u00e1 ya obligada su plena implantaci\u00f3n, lo que se traduce en la posibilidad de sanciones para aquellos veh\u00edculos que no est\u00e9n autorizados.<\/p>\n<p>Los veh\u00edculos que disponen de etiqueta ambiental de la DGT (en cualquiera de las modalidades, B, C, ECO O CERO) no tienen que registrarse y tendr\u00e1n libre acceso a la ZBE. Sin embargo, ser\u00e1 obligatorio exhibir el distintivo en un lugar visible (parabrisas delantero en el caso de los coches).<br \/>Para saber si el veh\u00edculo tiene derecho a etiqueta se puede consultar la <a href=\"https:\/\/www.dgt.es\/nuestros-servicios\/tu-vehiculo\/tus-vehiculos\/distintivo-ambiental\/\" rel=\"nofollow noopener\" target=\"_blank\">sede electr\u00f3nica de la DGT<\/a>. En esta web tambi\u00e9n se explica c\u00f3mo adquirir la etiqueta en el caso de no disponer de ella.<\/p>\n<p><img decoding=\"async\" alt=\"\" class=\"img-responsive\" src=\"https:\/\/www.europesays.com\/es\/wp-content\/uploads\/2025\/12\/zona1.jpg\" style=\"width: 800px; height: 487px;\"\/><\/p>\n<p><strong>QU\u00c9 VEH\u00cdCULOS ES NECESARIO REGISTRAR<\/strong><br \/>Respecto a los veh\u00edculos sin derecho a distintivo, ser\u00e1 necesario inscribirlos en el registro en el caso de que se quiera o necesiten circular por la ZBE dentro de sus horarios de aplicaci\u00f3n (de lunes a viernes, de 8,00 a 20,00 horas) y se cumplan determinados supuestos:<\/p>\n<p>&#8211; Veh\u00edculo Transporta Persona con Movilidad Reducida PMR y tiene la acreditaci\u00f3n correspondiente.<br \/>&#8211; Veh\u00edculo asociado a plaza de garaje dentro de la ZBE.<br \/>&#8211; Veh\u00edculo asignado a local con actividad comercial dentro de la ZBE.<br \/>&#8211; Veh\u00edculo con tarjeta de residente de estacionamiento regulado dentro de la ZBE.<br \/>&#8211; Veh\u00edculos de Servicios de Emergencia y Esenciales. (Servicios m\u00e9dicos, Ambulancias, Gr\u00faa Municipal, funeraria, protecci\u00f3n civil y salvamento, bomberos, polic\u00eda y cuerpos y fuerzas de seguridad del estado y militares, limpieza p\u00fablica, alumbrado, sem\u00e1foros y obra p\u00fablica o Servicios p\u00fablicos esenciales.<br \/>&#8211; Veh\u00edculos de matr\u00edcula extranjera.<br \/>&#8211; Veh\u00edculos que transportan personas enfermas (tambi\u00e9n de manera debidamente justificada).<br \/>&#8211; Veh\u00edculos que accedan a estacionamientos p\u00fablicos con sistema de control de acceso conectado.<br \/>&#8211; Veh\u00edculos que accedan a reservas de hoteles con sistema de control de acceso conectado.<br \/>&#8211; Veh\u00edculos de servicio singular. (Autoescuelas, blindados, emisoras de radio o televisi\u00f3n, talleres o laboratorios, bibliotecas volantes, tiendas volantes, gr\u00faas de arrastre, gr\u00faas de elevaci\u00f3n, hormigoneras, veh\u00edculos para ferias, riego asf\u00e1ltico, pinta-l\u00edneas, quitanieves\u2026)<br \/>&#8211; Taxis adaptados<br \/>&#8211; Veh\u00edculos hist\u00f3ricos.<br \/>&#8211; Veh\u00edculos de titulares de plazas de estacionamiento municipales para residentes dentro de la ZBE de Zaragoza<\/p>\n<p>Adem\u00e1s est\u00e1 prevista la posibilidad de solicitar hasta 8 accesos al mes para veh\u00edculos sin etiqueta ambiental y que no entren en ninguno de los supuestos anteriores.<\/p>\n<p><strong>**** Desde hace meses est\u00e1 disponible en la sede electr\u00f3nica municipal un <a href=\"https:\/\/www.zaragoza.es\/sede\/portal\/movilidad\/bajas-emisiones\/faq\" rel=\"nofollow noopener\" target=\"_blank\">apartado de \u00abPreguntas frecuentes\u00bb<\/a> donde se explican con detalle las diferentes casu\u00edsticas.****\u00a0<\/strong><\/p>\n<p><strong>REGISTRO TELEM\u00c1TICO O PRESENCIAL<\/strong><br \/>Para quienes no hayan inscrito todav\u00eda su veh\u00edculo (y necesiten hacerlo) se recomienda registrarlo a trav\u00e9s de la web municipal, donde est\u00e1n disponibles todas las instrucciones necesarias. Tambi\u00e9n es posible hacerlo de manera presencial, presentando la documentaci\u00f3n f\u00edsicamente en el Registro General del Ayuntamiento. Mientras que haciendo la inscripci\u00f3n de manera telem\u00e1tica la autorizaci\u00f3n es inmediata, si se hace en papel la persona interesada deber\u00e1 esperar a recibir respuesta por escrito.<\/p>\n<p>El r\u00e9gimen sancionador se activa el 12 de diciembre. Este control se realizar\u00e1 inicialmente por la Polic\u00eda Local, aunque est\u00e1 previsto que, una vez se adjudique el nuevo contrato de Estacionamiento Regulado, la empresa adjudicataria implante un sistema de vigilancia con c\u00e1maras que leer\u00e1n las matr\u00edculas de los veh\u00edculos y detectar\u00e1n autom\u00e1ticamente si tienen o no etiqueta ambiental y, caso de no tenerla, si est\u00e1n inscritos en el registro municipal.<\/p>\n","protected":false},"excerpt":{"rendered":"Cuerpo de la noticia La Zona de Bajas Emisiones (ZBE) de Zaragoza inicia ma\u00f1ana viernes su cuarta y&hellip;\n","protected":false},"author":2,"featured_media":282839,"comment_status":"","ping_status":"","sticky":false,"template":"","format":"standard","meta":{"footnotes":""},"categories":[5],"tags":[17,18,25,24,13,14,11,19,20,9,10,15,16,23,12,21,22],"class_list":{"0":"post-282838","1":"post","2":"type-post","3":"status-publish","4":"format-standard","5":"has-post-thumbnail","7":"category-titulares","8":"tag-breaking-news","9":"tag-breakingnews","10":"tag-es","11":"tag-espana","12":"tag-featured-news","13":"tag-featurednews","14":"tag-headlines","15":"tag-latest-news","16":"tag-latestnews","17":"tag-news","18":"tag-noticias","19":"tag-noticias-destacadas","20":"tag-noticiasdestacadas","21":"tag-spain","22":"tag-titulares","23":"tag-ultimas-noticias","24":"tag-ultimasnoticias"},"share_on_mastodon":{"url":"https:\/\/pubeurope.com\/@es\/115701052209898722","error":""},"_links":{"self":[{"href":"https:\/\/www.europesays.com\/es\/wp-json\/wp\/v2\/posts\/282838","targetHints":{"allow":["GET"]}}],"collection":[{"href":"https:\/\/www.europesays.com\/es\/wp-json\/wp\/v2\/posts"}],"about":[{"href":"https:\/\/www.europesays.com\/es\/wp-json\/wp\/v2\/types\/post"}],"author":[{"embeddable":true,"href":"https:\/\/www.europesays.com\/es\/wp-json\/wp\/v2\/users\/2"}],"replies":[{"embeddable":true,"href":"https:\/\/www.europesays.com\/es\/wp-json\/wp\/v2\/comments?post=282838"}],"version-history":[{"count":0,"href":"https:\/\/www.europesays.com\/es\/wp-json\/wp\/v2\/posts\/282838\/revisions"}],"wp:featuredmedia":[{"embeddable":true,"href":"https:\/\/www.europesays.com\/es\/wp-json\/wp\/v2\/media\/282839"}],"wp:attachment":[{"href":"https:\/\/www.europesays.com\/es\/wp-json\/wp\/v2\/media?parent=282838"}],"wp:term":[{"taxonomy":"category","embeddable":true,"href":"https:\/\/www.europesays.com\/es\/wp-json\/wp\/v2\/categories?post=282838"},{"taxonomy":"post_tag","embeddable":true,"href":"https:\/\/www.europesays.com\/es\/wp-json\/wp\/v2\/tags?post=282838"}],"curies":[{"name":"wp","href":"https:\/\/api.w.org\/{rel}","templated":true}]}}