{"id":282856,"date":"2025-12-11T13:11:08","date_gmt":"2025-12-11T13:11:08","guid":{"rendered":"https:\/\/www.europesays.com\/es\/282856\/"},"modified":"2025-12-11T13:11:08","modified_gmt":"2025-12-11T13:11:08","slug":"robbie-williams-encabeza-las-primeras-confirmaciones-del-bilbao-bbk-live-2026-que-celebra-su-20o-aniversario-ocio-y-cultura","status":"publish","type":"post","link":"https:\/\/www.europesays.com\/es\/282856\/","title":{"rendered":"Robbie Williams encabeza las primeras confirmaciones del Bilbao BBK Live 2026, que celebra su 20\u00ba aniversario | Ocio y cultura"},"content":{"rendered":"<p>El Bilbao BBK Live ha activado ya su maquinaria para celebrar por todo lo alto su 20\u00ba aniversario en julio de 2026, y lo hace con unas primeras confirmaciones que apuntan a una de las ediciones m\u00e1s potentes de su historia. La organizaci\u00f3n ha desvelado hoy el primer avance del cartel, en el que brilla con luz propia un nombre que promete atraer a miles de fans: Robbie Williams, uno de los artistas pop m\u00e1s influyentes y carism\u00e1ticos de las \u00faltimas tres d\u00e9cadas.<\/p>\n<p>La imagen promocional, publicada junto al tradicional lobo de Kobetamendi, confirma una bater\u00eda de artistas internacionales de primer nivel que consolidan al festival bilba\u00edno como una de las grandes citas musicales de Europa.<\/p>\n<p>Robbie Williams, el gran reclamo del BBK Live 2026<\/p>\n<p>La presencia de Robbie Williams es, sin duda, la gran sorpresa de este primer anuncio. El brit\u00e1nico regresar\u00e1 a Bizkaia con su energ\u00eda inagotable y un repertorio de hits que han marcado generaciones, desde Angels hasta Let Me Entertain You o Rock DJ. Su inclusi\u00f3n en el 20\u00ba aniversario convierte esta edici\u00f3n en una cita hist\u00f3rica para el festival.<\/p>\n<p>Un cartel diverso con gigantes del indie, la electr\u00f3nica y el pop<\/p>\n<p>Junto a Williams, el Bilbao BBK Live 2026 incorpora nombres de enorme peso internacional:<\/p>\n<ul>\n<li>Alabama Shakes, una de las bandas de soul-rock m\u00e1s respetadas.<\/li>\n<li>Interpol, iconos del post-punk revival y habituales en grandes escenarios europeos.<\/li>\n<li>IDLES, referencia absoluta del punk contempor\u00e1neo.<\/li>\n<li>David Byrne, fundador de Talking Heads y uno de los artistas m\u00e1s innovadores del panorama musical.<\/li>\n<li>Charlotte de Witte, reina mundial del techno.<\/li>\n<li>Lily Allen, que presentar\u00e1 West End Girl.<\/li>\n<li>Richie Hawtin DEX EFX X0X, uno de los grandes referentes del techno experimental.<\/li>\n<\/ul>\n<p>A ellos se suman propuestas como Belle and Sebastian, CMAT, Bel\u00e9n Aguilera, Dani Fern\u00e1ndez, La M.O.D.A., Ralphie Choo, ZAZ, Soulwax, Depresi\u00f3n Sonora, Thee Sacred Souls, Queralt Lahoz, Juicy Bae, Horsegiirl y una extensa lista de artistas estatales e internacionales que aparecer\u00e1n en Kobetamendi los d\u00edas del festival.<\/p>\n<p>Preventa abierta para una edici\u00f3n llamada a batir r\u00e9cords<\/p>\n<p>Tras hacerse p\u00fablico el primer avance, la organizaci\u00f3n ha anunciado que la preventa de entradas ya est\u00e1 activa, una oportunidad clave para quienes quieran asegurarse su presencia en una edici\u00f3n que se prev\u00e9 muy demandada debido al aniversario y al nivel del cartel.<\/p>\n<p>Un 20\u00ba aniversario que mira a lo grande<\/p>\n<p>El festival, consolidado como uno de los eventos culturales m\u00e1s importantes del verano europeo, celebra su vig\u00e9simo cumplea\u00f1os con un cartel que mezcla estrellas globales, bandas de culto y figuras emergentes. Con Robbie Williams liderando el avance, el Bilbao BBK Live 2026 apunta a convertirse en una de las ediciones m\u00e1s potentes de su historia.<\/p>\n","protected":false},"excerpt":{"rendered":"El Bilbao BBK Live ha activado ya su maquinaria para celebrar por todo lo alto su 20\u00ba aniversario&hellip;\n","protected":false},"author":2,"featured_media":282857,"comment_status":"","ping_status":"","sticky":false,"template":"","format":"standard","meta":{"footnotes":""},"categories":[170],"tags":[146,147,25,24,184,185,23],"class_list":{"0":"post-282856","1":"post","2":"type-post","3":"status-publish","4":"format-standard","5":"has-post-thumbnail","7":"category-musica","8":"tag-entertainment","9":"tag-entretenimiento","10":"tag-es","11":"tag-espana","12":"tag-music","13":"tag-musica","14":"tag-spain"},"share_on_mastodon":{"url":"https:\/\/pubeurope.com\/@es\/115701107035709732","error":""},"_links":{"self":[{"href":"https:\/\/www.europesays.com\/es\/wp-json\/wp\/v2\/posts\/282856","targetHints":{"allow":["GET"]}}],"collection":[{"href":"https:\/\/www.europesays.com\/es\/wp-json\/wp\/v2\/posts"}],"about":[{"href":"https:\/\/www.europesays.com\/es\/wp-json\/wp\/v2\/types\/post"}],"author":[{"embeddable":true,"href":"https:\/\/www.europesays.com\/es\/wp-json\/wp\/v2\/users\/2"}],"replies":[{"embeddable":true,"href":"https:\/\/www.europesays.com\/es\/wp-json\/wp\/v2\/comments?post=282856"}],"version-history":[{"count":0,"href":"https:\/\/www.europesays.com\/es\/wp-json\/wp\/v2\/posts\/282856\/revisions"}],"wp:featuredmedia":[{"embeddable":true,"href":"https:\/\/www.europesays.com\/es\/wp-json\/wp\/v2\/media\/282857"}],"wp:attachment":[{"href":"https:\/\/www.europesays.com\/es\/wp-json\/wp\/v2\/media?parent=282856"}],"wp:term":[{"taxonomy":"category","embeddable":true,"href":"https:\/\/www.europesays.com\/es\/wp-json\/wp\/v2\/categories?post=282856"},{"taxonomy":"post_tag","embeddable":true,"href":"https:\/\/www.europesays.com\/es\/wp-json\/wp\/v2\/tags?post=282856"}],"curies":[{"name":"wp","href":"https:\/\/api.w.org\/{rel}","templated":true}]}}