{"id":283008,"date":"2025-12-11T15:00:13","date_gmt":"2025-12-11T15:00:13","guid":{"rendered":"https:\/\/www.europesays.com\/es\/283008\/"},"modified":"2025-12-11T15:00:13","modified_gmt":"2025-12-11T15:00:13","slug":"listados-definitivos-kdtinf-2026-areas-deportivas-selecciones-selecciones-autonomicas","status":"publish","type":"post","link":"https:\/\/www.europesays.com\/es\/283008\/","title":{"rendered":"Listados definitivos KDTINF 2026 &#8211; \u00c1REAS DEPORTIVAS &#8211; SELECCIONES &#8211; SELECCIONES AUTON\u00d3MICAS"},"content":{"rendered":"<p>&#13;<br \/>\n                        <strong>&#13;<br \/>\n                            Este fin de semana, adem\u00e1s, tendr\u00e1n doble sesi\u00f3n de trabajo (entrenamiento + partido) el domingo&#13;<br \/>\n                        <\/strong>&#13;\n                    <\/p>\n<p style=\"text-align: justify;\">Los combinados Infantiles y Cadetes de la Regi\u00f3n de Murcia han definido sus rosters de cara al Campeonato de Espa\u00f1a de Selecciones Auton\u00f3micas de la categor\u00eda (KDTINF), que tendr\u00e1 lugar del 3 al 7 de enero de 2026 en Zaragoza. En este link se pueden consultar <a href=\"https:\/\/www.fbrm.org\/noticia-42-3281\/calendario-de-competici%C3%B3n-del-kdtinf-2026-de-zaragoza\" target=\"_blank\" rel=\"nofollow noopener\">los horarios definitivos<\/a>, y <a href=\"https:\/\/www.fbrm.org\/noticia-14-3284\/cuatro-colegiados-murcianos-estar%C3%A1n-en-el-kdtinf-2026-de-zaragoza\" target=\"_blank\" rel=\"nofollow noopener\">los cuatro colegiados del CMAAB<\/a> que asistir\u00e1n a la cita.<\/p>\n<p style=\"text-align: justify;\">Una vez conocidos los doce jugadores infantiles y cadetes, y las doce jugadoras infantiles y cadetes, este domingo 14 de diciembre tendr\u00e1n sesi\u00f3n de entrenamiento + partido en San Javier. A las 9:30 arrancar\u00e1 el entrenamiento de la Infantil Masculina, dando paso a las 11:00 al de la Infantil Femenina y a las 12:30 el de la Cadete Femenina. Todo ello, en el Pabell\u00f3n del IES Ruiz de Alda. Por su parte, el entrenamiento de la Cadete Masculina ser\u00e1 en el Pabell\u00f3n Auxiliar de San Javier a partir de las 12:00 horas.<\/p>\n<p style=\"text-align: justify;\">Tras la comida (13:30 para los combinados infantiles y 14:00 para las Selecciones Auton\u00f3micas cadetes), tendr\u00e1 lugar los partidos para los combinados masculinos. La Infantil Femenina entrenar\u00e1 en el Pabell\u00f3n del IES Ruiz de Alda de\u00a016:00 a 17:30;\u00a0en el Pabell\u00f3n Auxiliar de San Javier, a las 16:30, ser\u00e1 el turno para la Infantil Masculina, que se enfrentar\u00e1 al CD Murcia Baloncesto Junior Masculino. A partir de las 17:30 entrenar\u00e1 la Cadete Femenina en el IES Ruiz de Alda hasta las 19:00, y a las 18:30 ser\u00e1 el turno de la Cadete Masculina en el Pabell\u00f3n Auxiliar, jugando ante AD Infante Junior Masculino.<\/p>\n<p style=\"text-align: justify;\">En el apartado \u00abDocumentos\u00bb se puede descargar los listados definitivos de doce jugadores\/as por cada plantilla. Desde la Federaci\u00f3n de Baloncesto de la Regi\u00f3n de Murcia queremos dar las gracias y reconocer el esfuerzo de todos los jugadores y todas las jugadoras que han participado, desde el inicio de temporada, en la preparaci\u00f3n para este campeonato.<\/p>\n","protected":false},"excerpt":{"rendered":"&#13; &#13; Este fin de semana, adem\u00e1s, tendr\u00e1n doble sesi\u00f3n de trabajo (entrenamiento + partido) el domingo&#13; &#13;&hellip;\n","protected":false},"author":2,"featured_media":283009,"comment_status":"","ping_status":"","sticky":false,"template":"","format":"standard","meta":{"footnotes":""},"categories":[269],"tags":[3076,21771,39700,299,298,3008,67714,168,15900,25,24,2500,68448,1783,68447,1478,6192,19022,23,167],"class_list":{"0":"post-283008","1":"post","2":"type-post","3":"status-publish","4":"format-standard","5":"has-post-thumbnail","7":"category-baloncesto","8":"tag-3076","9":"tag-areas","10":"tag-autonomicas","11":"tag-baloncesto","12":"tag-basketball","13":"tag-de","14":"tag-definitivos","15":"tag-deportes","16":"tag-deportivas","17":"tag-es","18":"tag-espana","19":"tag-federacion","20":"tag-kdtinf","21":"tag-la","22":"tag-listados","23":"tag-murcia","24":"tag-region","25":"tag-selecciones","26":"tag-spain","27":"tag-sports"},"share_on_mastodon":{"url":"https:\/\/pubeurope.com\/@es\/115701535625779230","error":""},"_links":{"self":[{"href":"https:\/\/www.europesays.com\/es\/wp-json\/wp\/v2\/posts\/283008","targetHints":{"allow":["GET"]}}],"collection":[{"href":"https:\/\/www.europesays.com\/es\/wp-json\/wp\/v2\/posts"}],"about":[{"href":"https:\/\/www.europesays.com\/es\/wp-json\/wp\/v2\/types\/post"}],"author":[{"embeddable":true,"href":"https:\/\/www.europesays.com\/es\/wp-json\/wp\/v2\/users\/2"}],"replies":[{"embeddable":true,"href":"https:\/\/www.europesays.com\/es\/wp-json\/wp\/v2\/comments?post=283008"}],"version-history":[{"count":0,"href":"https:\/\/www.europesays.com\/es\/wp-json\/wp\/v2\/posts\/283008\/revisions"}],"wp:featuredmedia":[{"embeddable":true,"href":"https:\/\/www.europesays.com\/es\/wp-json\/wp\/v2\/media\/283009"}],"wp:attachment":[{"href":"https:\/\/www.europesays.com\/es\/wp-json\/wp\/v2\/media?parent=283008"}],"wp:term":[{"taxonomy":"category","embeddable":true,"href":"https:\/\/www.europesays.com\/es\/wp-json\/wp\/v2\/categories?post=283008"},{"taxonomy":"post_tag","embeddable":true,"href":"https:\/\/www.europesays.com\/es\/wp-json\/wp\/v2\/tags?post=283008"}],"curies":[{"name":"wp","href":"https:\/\/api.w.org\/{rel}","templated":true}]}}