{"id":283016,"date":"2025-12-11T15:05:14","date_gmt":"2025-12-11T15:05:14","guid":{"rendered":"https:\/\/www.europesays.com\/es\/283016\/"},"modified":"2025-12-11T15:05:14","modified_gmt":"2025-12-11T15:05:14","slug":"telecinco-anuncia-el-estreno-de-got-talent-11-con-promo-de-altura-para-una-edicion-con-dos-caras-nuevas","status":"publish","type":"post","link":"https:\/\/www.europesays.com\/es\/283016\/","title":{"rendered":"Telecinco anuncia el estreno de &#8216;Got Talent 11&#8217; con promo de altura para una edici\u00f3n con dos caras nuevas"},"content":{"rendered":"<p><strong>Telecinco ha arrancado la campa\u00f1a de promoci\u00f3n de la und\u00e9cima temporada de &#8216;Got Talent&#8217;<\/strong>. El concurso multidisciplinar presentado por Santi Mill\u00e1n ser\u00e1 una de las grandes apuestas del canal de Mediaset de cara al primer trimestre del 2026. Su estreno se anuncia para \u00abmuy pronto\u00bb, previsiblemente se fechar\u00e1 justo despu\u00e9s de las fiestas navide\u00f1as. <\/p>\n<p>En una <strong>promo bastante trabajada que cumple con el prop\u00f3sito de llamar la atenci\u00f3n<\/strong> aparecen posibles participantes de la nueva edici\u00f3n haciendo diversos n\u00fameros e inscripciones sobreimpresionadas en la imagen en las que se puede leer: \u00ab<strong>Tengo las ganas, tengo la pasi\u00f3n, tengo el fuego, tengo el miedo, lo tengo todo<\/strong>\u00ab.<\/p>\n<p>\u00abVuelve la emoci\u00f3n, vuelve el talento, vuelven los pases de oro\u00bb, a\u00f1ade en redes sociales el perfil oficial de &#8216;Got Talent&#8217; ante un primer spot en el que no se muestra por ahora al nuevo jurado que formar\u00e1 parte de esta temporada. Recordemos que solo Risto Mejide y Paula Echevarr\u00eda se mantienen como jueces, siendo el publicista el rostro m\u00e1s veterano. <\/p>\n<p>En cambio, Florentino Fern\u00e1ndez y Tamara Falc\u00f3 han sido relevados tras solo una edici\u00f3n. La silla del c\u00f3mico ser\u00e1 ocupada por el tambi\u00e9n humorista e imitador Carlos Latre y el puesto de la marquesa de Gri\u00f1\u00f3n ser\u00e1 para la presentadora y colaboradora Lorena Castell. Dos caras nuevas que pretenden conferir aires de renovaci\u00f3n al formato.<\/p>\n<p>Adem\u00e1s, hay que destacar que &#8216;Got Talent 11&#8217; <a href=\"https:\/\/eltelevisero.huffingtonpost.es\/2025\/10\/risto-mejide-anuncia-su-marcha-de-got-talent-y-explica-en-un-comunicado-su-retirada-como-jurado-tras-20-anos\/\" data-type=\"link\" data-id=\"https:\/\/eltelevisero.huffingtonpost.es\/2025\/10\/risto-mejide-anuncia-su-marcha-de-got-talent-y-explica-en-un-comunicado-su-retirada-como-jurado-tras-20-anos\/\" rel=\"nofollow noopener\" target=\"_blank\">es la \u00faltima temporada para Risto Mejide<\/a>, que ya anunci\u00f3 durante las grabaciones no solo su retirada de este programa, sino tambi\u00e9n su adi\u00f3s a su labor como jurado en televisi\u00f3n. Una funci\u00f3n que viene desempe\u00f1ando desde hace casi dos d\u00e9cadas.<\/p>\n<p>\u00abMe he cansado de juzgar, es algo cansino. Es una decisi\u00f3n que he tomado ya. He firmado para la pr\u00f3xima edici\u00f3n de &#8216;Got Talent&#8217;, pero ya no voy a firmar m\u00e1s. Mi \u00e9poca como jurado ya pas\u00f3\u00bb, adelant\u00f3 Risto hace poco m\u00e1s de un a\u00f1o, asegurando que quer\u00eda cambiar el rumbo de su carrera profesional. <\/p>\n<p>\u00abEstos d\u00edas me encuentro grabando mi \u00faltimo baile como jurado de talent shows. Habr\u00e1n sido 20 a\u00f1os valorando m\u00e1s de 4.500 actuaciones en pr\u00e1cticamente todos los formatos que se han emitido en nuestro pa\u00eds. Est\u00e1 siendo muy pero que muy emotivo\u00bb, reconoci\u00f3 hace unos meses durante el rodaje. \u00abY me alegro que la despedida sea en &#8216;Got Talent&#8217;, el mejor programa de talentos de la televisi\u00f3n\u00bb, sentenci\u00f3.<\/p>\n","protected":false},"excerpt":{"rendered":"Telecinco ha arrancado la campa\u00f1a de promoci\u00f3n de la und\u00e9cima temporada de &#8216;Got Talent&#8217;. El concurso multidisciplinar presentado&hellip;\n","protected":false},"author":2,"featured_media":283017,"comment_status":"","ping_status":"","sticky":false,"template":"","format":"standard","meta":{"footnotes":""},"categories":[171],"tags":[146,147,25,24,23,214],"class_list":{"0":"post-283016","1":"post","2":"type-post","3":"status-publish","4":"format-standard","5":"has-post-thumbnail","7":"category-tv","8":"tag-entertainment","9":"tag-entretenimiento","10":"tag-es","11":"tag-espana","12":"tag-spain","13":"tag-tv"},"share_on_mastodon":{"url":"https:\/\/pubeurope.com\/@es\/115701555316966357","error":""},"_links":{"self":[{"href":"https:\/\/www.europesays.com\/es\/wp-json\/wp\/v2\/posts\/283016","targetHints":{"allow":["GET"]}}],"collection":[{"href":"https:\/\/www.europesays.com\/es\/wp-json\/wp\/v2\/posts"}],"about":[{"href":"https:\/\/www.europesays.com\/es\/wp-json\/wp\/v2\/types\/post"}],"author":[{"embeddable":true,"href":"https:\/\/www.europesays.com\/es\/wp-json\/wp\/v2\/users\/2"}],"replies":[{"embeddable":true,"href":"https:\/\/www.europesays.com\/es\/wp-json\/wp\/v2\/comments?post=283016"}],"version-history":[{"count":0,"href":"https:\/\/www.europesays.com\/es\/wp-json\/wp\/v2\/posts\/283016\/revisions"}],"wp:featuredmedia":[{"embeddable":true,"href":"https:\/\/www.europesays.com\/es\/wp-json\/wp\/v2\/media\/283017"}],"wp:attachment":[{"href":"https:\/\/www.europesays.com\/es\/wp-json\/wp\/v2\/media?parent=283016"}],"wp:term":[{"taxonomy":"category","embeddable":true,"href":"https:\/\/www.europesays.com\/es\/wp-json\/wp\/v2\/categories?post=283016"},{"taxonomy":"post_tag","embeddable":true,"href":"https:\/\/www.europesays.com\/es\/wp-json\/wp\/v2\/tags?post=283016"}],"curies":[{"name":"wp","href":"https:\/\/api.w.org\/{rel}","templated":true}]}}