{"id":283037,"date":"2025-12-11T15:20:13","date_gmt":"2025-12-11T15:20:13","guid":{"rendered":"https:\/\/www.europesays.com\/es\/283037\/"},"modified":"2025-12-11T15:20:13","modified_gmt":"2025-12-11T15:20:13","slug":"carlos-moya-socio-de-honor-de-la-sd-ibiza","status":"publish","type":"post","link":"https:\/\/www.europesays.com\/es\/283037\/","title":{"rendered":"Carlos Moy\u00e0, socio de honor de la SD Ibiza"},"content":{"rendered":"<p class=\"ft-text\"><strong>Carlos Moy\u00e0 <\/strong>es uno de los mejores tenistas espa\u00f1oles de la historia. Adem\u00e1s de ser una de las grandes figuras de nuestro tenis, el exdeportista palmesano, ganador de <a class=\"ft-link ft-link--decoration\" href=\"https:\/\/www.diariodeibiza.es\/ibiza\/2025\/06\/10\/carlos-alcaraz-relaja-ibiza-ganar-118470715.html\" target=\"_blank\" rel=\"nofollow noopener\">Roland Garros<\/a> de 1998, tambi\u00e9n es aficionado al f\u00fatbol y siente una especial predilecci\u00f3n por Ibiza. Fruto de esta conexi\u00f3n, el vencedor de tres Masters 1000 se ha declarado seguidor de la<strong> SD Ibiza<\/strong>. Prueba de ello es su fotograf\u00eda posando con la primera equipaci\u00f3n oficial del cuadro rojillo.<\/p>\n<p class=\"ft-text\">El presidente de la entidad ibicenca, <strong>Vicente L\u00f3pez,<\/strong> ha confirmado que \u00aba partir de ahora, Carlos Moy\u00e0 es<strong> socio de honor del club<\/strong>\u00ab. Y agrega: \u00abEs una persona que apoya al club\u00bb.<\/p>\n<p class=\"ft-text\">L\u00f3pez explica que \u00abla camiseta de Sa Deportiva llega a manos de Moy\u00e0 porque se la entreg\u00f3 personalmente un aficionado\u00bb. El emblem\u00e1tico tenista, que lleg\u00f3 a ser n\u00famero uno del mundo en el r\u00e1nking ATP masculino en 1999, recibi\u00f3 el regalo con buen agrado, seg\u00fan ha reconocido el presidente rojillo: \u00abNo ha dudado ni un momento en posar con la camiseta. Es seguidor nuestro\u00bb.<\/p>\n<p class=\"ft-text\">Adem\u00e1s, L\u00f3pez ha indicado que \u201cest\u00e1 previsto que dentro de poco Carlos acuda a un partido de la SD Ibiza\u201d. Sin embargo, no ha concretado la fecha de lo que ser\u00eda una visita de lujo al Estadi Municipal de Sant Rafel, escenario en el que ha jugado recientemente el equipo de Ra\u00fal Casa\u00f1 debido a las obras en su campo habitual, el Estadi S\u00e1nchez y Vivancos.<\/p>\n<p class=\"ft-text\">El v\u00ednculo entre Moy\u00e0 y la SD Ibiza empieza coincidiendo con el mejor momento de la temporada 2025-2026 para el equipo afincado en Can Misses. El conjunto pitiuso, que milita en el grupo 3 de Segunda RFEF, se encuentra fuera de los puestos de descenso y suma cuatro partidos consecutivos de Liga sin recibir un gol y sin conocer la derrota. De esos cuatro duelos, tres se han saldado con triunfo.<\/p>\n","protected":false},"excerpt":{"rendered":"Carlos Moy\u00e0 es uno de los mejores tenistas espa\u00f1oles de la historia. Adem\u00e1s de ser una de las&hellip;\n","protected":false},"author":2,"featured_media":283038,"comment_status":"","ping_status":"","sticky":false,"template":"","format":"standard","meta":{"footnotes":""},"categories":[274],"tags":[415,168,25,24,9228,18721,7365,68451,20634,6968,23,167,327,326],"class_list":{"0":"post-283037","1":"post","2":"type-post","3":"status-publish","4":"format-standard","5":"has-post-thumbnail","7":"category-tenis","8":"tag-carlos","9":"tag-deportes","10":"tag-es","11":"tag-espana","12":"tag-honor","13":"tag-moya","14":"tag-sd","15":"tag-sd-ibiza","16":"tag-segunda-rfef","17":"tag-socio","18":"tag-spain","19":"tag-sports","20":"tag-tenis","21":"tag-tennis"},"share_on_mastodon":{"url":"https:\/\/pubeurope.com\/@es\/115701614356801740","error":""},"_links":{"self":[{"href":"https:\/\/www.europesays.com\/es\/wp-json\/wp\/v2\/posts\/283037","targetHints":{"allow":["GET"]}}],"collection":[{"href":"https:\/\/www.europesays.com\/es\/wp-json\/wp\/v2\/posts"}],"about":[{"href":"https:\/\/www.europesays.com\/es\/wp-json\/wp\/v2\/types\/post"}],"author":[{"embeddable":true,"href":"https:\/\/www.europesays.com\/es\/wp-json\/wp\/v2\/users\/2"}],"replies":[{"embeddable":true,"href":"https:\/\/www.europesays.com\/es\/wp-json\/wp\/v2\/comments?post=283037"}],"version-history":[{"count":0,"href":"https:\/\/www.europesays.com\/es\/wp-json\/wp\/v2\/posts\/283037\/revisions"}],"wp:featuredmedia":[{"embeddable":true,"href":"https:\/\/www.europesays.com\/es\/wp-json\/wp\/v2\/media\/283038"}],"wp:attachment":[{"href":"https:\/\/www.europesays.com\/es\/wp-json\/wp\/v2\/media?parent=283037"}],"wp:term":[{"taxonomy":"category","embeddable":true,"href":"https:\/\/www.europesays.com\/es\/wp-json\/wp\/v2\/categories?post=283037"},{"taxonomy":"post_tag","embeddable":true,"href":"https:\/\/www.europesays.com\/es\/wp-json\/wp\/v2\/tags?post=283037"}],"curies":[{"name":"wp","href":"https:\/\/api.w.org\/{rel}","templated":true}]}}