{"id":283093,"date":"2025-12-11T16:02:12","date_gmt":"2025-12-11T16:02:12","guid":{"rendered":"https:\/\/www.europesays.com\/es\/283093\/"},"modified":"2025-12-11T16:02:12","modified_gmt":"2025-12-11T16:02:12","slug":"la-udef-registra-la-sede-de-la-aerolinea-plus-ultra-y-detiene-al-dueno-y-consejero-delegado-de-la-compania-espana","status":"publish","type":"post","link":"https:\/\/www.europesays.com\/es\/283093\/","title":{"rendered":"La UDEF registra la sede de la aerol\u00ednea Plus Ultra y detiene al due\u00f1o y consejero delegado de la compa\u00f1\u00eda | Espa\u00f1a"},"content":{"rendered":"<p class=\"\">La Unidad de Delincuencia Econ\u00f3mica y Fiscal (UDEF) de la Polic\u00eda Nacional registra este jueves la sede de la compa\u00f1\u00eda a\u00e9rea Plus Ultra en Madrid en una operaci\u00f3n que investiga un presunto blanqueo de capitales, seg\u00fan confirman fuentes jur\u00eddicas. La compa\u00f1\u00eda fue rescatada por la Sociedad Estatal de Participaciones Industriales (SEPI) en 2021 con 53 millones de euros. La investigaci\u00f3n, que permanece secreta, corre a cargo del Juzgado de Instrucci\u00f3n n\u00famero 15 de Madrid y los agentes han detenido el presidente de la compa\u00f1\u00eda, Julio Mart\u00ednez, y a su consejero delegado, Roberto Roselli.<\/p>\n<p class=\"\">Esta causa tiene dos precedentes. Por un lado, en noviembre de 2022 <a href=\"https:\/\/elpais.com\/economia\/2022-11-25\/una-sentencia-de-la-audiencia-de-madrid-aboca-al-sobreseimiento-del-caso-plus-ultra.html\" target=\"_self\" rel=\"nofollow noopener\" title=\"https:\/\/elpais.com\/economia\/2022-11-25\/una-sentencia-de-la-audiencia-de-madrid-aboca-al-sobreseimiento-del-caso-plus-ultra.html\"> la Audiencia Provincial de Madrid<\/a> acogi\u00f3 los argumentos de la aerol\u00ednea Plus Ultra, que hab\u00eda recurrido la imputaci\u00f3n de la compa\u00f1\u00eda alegando que se hab\u00eda vencido el plazo de 12 meses que establece la ley para acordar esta imputaci\u00f3n desde que se inicia la instrucci\u00f3n del caso. Los magistrados le dieron la raz\u00f3n, explicaron que en \u201cun proceso con todas las garant\u00edas\u201d no pod\u00eda citarse ya a la compa\u00f1\u00eda y abocaron la causa al archivo. <\/p>\n<p class=\"\">La magistrada Esperanza Collazos hab\u00eda olvidado este tr\u00e1mite y llam\u00f3 a declarar a la aerol\u00ednea, primero en una fecha en mayo y posteriormente en junio de ese a\u00f1o. Pero la comparecencia nunca lleg\u00f3 a producirse. \u201cLa expiraci\u00f3n del plazo conlleva la inviabilidad de incorporar el material instructorio\u201d, indic\u00f3 la Audiencia madrile\u00f1a. E<a href=\"https:\/\/elpais.com\/economia\/2023-01-09\/la-jueza-archiva-el-caso-por-el-rescate-de-plus-ultra.html\" target=\"_self\" rel=\"nofollow noopener\" title=\"https:\/\/elpais.com\/economia\/2023-01-09\/la-jueza-archiva-el-caso-por-el-rescate-de-plus-ultra.html\">n enero de 2023 la juez dict\u00f3 el sobreseimiento provisional. <\/a><\/p>\n<p><img decoding=\"auto\" class=\"_re lazyload a_m-h\" height=\"276\"  width=\"414\"  src=\"https:\/\/www.europesays.com\/es\/wp-content\/uploads\/2025\/12\/TR2JPEC7TVBM3OEA2JDXK3ZO5U.jpg\" loading=\"lazy\"\/>Un avi\u00f3n de la compa\u00f1\u00eda a\u00e9rea Plus Ultra, en el aeropuerto de Barcelona en 2023.NurPhoto (NurPhoto via Getty Images)<\/p>\n<p class=\"\">En aquella investigaci\u00f3n ejerc\u00edan de acusaci\u00f3n popular Vox, el PP y el pseudosindicato Manos Limpias, y se indagaba si el rescate que el Gobierno dio a la compa\u00f1\u00eda como parte de una inyecci\u00f3n de ayudas p\u00fablicas a empresas estrat\u00e9gicas afectadas por la pandemia hab\u00eda sido legal. <\/p>\n<p class=\"\">Por otro lado, la Fiscal\u00eda Anticorrupci\u00f3n interpuso en octubre de 2024 una denuncia en la Audiencia Nacional en la que relataba c\u00f3mo el dinero p\u00fablico del rescate, en realidad, su hab\u00eda utilizado para devoluciones de pr\u00e9stamos a cuentas en el extranjero de una presunta organizaci\u00f3n criminal dedicada al blanqueo de capitales de fondos il\u00edcitos procedentes de Venezuela. Seg\u00fan avanz\u00f3 ABC, el ministerio p\u00fablico hab\u00eda analizado la informaci\u00f3n recibida por autoridades francesas y suizas y hab\u00eda llegado a la conclusi\u00f3n de que se hizo un \u201cuso indebido\u201d de la ayuda del Gobierno lo que constitu\u00eda un \u201cindicio de una defraudaci\u00f3n al Estado\u201d. <\/p>\n<p class=\"\">La Audiencia Nacional se declar\u00f3 no competente para esta investigaci\u00f3n, pero inst\u00f3 a Anticorrupci\u00f3n a que presentara la denuncia ante el Juzgado de Instrucci\u00f3n n\u00famero 15 de Madrid. Las pesquisas que se han activado ahora corren, efectivamente, a cargo de la Fiscal\u00eda Anticorrupci\u00f3n, confirman fuentes jur\u00eddicas si bien todav\u00eda no han trascendido m\u00e1s detalles. <\/p>\n<p>Empresa estrat\u00e9gica<\/p>\n<p class=\"\">El Gobierno espa\u00f1ol introdujo a la aerol\u00ednea dentro del concepto de empresas \u201cestrat\u00e9gicas\u201d para justificar el rescate, argumentando que era importante para la econom\u00eda espa\u00f1ola al cubrir las carencias de las conexiones a\u00e9reas con Latinoam\u00e9rica. Los expertos designados por el juzgado se\u00f1alaban que Plus Ultra era una empresa con visos de insolvencia y cierre desde 2019, lo que la imposibilitaba para optar a los fondos del rescate, mientras que el dictamen de la SEPI y de dos consultoras avalaban que la aerol\u00ednea no estaba en causa de disoluci\u00f3n en el momento en el que obtuvieron las ayudas. Tanto la Abogac\u00eda del Estado como la Fiscal\u00eda de Madrid consideraban entonces que no hab\u00eda indicios de delito. <\/p>\n<p class=\"\">El rescate estuvo envuelto en pol\u00e9mica no s\u00f3lo por la calificaci\u00f3n de estrat\u00e9gica de la empresa sino por informaciones que hablaban de su vinculaci\u00f3n con el Gobierno venezolano.La compa\u00f1\u00eda emiti\u00f3 un comunicado una semana despu\u00e9s de que el Consejo de Ministros diera luz verde a la ayuda aclarando que eran una compa\u00f1\u00eda espa\u00f1ola aunque, como \u201cel resto de compa\u00f1\u00edas del sector\u201d, su accionariado est\u00e1 compuesto por \u201cdiferentes nacionalidades\u201d. <\/p>\n<p><img decoding=\"auto\" class=\"_re lazyload a_m-h\" height=\"276\"  width=\"414\"  src=\"https:\/\/www.europesays.com\/es\/wp-content\/uploads\/2025\/12\/UW5K4ADMOROKHH7FNFWIENUD24.jpg\" loading=\"lazy\"\/>Agentes de la Polic\u00eda Nacional en la sede de Plus Ultra en Madrid, este jueves. FERNANDO VILLAR (EFE)<\/p>\n<p class=\"\">Uno de los puntos que pretend\u00eda dilucidar la investigaci\u00f3n que se sigui\u00f3 en 2022 por malversaci\u00f3n y prevaricaci\u00f3n fue el porqu\u00e9 parte de las ayudas p\u00fablicas que se dieron a la compa\u00f1\u00eda a\u00e9rea terminaron destinadas a un pago a la compa\u00f1\u00eda estatal de petr\u00f3leo de Venezuela PDVSA. El equipo de peritos que asesor\u00f3 la compa\u00f1\u00eda defendi\u00f3 que ese desembolso se deb\u00eda a una deuda que no se pudo pagar antes por motivo del embargo y las sanciones internacionales que la petrolera ten\u00eda. Los peritos independientes del juzgado dec\u00edan, en cambio, que no era habitual que se hubiera priorizado ese pago cuando hab\u00eda operaciones en la mercantil m\u00e1s urgentes.<\/p>\n","protected":false},"excerpt":{"rendered":"La Unidad de Delincuencia Econ\u00f3mica y Fiscal (UDEF) de la Polic\u00eda Nacional registra este jueves la sede de&hellip;\n","protected":false},"author":2,"featured_media":283094,"comment_status":"","ping_status":"","sticky":false,"template":"","format":"standard","meta":{"footnotes":""},"categories":[8],"tags":[17,18,767,25,24,13,14,11,734,19,20,9,10,15,16,64232,23,12,2155,21,22],"class_list":{"0":"post-283093","1":"post","2":"type-post","3":"status-publish","4":"format-standard","5":"has-post-thumbnail","7":"category-espana","8":"tag-breaking-news","9":"tag-breakingnews","10":"tag-corrupcion","11":"tag-es","12":"tag-espana","13":"tag-featured-news","14":"tag-featurednews","15":"tag-headlines","16":"tag-investigacion-judicial","17":"tag-latest-news","18":"tag-latestnews","19":"tag-news","20":"tag-noticias","21":"tag-noticias-destacadas","22":"tag-noticiasdestacadas","23":"tag-plus-ultra","24":"tag-spain","25":"tag-titulares","26":"tag-uco","27":"tag-ultimas-noticias","28":"tag-ultimasnoticias"},"share_on_mastodon":{"url":"https:\/\/pubeurope.com\/@es\/115701779674807501","error":""},"_links":{"self":[{"href":"https:\/\/www.europesays.com\/es\/wp-json\/wp\/v2\/posts\/283093","targetHints":{"allow":["GET"]}}],"collection":[{"href":"https:\/\/www.europesays.com\/es\/wp-json\/wp\/v2\/posts"}],"about":[{"href":"https:\/\/www.europesays.com\/es\/wp-json\/wp\/v2\/types\/post"}],"author":[{"embeddable":true,"href":"https:\/\/www.europesays.com\/es\/wp-json\/wp\/v2\/users\/2"}],"replies":[{"embeddable":true,"href":"https:\/\/www.europesays.com\/es\/wp-json\/wp\/v2\/comments?post=283093"}],"version-history":[{"count":0,"href":"https:\/\/www.europesays.com\/es\/wp-json\/wp\/v2\/posts\/283093\/revisions"}],"wp:featuredmedia":[{"embeddable":true,"href":"https:\/\/www.europesays.com\/es\/wp-json\/wp\/v2\/media\/283094"}],"wp:attachment":[{"href":"https:\/\/www.europesays.com\/es\/wp-json\/wp\/v2\/media?parent=283093"}],"wp:term":[{"taxonomy":"category","embeddable":true,"href":"https:\/\/www.europesays.com\/es\/wp-json\/wp\/v2\/categories?post=283093"},{"taxonomy":"post_tag","embeddable":true,"href":"https:\/\/www.europesays.com\/es\/wp-json\/wp\/v2\/tags?post=283093"}],"curies":[{"name":"wp","href":"https:\/\/api.w.org\/{rel}","templated":true}]}}