{"id":283185,"date":"2025-12-11T17:12:12","date_gmt":"2025-12-11T17:12:12","guid":{"rendered":"https:\/\/www.europesays.com\/es\/283185\/"},"modified":"2025-12-11T17:12:12","modified_gmt":"2025-12-11T17:12:12","slug":"el-gobierno-acaba-el-ano-sin-mayoria-y-cercado-por-denuncias-en-el-psoe","status":"publish","type":"post","link":"https:\/\/www.europesays.com\/es\/283185\/","title":{"rendered":"El Gobierno acaba el a\u00f1o sin mayor\u00eda y cercado por denuncias en el PSOE"},"content":{"rendered":"<p>Tres jers\u00e9is con estampado de renos y abetos entre los esca\u00f1os del <strong>Congreso <\/strong>han indicado que la de este jueves era la \u00faltima sesi\u00f3n plenaria antes del par\u00f3n por Navidad. La proximidad de estas fiestas, sin embargo, no se ha traducido en un final de curso dulce para el Gobierno. M\u00e1s bien todo lo contrario: <strong>el Ejecutivo ha visto de nuevo que su mayor\u00eda de investidura est\u00e1 erosionada<\/strong>. A todo ello se suman los <strong>presuntos casos de agresi\u00f3n sexual y de corrupci\u00f3n que cercan al PSOE<\/strong>.<\/p>\n<p>Los grupos de la oposici\u00f3n, principalmente <strong>PP <\/strong>y <strong>Vox<\/strong>, se han encargado de plasmar en la C\u00e1mara Baja que el Ejecutivo tiene muchas dificultades para sacar adelante su agenda, y tambi\u00e9n han querido recordar a la opini\u00f3n p\u00fablica que el <strong>caso \u00c1balos y Leire D\u00edez<\/strong> no son ajenos al Partido Socialista.<\/p>\n<p>El Gobierno intenta despejar todo tipo de dudas ante este escenario y mantiene que la <strong>legislatura est\u00e1 viva y que ir\u00e1 \u201chasta 2027 y m\u00e1s all\u00e1\u201d<\/strong>. As\u00ed lo indicaba esta misma semana el propio presidente Pedro S\u00e1nchez, quien se aventuraba a decir que su intenci\u00f3n es la de seguir en la Moncloa hasta el a\u00f1o 2031.<\/p>\n<p>A pesar de las adversidades, el Ejecutivo saca pecho y dice que se ir\u00e1 de vacaciones con varias victorias parlamentarias: entre ellas el <strong>alza del sueldo de los funcionarios<\/strong> hasta 2028, el aplazamiento del nuevo reglamento de facturaci\u00f3n electr\u00f3nica para empresas \u2018<strong>Verifactu<\/strong>\u2019 y tambi\u00e9n nuevas ayudas para los afectados por el <strong>volc\u00e1n de la Palma<\/strong>.<\/p>\n<p>Contexto adverso al PSOE: detenciones, presuntos casos de acoso y sin el voto de \u00c1balos<\/p>\n<p>El contexto no es f\u00e1cil para el PSOE en estos momentos. La sesi\u00f3n plenaria de este jueves ha arrancado con la noticia que el juez del <strong>Tribunal Supremo<\/strong> abr\u00eda juicio oral contra el exministro de Transportes y exsecretario de organizaci\u00f3n del PSOE, Jos\u00e9 Luis \u00c1balos, tambi\u00e9n contra <strong>Koldo Garc\u00eda<\/strong> y el presunto conseguidor y comisionista <strong>V\u00edctor de Aldama<\/strong>. En los pasillos, el ministro m\u00e1s madrugador, <strong>\u00c1ngel V\u00edctor Torres<\/strong>, no se ha querido pronunciar al respecto. Tampoco ha querido hacer ninguna declaraci\u00f3n sobre la detenci\u00f3n de la exmilitante socialista Leire D\u00edez y el expresidente de la SEPI.<\/p>\n<p>No ha habido tampoco declaraciones a la prensa del titular de Transformaci\u00f3n Digital y Funci\u00f3n P\u00fablica, <strong>\u00d3scar L\u00f3pez<\/strong>, sobre las \u00faltimas denuncias de acoso sexual presentadas por mujeres del partido. \u201cVamos a hablar de funcionarios\u201d, se ha limitado a decir L\u00f3pez antes de cruzar la puerta que da acceso al hemiciclo.<\/p>\n<p>A todo esto, se suma otra nueva situaci\u00f3n que complica un poco m\u00e1s la aritm\u00e9tica al PSOE en la C\u00e1mara Baja:<strong> la suspensi\u00f3n de derechos parlamentarios a Jos\u00e9 Luis \u00c1balos<\/strong>. Este mi\u00e9rcoles <a href=\"https:\/\/www.rtve.es\/noticias\/20251210\/el-congreso-suspende-de-sueldo-y-derechos-parlamentarios-de-abalos-aunque-mantendra-el-acta-de-diputado\/16853196.shtml\" target=\"_blank\" rel=\"nofollow noopener\">la Mesa ha decidido retirarle el derecho al voto<\/a> y suspender su sueldo despu\u00e9s de que el Supremo haya desestimado su recurso contra el auto de procesamiento dictado por el juez sobre el caso de los contratos por la compra de mascarillas.<\/p>\n<p>Este jueves \u00c1balos ya no ha podido votar en ninguno de los puntos del orden del d\u00eda. <strong>Las mayor\u00edas, sin embargo, no cambian<\/strong>. Fuentes de la Mesa sostienen que <a href=\"https:\/\/www.rtve.es\/noticias\/20251127\/cambian-mayorias-congreso-ingreso-prision-preventiva-abalos\/16835166.shtml\" target=\"_blank\" rel=\"nofollow noopener\">la composici\u00f3n del Congreso quedar\u00e1 igual, en 350 diputados<\/a>, y que la mayor\u00eda absoluta seguir\u00e1 fijada en 176 votos.<\/p>\n<p><strong>Podemos <\/strong>ha querido aprovechar la situaci\u00f3n que vive el PSOE para dejar claro que la formaci\u00f3n \u201cest\u00e1 preocupada por la falta de explicaciones\u201d. Ha sido su secretaria general y diputada <strong>Ione Belarra<\/strong> quien ha insistido en que los socialistas ya no pueden hablar de \u201cmanzanas podridas\u201d y que tienen \u201cun problema serio de machismo\u201d.<\/p>\n<p>Tambi\u00e9n el <strong>PP <\/strong>se ha querido pronunciar. Ha sido su secretario general y diputado, <strong>Miguel Tellado<\/strong>, quien ha sostenido que en estos momentos \u201c<strong>todo el gobierno de S\u00e1nchez est\u00e1 bajo sospecha<\/strong>\u201d. Tellado ha exigido al presidente que asuma \u201cresponsabilidades pol\u00edticas\u201d y, nuevamente, ha exigidio que convoque elecciones anticipadas.<\/p>\n<p>La geometr\u00eda variable permite aprobar el alza salarial de los funcionarios<\/p>\n<p>Ante la complejidad del escenario, la <strong>geometr\u00eda variable<\/strong> ha entrado en escena una vez m\u00e1s. El Gobierno ha logrado aprobar el alza salarial de los funcionarios gracias al voto favorable del PP. Se trata de un <strong>aumento acumulado del 11% en las retribuciones de los trabajadores p\u00fablicos<\/strong> entre 2025 y 2028. El <a href=\"https:\/\/www.rtve.es\/noticias\/20251127\/gobierno-sindicatos-firman-subida-salarial-2028-sueldos-funcionarios\/16834050.shtml\" target=\"_blank\" rel=\"nofollow noopener\">acuerdo sindical<\/a> a tres bandas (UGT, CCOO y CSIF) ha facilitado que los dos grandes partidos del Congreso hayan dado luz verde al texto.<\/p>\n<p>El PP, sin embargo, ha querido dejar claro que su voto favorable no se traduce en ning\u00fan flotador al Ejecutivo. M\u00e1s bien lo contrario: as\u00ed han querido evidenciar que Pedro S\u00e1nchez <strong>no logra consolidar la mayor\u00eda que le invisti\u00f3 presidente en 2023<\/strong>.<\/p>\n<p>Mientras, <strong>Junts <\/strong>sigue otra estrategia para demostrar que son ellos quienes marcan la agenda pol\u00edtica. Los de <strong>Carles Puigdemont<\/strong> fuerzan que <strong>el Gobierno pierda de nuevo la votaci\u00f3n de la senda de d\u00e9ficit<\/strong>, pero en cambio han aprobado retrasar el sistema \u2018Verifactu\u2019 para que no entre en vigor el 1 de enero de 2026. La formaci\u00f3n independentista quiere evidenciar as\u00ed que el \u201cbloqueo\u201d al PSOE anunciado hace unas semanas se mantiene y que solo votar\u00e1n las medidas que ellos proponen.<\/p>\n<p>En el caso de la senda de d\u00e9ficit, el diputado independentista <strong>Josep Maria Cruset<\/strong> ha querido ser muy claro en el debate parlamentario de este jueves: \u00abIncumplir con Catalu\u00f1a tiene consecuencias. Incumplir los acuerdos tiene consecuencias. Ni objetivos (de d\u00e9ficit) hoy, ni Presupuestos ma\u00f1ana\u00bb. <a href=\"https:\/\/www.rtve.es\/noticias\/20251127\/congreso-rechaza-senda-deficit-hacienda-espana-pp-vox-junts\/16834133.shtml\" target=\"_blank\" rel=\"nofollow noopener\">PP, Vox y Junts ya tumbaron el mismo punto el pasado 27 de noviembre.<\/a><\/p>\n<p>El presidente <strong>Pedro S\u00e1nchez no ha estado presente este jueves<\/strong> <strong>en el Congreso<\/strong> despu\u00e9s de haber pedido el voto telem\u00e1tico. En febrero volver\u00e1 la actividad parlamentaria despu\u00e9s del par\u00f3n navide\u00f1o y se iniciar\u00e1 un nuevo periodo de sesiones que estar\u00e1 marcado por las elecciones en <strong>Castilla y Le\u00f3n<\/strong> y <strong>Andaluc\u00eda<\/strong>. En el aire, tambi\u00e9n, un <strong>adelanto electoral en Arag\u00f3n<\/strong>.<\/p>\n","protected":false},"excerpt":{"rendered":"Tres jers\u00e9is con estampado de renos y abetos entre los esca\u00f1os del Congreso han indicado que la de&hellip;\n","protected":false},"author":2,"featured_media":283186,"comment_status":"","ping_status":"","sticky":false,"template":"","format":"standard","meta":{"footnotes":""},"categories":[8],"tags":[17,18,25,24,13,14,11,19,20,9,10,15,16,23,12,21,22],"class_list":{"0":"post-283185","1":"post","2":"type-post","3":"status-publish","4":"format-standard","5":"has-post-thumbnail","7":"category-espana","8":"tag-breaking-news","9":"tag-breakingnews","10":"tag-es","11":"tag-espana","12":"tag-featured-news","13":"tag-featurednews","14":"tag-headlines","15":"tag-latest-news","16":"tag-latestnews","17":"tag-news","18":"tag-noticias","19":"tag-noticias-destacadas","20":"tag-noticiasdestacadas","21":"tag-spain","22":"tag-titulares","23":"tag-ultimas-noticias","24":"tag-ultimasnoticias"},"share_on_mastodon":{"url":"https:\/\/pubeurope.com\/@es\/115702054599478546","error":""},"_links":{"self":[{"href":"https:\/\/www.europesays.com\/es\/wp-json\/wp\/v2\/posts\/283185","targetHints":{"allow":["GET"]}}],"collection":[{"href":"https:\/\/www.europesays.com\/es\/wp-json\/wp\/v2\/posts"}],"about":[{"href":"https:\/\/www.europesays.com\/es\/wp-json\/wp\/v2\/types\/post"}],"author":[{"embeddable":true,"href":"https:\/\/www.europesays.com\/es\/wp-json\/wp\/v2\/users\/2"}],"replies":[{"embeddable":true,"href":"https:\/\/www.europesays.com\/es\/wp-json\/wp\/v2\/comments?post=283185"}],"version-history":[{"count":0,"href":"https:\/\/www.europesays.com\/es\/wp-json\/wp\/v2\/posts\/283185\/revisions"}],"wp:featuredmedia":[{"embeddable":true,"href":"https:\/\/www.europesays.com\/es\/wp-json\/wp\/v2\/media\/283186"}],"wp:attachment":[{"href":"https:\/\/www.europesays.com\/es\/wp-json\/wp\/v2\/media?parent=283185"}],"wp:term":[{"taxonomy":"category","embeddable":true,"href":"https:\/\/www.europesays.com\/es\/wp-json\/wp\/v2\/categories?post=283185"},{"taxonomy":"post_tag","embeddable":true,"href":"https:\/\/www.europesays.com\/es\/wp-json\/wp\/v2\/tags?post=283185"}],"curies":[{"name":"wp","href":"https:\/\/api.w.org\/{rel}","templated":true}]}}