{"id":283222,"date":"2025-12-11T17:42:39","date_gmt":"2025-12-11T17:42:39","guid":{"rendered":"https:\/\/www.europesays.com\/es\/283222\/"},"modified":"2025-12-11T17:42:39","modified_gmt":"2025-12-11T17:42:39","slug":"las-protestas-de-la-vuelta-en-valladolid-a-juicio-este-miercoles","status":"publish","type":"post","link":"https:\/\/www.europesays.com\/es\/283222\/","title":{"rendered":"Las protestas de La Vuelta en Valladolid, a juicio este mi\u00e9rcoles"},"content":{"rendered":"<p>            Publicado por<\/p>\n<p>Diario de Valladolid | El Mundo<\/p>\n<p>        Valladolid<\/p>\n<p class=\"c-detail__info__more\">\n            Creado:<br \/>\n            <a class=\"c-detail__info__more__date\" href=\"https:\/\/www.diariodevalladolid.es\/hemeroteca\/251209\/\" rel=\"nofollow noopener\" target=\"_blank\"><br \/>\n                09.12.2025 | 20:46<br \/>\n            <\/a>\n        <\/p>\n<p class=\"c-detail__info__more\">\n            Actualizado:<br \/>\n            09.12.2025 | 20:46\n        <\/p>\n<p class=\"paragraph\">El Juzgado de Instrucci\u00f3n n\u00famero 3 de Valladolid ha citado para este jueves, 11 de diciembre, a cuatro personas vinculadas con las protestas que se llevaron a cabo en la etapa de la Vuelta a Espa\u00f1a por la presencia del exequipo \u00absionista\u00bb Israel Premier Tech.<\/p>\n<p>            <a href=\"#\" title=\"\"><\/p>\n<p>                    <img loading=\"lazy\" decoding=\"async\" data-index=\"\" width=\"140\" height=\"140\" alt=\"Presentaci\u00f3n de una denuncia en los juzgados por las cargas policiales durante la etapa de la Vuelta Ciclista a Espa\u00f1a celebrada en Valladolid.\" data-full=\"[object Object]\" data-original=\"[object Object]\" src=\"https:\/\/imagenes.diariodevalladolid.es\/files\/related_image\/uploads\/2025\/09\/16\/68c94c7ae2be3.jpeg\" data-full-src=\"https:\/\/www.europesays.com\/es\/wp-content\/uploads\/2025\/12\/68c94c7ae2be3.jpeg\"\/><\/p>\n<p>            <\/a><\/p>\n<p class=\"c-detail__sumario__signature\">\n                <strong><\/p>\n<p>                <strong class=\"c-detail__sumario__author \">Diario de Valladolid | El Mundo<\/strong><\/strong>\n            <\/p>\n<p class=\"paragraph\">Seg\u00fan informa el partido Izquierda Castellana a Europa Press, la citaci\u00f3n judicial llega despu\u00e9s de la denuncia interpuesta por la Subdelegaci\u00f3n del Gobierno y el Ministerio Fiscal durante la disputa de la contrarreloj individual que se celebr\u00f3 en la capital dentro de la ronda espa\u00f1ola.<\/p>\n<p class=\"paragraph\">Hay que recordar que la Polic\u00eda Nacional detuvo el d\u00eda de la prueba, el pasado 11 de septiembre, a dos personas por invadir el recorrido y que tuvieron que pasar por las dependencias de la calle Gerona, si bien fueron puestos en libertad pocas horas despu\u00e9s.<\/p>\n<p class=\"paragraph\">A ra\u00edz de la celebraci\u00f3n de la etapa contrarreloj que se celebr\u00f3 por las calles de Valladolid, la Subdelegaci\u00f3n del Gobierno identific\u00f3 a cerca de una treintena de personas en diversas zonas del recorrido que se tuvo que recortar pr\u00e1cticamente a la mitad para asegurar la celebraci\u00f3n de la prueba y la integridad de los corredores debido a las protestas que condenaban la situaci\u00f3n en Palestina.<\/p>\n<p class=\"paragraph\">Hay que recordar que, en la actualidad, el equipo de Israel ya no existe despu\u00e9s de que la empresa Never Say Never (NSN) haya adquirido su licencia World Tour y absorber su estructura tanto humana como material.<\/p>\n<p class=\"paragraph\">Los cuatro encausados repartir\u00e1n unas hojas con \u00abuna breve biograf\u00eda\u00bb en la que explicar\u00e1n su trayectoria activista y atender\u00e1n a los medios de comunicaci\u00f3n sobre las 11.30 horas.<\/p>\n","protected":false},"excerpt":{"rendered":"Publicado por Diario de Valladolid | El Mundo Valladolid Creado: 09.12.2025 | 20:46 Actualizado: 09.12.2025 | 20:46 El&hellip;\n","protected":false},"author":2,"featured_media":283223,"comment_status":"","ping_status":"","sticky":false,"template":"","format":"standard","meta":{"footnotes":""},"categories":[273],"tags":[313,312,168,25,24,74,23,167,1607,5411],"class_list":{"0":"post-283222","1":"post","2":"type-post","3":"status-publish","4":"format-standard","5":"has-post-thumbnail","7":"category-ciclismo","8":"tag-ciclismo","9":"tag-cycling","10":"tag-deportes","11":"tag-es","12":"tag-espana","13":"tag-israel","14":"tag-spain","15":"tag-sports","16":"tag-valladolid","17":"tag-vuelta-a-espana"},"share_on_mastodon":{"url":"https:\/\/pubeurope.com\/@es\/115702172472613313","error":""},"_links":{"self":[{"href":"https:\/\/www.europesays.com\/es\/wp-json\/wp\/v2\/posts\/283222","targetHints":{"allow":["GET"]}}],"collection":[{"href":"https:\/\/www.europesays.com\/es\/wp-json\/wp\/v2\/posts"}],"about":[{"href":"https:\/\/www.europesays.com\/es\/wp-json\/wp\/v2\/types\/post"}],"author":[{"embeddable":true,"href":"https:\/\/www.europesays.com\/es\/wp-json\/wp\/v2\/users\/2"}],"replies":[{"embeddable":true,"href":"https:\/\/www.europesays.com\/es\/wp-json\/wp\/v2\/comments?post=283222"}],"version-history":[{"count":0,"href":"https:\/\/www.europesays.com\/es\/wp-json\/wp\/v2\/posts\/283222\/revisions"}],"wp:featuredmedia":[{"embeddable":true,"href":"https:\/\/www.europesays.com\/es\/wp-json\/wp\/v2\/media\/283223"}],"wp:attachment":[{"href":"https:\/\/www.europesays.com\/es\/wp-json\/wp\/v2\/media?parent=283222"}],"wp:term":[{"taxonomy":"category","embeddable":true,"href":"https:\/\/www.europesays.com\/es\/wp-json\/wp\/v2\/categories?post=283222"},{"taxonomy":"post_tag","embeddable":true,"href":"https:\/\/www.europesays.com\/es\/wp-json\/wp\/v2\/tags?post=283222"}],"curies":[{"name":"wp","href":"https:\/\/api.w.org\/{rel}","templated":true}]}}