{"id":283260,"date":"2025-12-11T18:09:15","date_gmt":"2025-12-11T18:09:15","guid":{"rendered":"https:\/\/www.europesays.com\/es\/283260\/"},"modified":"2025-12-11T18:09:15","modified_gmt":"2025-12-11T18:09:15","slug":"son-mis-hijas-y-mi-familia-vivimos-en-la-misma-economia-y-nos-afecta-a-los-dos-igual","status":"publish","type":"post","link":"https:\/\/www.europesays.com\/es\/283260\/","title":{"rendered":"\u201cSon mis hijas y mi familia. Vivimos en la misma econom\u00eda y nos afecta a los dos igual\u201d"},"content":{"rendered":"<p><strong>Fran Ant\u00f3n<\/strong> (44 a\u00f1os) y <strong>Kiko Hern\u00e1ndez<\/strong> (49 a\u00f1os) est\u00e1n viviendo uno de los peores momentos de su vida tras la inesperada <strong>clausura del negocio que tienen en Melilla.<\/strong> Hace tan solo unas horas, el actor y marido del exgranhermano sorprend\u00eda a todos sus seguidores anunciando que <a href=\"https:\/\/www.lecturas.com\/actualidad\/fran-anton-marido-kiko-hernandez-se-declara-huelga-hambre-por-problema-su-negocio_185593\" rel=\"nofollow noopener\" target=\"_blank\">se pon\u00eda en huelga de hambre<\/a> hasta que todo se solucionara. Una situaci\u00f3n extrema por la que el presentador de &#8216;La casa de los gemelos 2&#8217; decid\u00eda cancelar la gala y as\u00ed encadenarse tambi\u00e9n a las puertas del local.\u00a0<\/p>\n<p>\u00abTenemos un mes de much\u00edsimo trabajo, much\u00edsimos eventos y creo que\u00a0esta es la \u00fanica soluci\u00f3n que hay, ya que la justicia no est\u00e1 de nuestra parte.\u00a0Me he encadenado aqu\u00ed y voy a hacer huelga de hambre hasta que se solucione.\u00a0<strong>No puede ser que con una licencia, con much\u00edsimas ganas de trabajar y con much\u00edsimo amor, nos cierren el local<\/strong>\u00ab, dec\u00eda Ant\u00f3n, totalmente destrozado y entre l\u00e1grimas.\u00a0<\/p>\n<p>Tras pasar varias horas encadenado junto a Fran, <a href=\"https:\/\/www.lecturas.com\/actualidad\/como-se-decimos-a-nuestras-hijas-situacion-limite-kiko-hernandez-y-fran-anton-encadenados-y-huelga-hambre_185687\" rel=\"nofollow noopener\" target=\"_blank\">Kiko era trasladado para hacerse pruebas.<\/a> Un mareo hab\u00eda hecho que se cayera al suelo y que tuviera que ser atendido por los m\u00e9dicos melillenses. \u00ab<strong>Creo que es una deshidrataci\u00f3n porque no est\u00e1n comiendo ni bebiendo. Ha ido al hospital a que le pongan suero. <\/strong>Tambi\u00e9n se ha hecho da\u00f1o en un brazo al caerse. Van a hacerle una placa para ver qu\u00e9 tal\u00bb, dec\u00eda una amiga enfermera de la pareja.\u00a0<\/p>\n<p><img decoding=\"async\" src=\"https:\/\/www.europesays.com\/es\/wp-content\/uploads\/2025\/12\/nuria-roca-y-juan-del-val_f7de464f_251211133042_800x800.webp.webp\" alt=\"Nuria Roca y Juan del Val\" class=\"image lazyload\"\/><img loading=\"lazy\" decoding=\"async\" src=\"https:\/\/www.europesays.com\/es\/wp-content\/uploads\/2025\/12\/nuria-roca-y-juan-del-val_f7de464f_251211133101_1280x720.webp.webp\" alt=\"EXCLUSIVA | Nuria Roca se sincera en la revista Lecturas: &quot;Mis hijos est\u00e1n bien educados. No hay que preocuparse en absoluto por las cr\u00edticas&quot;\" class=\"image lazyload\" width=\"1280\" height=\"720\" data-aspectratio=\"1280\/720\"\/>Fran Ant\u00f3n, totalmente abatido\u00a0<\/p>\n<p>Con el que fuera tertuliano de &#8216;S\u00e1lvame&#8217; en el hospital, Fran conectaba en directo con &#8216;No somos nadie&#8217; para hablar del duro momento que est\u00e1n viviendo. <strong>Una situaci\u00f3n que est\u00e1 haciendo sufrir much\u00edsimo a toda su familia.\u00a0<\/strong><\/p>\n<p><img loading=\"lazy\" decoding=\"async\"   src=\"https:\/\/www.europesays.com\/es\/wp-content\/uploads\/2025\/12\/fran-anton_dcd5dbd7_251211180746_1200x676.webp.webp\" alt=\"Fran Ant\u00f3n\" class=\"lazyload\" width=\"1200\" height=\"676\" data-aspectratio=\"1200\/676\"\/><\/p>\n<p>Fran Ant\u00f3n ha confesado en &#8216;No somos nadie&#8217; que se encuentra bien tras m\u00e1s de 24 horas sin comer ni beber nada por la huelga de hambre.\u00a0<\/p>\n<p>&#13;No somos nadie<\/p>\n<p>\u00a0<\/p>\n<p>\u00abLlegu\u00e9 de Madrid el martes por la ma\u00f1ana. Tuvimos un evento de Navidad con 90 personas, estaba encargado de los eventos porque Kiko estaba con lo de &#8216;La casa de los gemelos&#8217;. Cuando llego, me duermo un poco y <strong>la chica que nos ayuda con las ni\u00f1as me dice que ha llegado la polic\u00eda con un escrito.<\/strong> Lo leo y veo lo de la clausura. <strong>Hab\u00eda 10 polic\u00edas como si fu\u00e9ramos narcos. <\/strong>No me dejaron pasar por la orden de clausura. Llam\u00e9 a los abogados, a Kiko, a todo el mundo. Me dijeron que pasara 30 min solamente para coger algunos utensilios. Pens\u00e9 en quedarme dentro, me dijeron que era ilegal y que incumpl\u00eda una normativa\u00bb, comenzaba diciendo Fran a Mar\u00eda Pati\u00f1o.\u00a0<\/p>\n<p>\u00abLe dije entonces a la chica que fuera a por unas cadenas para encadenarme a la puerta. <strong>No fue premeditado, fue de impulso<\/strong>. Pero lo tuve muy claro desde el primer momento. Es injusto. Es el tercer d\u00eda que cancelamos evento y todo diciembre ten\u00edamos cosas. Imaginad la inversi\u00f3n y todo lo que vamos a perder. <strong>Ahora mismo estoy como ido por no comer ni beber.<\/strong> Como si me hubiera tomado un relajante muscular. El primer d\u00eda estuve muy nervioso, pero hoy no s\u00e9 si es por todo esto. Estoy dispuesto a llegar hasta que me abran el local. Si me veo en la situaci\u00f3n en la que me encuentre fatal ya llamar\u00e9 a la ambulancia, pero si no no me voy a mover de aqu\u00ed\u00bb, aseguraba.\u00a0<\/p>\n<p><img loading=\"lazy\" decoding=\"async\"   src=\"https:\/\/www.europesays.com\/es\/wp-content\/uploads\/2025\/12\/fran-anton_d8687b63_251211181510_1200x675.webp.webp\" alt=\"Fran Ant\u00f3n\" class=\"lazyload\" width=\"1200\" height=\"675\" data-aspectratio=\"1200\/675\"\/><\/p>\n<p>Fran Ant\u00f3n estar\u00eda evitando que ni su madre ni la de Kiko se acercaran hasta el local para que la situaci\u00f3n no empeorase todav\u00eda m\u00e1s.\u00a0<\/p>\n<p>&#13;No somos nadie<br \/>\nSu familia, lo primero\u00a0<\/p>\n<p>Casi a punto de llorar, Fran comentaba con los compa\u00f1eros de Kiko del canal Quikie que toda la familia est\u00e1 tan preocupada que quieren ir all\u00ed para acompa\u00f1arles. <strong>Algo que est\u00e1 intentando evitar por todos los medios.\u00a0<\/strong><\/p>\n<p>\u00abEs todo muy dif\u00edcil.<strong> Estoy evitando que venga mi madre, la madre de Kiko tambi\u00e9n quiere venir&#8230; <\/strong>El abogado dice que est\u00e1n todos los papeles pertinentes. Kiko es de mecha corta y aprensivo, yo soy de otra manera. No quiero se\u00f1alar ni atacar a nadie, pero esto no es justo. <strong>Kiko va a presentar a un juzgado las amenazas. Eso es muy grave. Pero no quiero que se mezcle.<\/strong> Que lo denuncie y vaya por la v\u00eda legal. Yo no sab\u00eda que esto iba a tener tanta repercusi\u00f3n. Lo hice por mis coj*nes, me at\u00e9 y hasta que me atiendan\u00bb, dec\u00eda Ant\u00f3n mirando a c\u00e1mara en un plano en el que se le ve\u00eda rodeado de mantas y sentado en la puerta de &#8216;El cielo de Melilla&#8217;.\u00a0<\/p>\n<p>\u00abTengo muchos amigos que me est\u00e1n apoyando. Es una manera de denunciar lo que es injusto. E<strong>sto es una decisi\u00f3n m\u00eda, no se lo consult\u00e9 a Kiko<\/strong>. Me hubiera dicho que &#8216;no&#8217;, pero al final se ha unido a m\u00ed. \u00c9l ha seguido estos pasos, pero a m\u00ed nadie me dijo que lo hiciera. Fui yo. <strong>Tambi\u00e9n son mis hijas y mi familia. Vivimos en la misma econom\u00eda y nos afecta a los dos igual<\/strong>\u00ab, a\u00f1ad\u00eda muy emocionado.\u00a0<\/p>\n<p>La licencia, en regla\u00a0<\/p>\n<p>\u00abNosotros no ponemos la seguridad de nuestros clientes en juego. Nunca ha pasado nada. Todo el mundo ha salido contento y feliz. Ni hemos recibido de la administraci\u00f3n 250.000 euros. No s\u00e9 de qu\u00e9 se habla eso. Tambi\u00e9n trabajo de actor y director, como a otras compa\u00f1\u00edas de aqu\u00ed nos dan cosas, pero nada que ver con esa cifra ni mucho menos. No s\u00e9 a qu\u00e9 se refieren\u00bb, aclaraba Ant\u00f3n sobre lo que han dicho medios melillenses.\u00a0<\/p>\n<p><img loading=\"lazy\" decoding=\"async\"   src=\"https:\/\/www.europesays.com\/es\/wp-content\/uploads\/2025\/12\/fran-anton-y-kiko-hernandez_a61f9e19_251211185806_1200x884.webp.webp\" alt=\"Fran Ant\u00f3n y Kiko Hern\u00e1ndez\" class=\"lazyload\" width=\"1200\" height=\"884\" data-aspectratio=\"1200\/884\"\/><\/p>\n<p>Fran Ant\u00f3n ha aclarado que tienen la licencia en vigor y que est\u00e1n viviendo una persecuci\u00f3n.\u00a0<\/p>\n<p>&#13;Instagram @kikohernandeztv<\/p>\n<p>\u00a0<\/p>\n<p>\u00a0\u00ab<strong>No hemos tenido ning\u00fan aviso del gobierno. La polic\u00eda s\u00ed ha estado muy pendiente todo el rato de mirar. Ha habido una persecuci\u00f3n.<\/strong> Nuestro abogado es el que est\u00e1 defendiendo todo. Sabe las legalidades que tenemos. Es el que entiende y al que estamos haci\u00e9ndole caso. De tema jur\u00eddico no entiendo mucho. Pero si \u00e9l me dice que est\u00e1 todo en regla, pues es que todo esto es injusto\u00bb, aseguraba Fran.\u00a0<\/p>\n<p>\u00a0\u00abNosotros y nuestro socio, compramos la licencia al anterior empresario. Es de grupo 3, que es la m\u00e1xima que te pueden dar. Hasta las 7:00 de la ma\u00f1ana. Se puede hacer m\u00fasica en directo, eventos, cafeter\u00eda, restauraci\u00f3n&#8230; bingo. Lo \u00fanico que no hacemos a lo anterior es el bingo. No s\u00e9 si es en lo que se basan, pero la licencia est\u00e1 vigor\u00bb, aclraba.\u00a0<\/p>\n<p>\u00a0<\/p>\n","protected":false},"excerpt":{"rendered":"Fran Ant\u00f3n (44 a\u00f1os) y Kiko Hern\u00e1ndez (49 a\u00f1os) est\u00e1n viviendo uno de los peores momentos de su&hellip;\n","protected":false},"author":2,"featured_media":283261,"comment_status":"","ping_status":"","sticky":false,"template":"","format":"standard","meta":{"footnotes":""},"categories":[174],"tags":[255,146,147,25,24,256,23],"class_list":{"0":"post-283260","1":"post","2":"type-post","3":"status-publish","4":"format-standard","5":"has-post-thumbnail","7":"category-famosos","8":"tag-celebrities","9":"tag-entertainment","10":"tag-entretenimiento","11":"tag-es","12":"tag-espana","13":"tag-famosos","14":"tag-spain"},"share_on_mastodon":{"url":"https:\/\/pubeurope.com\/@es\/115702280430535445","error":""},"_links":{"self":[{"href":"https:\/\/www.europesays.com\/es\/wp-json\/wp\/v2\/posts\/283260","targetHints":{"allow":["GET"]}}],"collection":[{"href":"https:\/\/www.europesays.com\/es\/wp-json\/wp\/v2\/posts"}],"about":[{"href":"https:\/\/www.europesays.com\/es\/wp-json\/wp\/v2\/types\/post"}],"author":[{"embeddable":true,"href":"https:\/\/www.europesays.com\/es\/wp-json\/wp\/v2\/users\/2"}],"replies":[{"embeddable":true,"href":"https:\/\/www.europesays.com\/es\/wp-json\/wp\/v2\/comments?post=283260"}],"version-history":[{"count":0,"href":"https:\/\/www.europesays.com\/es\/wp-json\/wp\/v2\/posts\/283260\/revisions"}],"wp:featuredmedia":[{"embeddable":true,"href":"https:\/\/www.europesays.com\/es\/wp-json\/wp\/v2\/media\/283261"}],"wp:attachment":[{"href":"https:\/\/www.europesays.com\/es\/wp-json\/wp\/v2\/media?parent=283260"}],"wp:term":[{"taxonomy":"category","embeddable":true,"href":"https:\/\/www.europesays.com\/es\/wp-json\/wp\/v2\/categories?post=283260"},{"taxonomy":"post_tag","embeddable":true,"href":"https:\/\/www.europesays.com\/es\/wp-json\/wp\/v2\/tags?post=283260"}],"curies":[{"name":"wp","href":"https:\/\/api.w.org\/{rel}","templated":true}]}}