{"id":283320,"date":"2025-12-11T18:53:11","date_gmt":"2025-12-11T18:53:11","guid":{"rendered":"https:\/\/www.europesays.com\/es\/283320\/"},"modified":"2025-12-11T18:53:11","modified_gmt":"2025-12-11T18:53:11","slug":"tras-un-inicio-dificil-el-gipuzkoa-viene-creciendo","status":"publish","type":"post","link":"https:\/\/www.europesays.com\/es\/283320\/","title":{"rendered":"\u00abTras un inicio dif\u00edcil, el Gipuzkoa viene creciendo\u00bb"},"content":{"rendered":"<p>El S\u00faper Agropal Palencia vuelve a casa tras dos fines de semana sin ver a su afici\u00f3n tras el descanso por las Ventanas FIBA y la salida ante el Coru\u00f1a, que termin\u00f3 en una dura derrota de los palentinos ante el intratable l\u00edder.\u00a0<\/p>\n<p>Ma\u00f1ana, a las 21 horas, el Inveready Gipuzkoa Basket llegar\u00e1 al Pabell\u00f3n para poner a prueba el buen hacer de los de Lezkano ante su afici\u00f3n, ya que su \u00faltimo partido en La Caldera de Castilla dej\u00f3 una enorme victoria ante Movistar Estudiantes. Ma\u00f1ana estar\u00e1 en frente el decimotercer clasificado, con tres victorias y seis derrotas en su casillero.<br \/>En cuanto a sus n\u00fameros lejos de su cancha solo ha ganado uno de sus tres encuentros disputados hasta el momento, el triunfo ante el Fuenlabrada. Por el contrario, cay\u00f3 ante Movistar Estudiantes (93-88) y Tizona Burgos (81-73).<\/p>\n<p>En la rueda de prensa previa al choque, el entrenador del S\u00faper Agropal, Natxo Lezkano, afirm\u00f3 que \u00abel equipo se encuentra bien, sin problemas f\u00edsicos y con muchas ganas de jugar\u00bb. En cuanto al rival se\u00f1al\u00f3 que \u00abtuvo un inicio complicado por el calendario\u00bb, ya que les toc\u00f3 jugar en las tres primeras jornadas contra Coru\u00f1a, Estudiantes y Obradoiro, algo que el t\u00e9cnico morado defini\u00f3 como \u00ablos tres grandes\u00bb. \u00abPese a ello, fueron muy competitivos y casi ganan a Obradoiro. Despu\u00e9s de eso, es un equipo que ha crecido\u00bb, indic\u00f3. Y es que el cuadro vasco llega a Palencia tras dos victorias consecutivas.<br \/>Adem\u00e1s, tambi\u00e9n destac\u00f3 que \u00abtodos los equipos guipuzcoanos, tradicionalmente, juegan bien al baloncesto\u00bb. \u00abCuentan con jugadores con experiencia en la categor\u00eda, son muy competitivos y tienen ideas muy interesantes\u00bb, detall\u00f3.<br \/>Por otro lado, ser\u00e1 un d\u00eda de reencuentros, ya que el entrenador del Inveready Gipuzkoa Basket, Sergio Garc\u00eda, regresar\u00e1 a la que fue su casa durante nueve a\u00f1os. De hecho, fue el segundo de Lezkano durante siete de los ocho a\u00f1os que el actual t\u00e9cnico colegial en su primera etapa en la entidad morada. Tras su marcha Sergio Garc\u00eda asumi\u00f3 el rol de primer entrenador durante dos a\u00f1os. \u00abTrabajamos durante muchos a\u00f1os juntos y en el Pabell\u00f3n hay muchos p\u00f3sters nuestros, pero ha pasado mucho tiempo y nos hemos enfrentado ya varias veces\u00bb, se\u00f1al\u00f3. Lezkano reconoci\u00f3 que le \u00abgustar\u00e1 verle y saludar\u00bb y reconoci\u00f3 que, a veces, hablan por tel\u00e9fono o intercambian mensajes \u00absi alguno de los dos necesita algo\u00bb. Sin embargo, subray\u00f3 que \u00abha pasado demasiado tiempo como para que siga siendo un reencuentro especial\u00bb.<\/p>\n<p><img decoding=\"async\" loading=\"lazy\" src=\"https:\/\/www.europesays.com\/es\/wp-content\/uploads\/2025\/12\/4126AA14-CFFE-4C5B-A46FADDEFC52840C.JPG\" alt=\"\u00abTras un inicio dif\u00edcil, el Gipuzkoa viene creciendo\u00bb\" border=\"0\"\/>\u00abTras un inicio dif\u00edcil, el Gipuzkoa viene creciendo\u00bb<\/p>\n<p>Como es l\u00f3gico despu\u00e9s de trabajar juntos durante tanto tiempo, el vasco no cree que el conocerle tanto \u00abno ser\u00e1 una ventaja\u00bb a la hora de preparar el partido. \u00abHa trabajado con otros entrenadores y ha visto cosas que le gustan de otros sitios. Yo tampoco soy el que era y creo que ni el baloncesto lo es, porque creo que va a cambiando a\u00f1o a a\u00f1o\u00bb, aclar\u00f3.<\/p>\n<p>Los de Lezkano llegan tras caer a domicilio ante el l\u00edder, por lo que ha sido una semana de trabajo y de retocar aspectos para el entrenador del conjunto colegial. \u00abAunque hicimos un partido bastante completo hemos corregido algunas cosas que no hicimos del todo bien. Tambi\u00e9n hemos intentado adaptar un poco el juego para el pr\u00f3ximo partido, ya que atacan y defienden de una forma totalmente diferente a lo que es Coru\u00f1a\u00bb, apunt\u00f3.<br \/>Recordar que, pese a la derrota ante el l\u00edder, el S\u00faper Agropal contin\u00faa en la parte alta de la tabla como tercer clasificado, por detr\u00e1s de Coru\u00f1a y Obradoiro e igualado con Estudiantes.<\/p>\n","protected":false},"excerpt":{"rendered":"El S\u00faper Agropal Palencia vuelve a casa tras dos fines de semana sin ver a su afici\u00f3n tras&hellip;\n","protected":false},"author":2,"featured_media":283321,"comment_status":"","ping_status":"","sticky":false,"template":"","format":"standard","meta":{"footnotes":""},"categories":[269],"tags":[299,298,29062,168,25,24,498,3924,6442,23,167,3922],"class_list":{"0":"post-283320","1":"post","2":"type-post","3":"status-publish","4":"format-standard","5":"has-post-thumbnail","7":"category-baloncesto","8":"tag-baloncesto","9":"tag-basketball","10":"tag-cb-tizona","11":"tag-deportes","12":"tag-es","13":"tag-espana","14":"tag-gipuzkoa-basket","15":"tag-movistar-estudiantes","16":"tag-palencia","17":"tag-spain","18":"tag-sports","19":"tag-zunder-palencia"},"share_on_mastodon":{"url":"https:\/\/pubeurope.com\/@es\/115702452065723836","error":""},"_links":{"self":[{"href":"https:\/\/www.europesays.com\/es\/wp-json\/wp\/v2\/posts\/283320","targetHints":{"allow":["GET"]}}],"collection":[{"href":"https:\/\/www.europesays.com\/es\/wp-json\/wp\/v2\/posts"}],"about":[{"href":"https:\/\/www.europesays.com\/es\/wp-json\/wp\/v2\/types\/post"}],"author":[{"embeddable":true,"href":"https:\/\/www.europesays.com\/es\/wp-json\/wp\/v2\/users\/2"}],"replies":[{"embeddable":true,"href":"https:\/\/www.europesays.com\/es\/wp-json\/wp\/v2\/comments?post=283320"}],"version-history":[{"count":0,"href":"https:\/\/www.europesays.com\/es\/wp-json\/wp\/v2\/posts\/283320\/revisions"}],"wp:featuredmedia":[{"embeddable":true,"href":"https:\/\/www.europesays.com\/es\/wp-json\/wp\/v2\/media\/283321"}],"wp:attachment":[{"href":"https:\/\/www.europesays.com\/es\/wp-json\/wp\/v2\/media?parent=283320"}],"wp:term":[{"taxonomy":"category","embeddable":true,"href":"https:\/\/www.europesays.com\/es\/wp-json\/wp\/v2\/categories?post=283320"},{"taxonomy":"post_tag","embeddable":true,"href":"https:\/\/www.europesays.com\/es\/wp-json\/wp\/v2\/tags?post=283320"}],"curies":[{"name":"wp","href":"https:\/\/api.w.org\/{rel}","templated":true}]}}