{"id":283326,"date":"2025-12-11T18:56:12","date_gmt":"2025-12-11T18:56:12","guid":{"rendered":"https:\/\/www.europesays.com\/es\/283326\/"},"modified":"2025-12-11T18:56:12","modified_gmt":"2025-12-11T18:56:12","slug":"toledo-redescubre-a-vicente-cutanda-a-traves-de-una-exposicion-en-el-museo-de-santa-cruz","status":"publish","type":"post","link":"https:\/\/www.europesays.com\/es\/283326\/","title":{"rendered":"Toledo redescubre a Vicente Cutanda a trav\u00e9s de una exposici\u00f3n en el Museo de Santa Cruz"},"content":{"rendered":"<p style=\"\">El Museo de Santa Cruz ha inaugurado este 10 de diciembre una gran exposici\u00f3n monogr\u00e1fica dedicada a la<strong> figura y la obra del pintor Vicente Cutanda y Toraya<\/strong> (1860\u20131945), considerado uno de los grandes referentes del <strong>realismo social vasco<\/strong> y una  &#8230; de las voces m\u00e1s singulares de la pintura espa\u00f1ola de finales del siglo XIX y comienzos del XX.<strong> La muestra permanecer\u00e1 abierta al p\u00fablico hasta el 8 de marzo.<\/strong><\/p>\n<p class=\"voc-p\" style=\"\">La exposici\u00f3n re\u00fane un importante conjunto de obras procedentes de diversos <strong>prestadores p\u00fablicos y privados<\/strong>, lo que permite realizar un recorrido completo por la trayectoria art\u00edstica de Cutanda, desde sus primeras obras de formaci\u00f3n hasta <strong>sus piezas m\u00e1s representativas<\/strong>, entre ellas varias consideradas hitos del realismo social espa\u00f1ol.<\/p>\n<p class=\"voc-p\" style=\"\">El comisariado de la exposici\u00f3n, que se presenta como un homenaje cient\u00edfico y humano, corresponde a t\u00edtulo p\u00f3stumo a <strong>Francisco Garc\u00eda Mart\u00edn<\/strong>, historiador y profundo conocedor de la obra del pintor, cuya inesperada p\u00e9rdida dej\u00f3 este proyecto como<strong> uno de sus \u00faltimos trabajos<\/strong>. La coordinaci\u00f3n de la muestra ha sido asumida por Antonio D\u00e1vila Serrano y Jos\u00e9 Domingo Delgado Bedmar, quienes han culminado la estructura expositiva respetando fielmente el planteamiento original del comisario.<\/p>\n<p><img decoding=\"async\" loading=\"lazy\" src=\"https:\/\/www.europesays.com\/es\/wp-content\/uploads\/2025\/12\/WhatsApp Image 2025-12-10 at 16.47.12-U08686175478IHt-760x427@diario_abc.jpg\" class=\"voc-img\" width=\"760\" height=\"427\" alt=\"La muestra ha sido inaugurada este mi\u00e9rcoles con la asistencia de las autoridades, los coordinadores de la exposici\u00f3n, el Comit\u00e9 Cient\u00edfico y la familia del autor\" data-voc-vtm-id=\"in-text-traffic\"\/><\/p>\n<p>La muestra ha sido inaugurada este mi\u00e9rcoles con la asistencia de las autoridades, los coordinadores de la exposici\u00f3n, el Comit\u00e9 Cient\u00edfico y la familia del autor<\/p>\n<p class=\"voc-p\" style=\"\">Asimismo, la organizaci\u00f3n de la exposici\u00f3n ha contado con un<strong> Comit\u00e9 Organizador<\/strong> integrado por Jos\u00e9 Mar\u00eda San Rom\u00e1n Cutanda, Rosalina Aguado G\u00f3mez, \u00c1ngel S\u00e1nchez-Cabezudo P\u00e9rez, Luis Miguel Garc\u00eda-Bermejo Alonso y Pablo Sanguino Arellano, encargados de articular la colaboraci\u00f3n institucional, supervisar los contenidos y favorecer la participaci\u00f3n de entidades y coleccionistas.<\/p>\n<p>\nParticipaci\u00f3n de la familia del pintor\n<\/p>\n<p class=\"voc-p\" style=\"\">La exposici\u00f3n ha contado tambi\u00e9n con una <strong>participaci\u00f3n muy significativa de la familia del pintor<\/strong>, que ha colaborado activamente en la aportaci\u00f3n de obras, la localizaci\u00f3n de documentaci\u00f3n hist\u00f3rica y materiales in\u00e9ditos, as\u00ed como en el acompa\u00f1amiento general del proyecto, contribuyendo decisivamente a ofrecer una <strong>visi\u00f3n m\u00e1s completa y cercana de la figura de Cutanda.<\/strong><\/p>\n<p class=\"voc-p\" style=\"\">Durante la inauguraci\u00f3n, en la que se ha dado cita una importante representaci\u00f3n cultural de la ciudad y la regi\u00f3n, el director del Museo de Santa Cruz, Antonio D\u00e1vila, destac\u00f3 \u00abla importancia de este proyecto para dar a conocer a un pintor toledano de adopci\u00f3n que ha sido referencia del realismo social en Espa\u00f1a y en Europa\u00bb, subrayando adem\u00e1s el valor de <strong>rescatar una obra que dialoga de manera profunda con los desaf\u00edos sociales de su tiempo.<\/strong><\/p>\n<p class=\"voc-p\" style=\"\">Por su parte, Jos\u00e9 Mar\u00eda San Rom\u00e1n Cutanda, descendiente directo del pintor, afirm\u00f3 que \u00abesta muestra es un<strong> acto de justicia<\/strong> que Toledo ten\u00eda que hacer a Vicente Cutanda, y llega precisamente en el d\u00eda en que se cumplen cien a\u00f1os de su fallecimiento,<strong> devolviendo al maestro al lugar que merece<\/strong> y poniendo en valor una figura que, en ocasiones, ha sido olvidada en exceso\u00bb.<\/p>\n<p class=\"voc-p\" style=\"\">Asimismo, la consejera de Cultura y Deportes se\u00f1al\u00f3 que Cutanda fue \u00abuna voz para quienes no ten\u00edan voz, un<strong> artista que supo representar la dignidad de los m\u00e1s humildes<\/strong> y que elev\u00f3 a la categor\u00eda de arte las realidades m\u00e1s duras de la sociedad de su tiempo\u00bb.<\/p>\n","protected":false},"excerpt":{"rendered":"El Museo de Santa Cruz ha inaugurado este 10 de diciembre una gran exposici\u00f3n monogr\u00e1fica dedicada a la&hellip;\n","protected":false},"author":2,"featured_media":283327,"comment_status":"","ping_status":"","sticky":false,"template":"","format":"standard","meta":{"footnotes":""},"categories":[173],"tags":[229,233,231,230,7383,68484,232,234,146,147,25,24,2003,470,50995,4065,23,1952,3230,13291],"class_list":{"0":"post-283326","1":"post","2":"type-post","3":"status-publish","4":"format-standard","5":"has-post-thumbnail","7":"category-arte-y-diseno","8":"tag-arte","9":"tag-arte-y-diseno","10":"tag-arts","11":"tag-arts-and-design","12":"tag-cruz","13":"tag-cutanda","14":"tag-design","15":"tag-diseno","16":"tag-entertainment","17":"tag-entretenimiento","18":"tag-es","19":"tag-espana","20":"tag-exposicion","21":"tag-museo","22":"tag-redescubre","23":"tag-santa","24":"tag-spain","25":"tag-toledo","26":"tag-traves","27":"tag-vicente"},"share_on_mastodon":{"url":"https:\/\/pubeurope.com\/@es\/115702463581345191","error":""},"_links":{"self":[{"href":"https:\/\/www.europesays.com\/es\/wp-json\/wp\/v2\/posts\/283326","targetHints":{"allow":["GET"]}}],"collection":[{"href":"https:\/\/www.europesays.com\/es\/wp-json\/wp\/v2\/posts"}],"about":[{"href":"https:\/\/www.europesays.com\/es\/wp-json\/wp\/v2\/types\/post"}],"author":[{"embeddable":true,"href":"https:\/\/www.europesays.com\/es\/wp-json\/wp\/v2\/users\/2"}],"replies":[{"embeddable":true,"href":"https:\/\/www.europesays.com\/es\/wp-json\/wp\/v2\/comments?post=283326"}],"version-history":[{"count":0,"href":"https:\/\/www.europesays.com\/es\/wp-json\/wp\/v2\/posts\/283326\/revisions"}],"wp:featuredmedia":[{"embeddable":true,"href":"https:\/\/www.europesays.com\/es\/wp-json\/wp\/v2\/media\/283327"}],"wp:attachment":[{"href":"https:\/\/www.europesays.com\/es\/wp-json\/wp\/v2\/media?parent=283326"}],"wp:term":[{"taxonomy":"category","embeddable":true,"href":"https:\/\/www.europesays.com\/es\/wp-json\/wp\/v2\/categories?post=283326"},{"taxonomy":"post_tag","embeddable":true,"href":"https:\/\/www.europesays.com\/es\/wp-json\/wp\/v2\/tags?post=283326"}],"curies":[{"name":"wp","href":"https:\/\/api.w.org\/{rel}","templated":true}]}}