{"id":283357,"date":"2025-12-11T19:18:08","date_gmt":"2025-12-11T19:18:08","guid":{"rendered":"https:\/\/www.europesays.com\/es\/283357\/"},"modified":"2025-12-11T19:18:08","modified_gmt":"2025-12-11T19:18:08","slug":"cristina-pedroche-y-alberto-chicote-posan-antes-de-las-campanadas-2025","status":"publish","type":"post","link":"https:\/\/www.europesays.com\/es\/283357\/","title":{"rendered":"Cristina Pedroche y Alberto Chicote posan antes de las Campanadas 2025"},"content":{"rendered":"<p class=\"article-text\">\n        Los posados de <strong>Cristina Pedroche<\/strong> y<strong> Alberto Chicote<\/strong>, presentadores de las Campanadas en <strong>Atresmedia<\/strong>, ya han visto la luz. Por d\u00e9cimo a\u00f1o consecutivo juntos, la pareja vuelve a ponerse al frente de la retransmisi\u00f3n m\u00e1s emblem\u00e1tica del a\u00f1o. Los espectadores de <strong>Antena 3<\/strong> y <strong>laSexta <\/strong>\u2014por primera vez <a href=\"https:\/\/www.eldiario.es\/vertele\/noticias\/atresmedia-unifica-campanadas-pedroche-chicote-antena-3-lasexta-atresplayer_1_12709834.html\" target=\"_blank\" data-mrf-recirculation=\"links-noticia\" class=\"link\" rel=\"nofollow noopener\">en simulcast<\/a>\u2014 podr\u00e1n despedir el 2025 y dar la bienvenida al 2026 con el reloj de la madrile\u00f1a Puerta del Sol.\n    <\/p>\n<p class=\"article-text\">\n        Esta dupla, ya tradicional para acompa\u00f1ar a la audiencia durante las doce uvas, se enfrentar\u00e1 a los perfiles elegidos por la competencia. Por un lado, <strong>RTVE <\/strong>eligi\u00f3 a <strong>Andreu Buenafuente <\/strong>y <strong>Silvia Abril <\/strong>como capitanes de la \u00faltima noche del a\u00f1o. Por el otro, <strong>Mediaset <\/strong>confi\u00f3 en dos rostros clave en la programaci\u00f3n de Telecinco y Cuatro: <strong>Sandra Barneda <\/strong>y <strong>Xuso Jones<\/strong>, presentadores de La isla de las tentaciones y Lo sabe, no lo sabe respectivamente.\n    <\/p>\n<p class=\"article-text\">\n        Pedroche, quien acumula doce retransmisiones a sus espaldas, ha manifestado el \u201chonor inmenso\u201d que siente ante la apuesta de Atresmedia: \u201cLo siento como un <strong>ciclo perfecto<\/strong>, como una vuelta completa al reloj de esta noche tan especial\u201d. Cabe recordar que fue en 2014 cuando debut\u00f3 al frente de unas Campanadas: junto a Frank Blanco, logr\u00f3 un sorprendente <a href=\"https:\/\/www.eldiario.es\/vertele\/videos\/actualidad\/campanadas-ramontxu-chiringuito-pedroche-antena_1_7626054.html\" target=\"_blank\" data-mrf-recirculation=\"links-noticia\" class=\"link\" rel=\"nofollow noopener\">9.7% de cuota y 1.395.000 espectadores<\/a>. Incluso super\u00f3 en audiencias a Antena 3, que contaba con Carlos Sobera y Anna Sim\u00f3n.\n    <\/p>\n<p class=\"article-text\">\n        Chicote tambi\u00e9n se pronuncia en t\u00e9rminos similares: \u201cEste a\u00f1o lo afronto con la<strong> misma ilusi\u00f3n del primero<\/strong>. Tener la oportunidad de compartir este momento y por duod\u00e9cima vez, es un aut\u00e9ntico privilegio. Es absolutamente m\u00e1gico y muy especial, adem\u00e1s que este a\u00f1o ser\u00e1 retransmitido en Antena 3, laSexta y Atresplayer, y as\u00ed todas las personas desde cualquier parte del mundo pueden disfrutar de la salida y entrada del a\u00f1o en nuestra compa\u00f1\u00eda\u201d.\n    <\/p>\n<p>    Santiago Segura, la sorpresa de Atresmedia para las Campanadas<\/p>\n<p class=\"article-text\">\n        En un encuentro con <strong>verTele <\/strong>y otros medios, el cocinero admiti\u00f3 que <a href=\"https:\/\/www.eldiario.es\/vertele\/entrevistas\/chicote-alaba-buenafuente-campanadas-rtve-saludo-broncano-elegante_1_12808784.html\" target=\"_blank\" data-mrf-recirculation=\"links-noticia\" class=\"link\" rel=\"nofollow noopener\">Atresmedia se guardaba sorpresas<\/a> para atrapar al p\u00fablico. Escasos d\u00edas despu\u00e9s, el grupo audiovisual confirm\u00f3 la presencia de<strong> Santiago Segura<\/strong>: el actor y cineasta aparecer\u00e1 durante la retransmisi\u00f3n porque \u201c<strong>tiene mucho que contar<\/strong>\u201d. Desvelar\u00e1 una informaci\u00f3n sorpresa el propio 31 de diciembre, en riguroso directo.\n    <\/p>\n<p>    Fotogaler\u00eda con los posados de Cristina Pedroche y Alberto Chicote:<\/p>\n","protected":false},"excerpt":{"rendered":"Los posados de Cristina Pedroche y Alberto Chicote, presentadores de las Campanadas en Atresmedia, ya han visto la&hellip;\n","protected":false},"author":2,"featured_media":283358,"comment_status":"","ping_status":"","sticky":false,"template":"","format":"standard","meta":{"footnotes":""},"categories":[174],"tags":[45,3076,9125,151,48603,255,38680,7538,146,147,25,24,256,32459,41624,23],"class_list":{"0":"post-283357","1":"post","2":"type-post","3":"status-publish","4":"format-standard","5":"has-post-thumbnail","7":"category-famosos","8":"tag-45","9":"tag-3076","10":"tag-alberto","11":"tag-atresmedia","12":"tag-campanadas","13":"tag-celebrities","14":"tag-chicote","15":"tag-cristina","16":"tag-entertainment","17":"tag-entretenimiento","18":"tag-es","19":"tag-espana","20":"tag-famosos","21":"tag-pedroche","22":"tag-posan","23":"tag-spain"},"share_on_mastodon":{"url":"https:\/\/pubeurope.com\/@es\/115702550994260786","error":""},"_links":{"self":[{"href":"https:\/\/www.europesays.com\/es\/wp-json\/wp\/v2\/posts\/283357","targetHints":{"allow":["GET"]}}],"collection":[{"href":"https:\/\/www.europesays.com\/es\/wp-json\/wp\/v2\/posts"}],"about":[{"href":"https:\/\/www.europesays.com\/es\/wp-json\/wp\/v2\/types\/post"}],"author":[{"embeddable":true,"href":"https:\/\/www.europesays.com\/es\/wp-json\/wp\/v2\/users\/2"}],"replies":[{"embeddable":true,"href":"https:\/\/www.europesays.com\/es\/wp-json\/wp\/v2\/comments?post=283357"}],"version-history":[{"count":0,"href":"https:\/\/www.europesays.com\/es\/wp-json\/wp\/v2\/posts\/283357\/revisions"}],"wp:featuredmedia":[{"embeddable":true,"href":"https:\/\/www.europesays.com\/es\/wp-json\/wp\/v2\/media\/283358"}],"wp:attachment":[{"href":"https:\/\/www.europesays.com\/es\/wp-json\/wp\/v2\/media?parent=283357"}],"wp:term":[{"taxonomy":"category","embeddable":true,"href":"https:\/\/www.europesays.com\/es\/wp-json\/wp\/v2\/categories?post=283357"},{"taxonomy":"post_tag","embeddable":true,"href":"https:\/\/www.europesays.com\/es\/wp-json\/wp\/v2\/tags?post=283357"}],"curies":[{"name":"wp","href":"https:\/\/api.w.org\/{rel}","templated":true}]}}