{"id":283394,"date":"2025-12-11T19:46:14","date_gmt":"2025-12-11T19:46:14","guid":{"rendered":"https:\/\/www.europesays.com\/es\/283394\/"},"modified":"2025-12-11T19:46:14","modified_gmt":"2025-12-11T19:46:14","slug":"seleccion-peruana-fuimos-heroes-el-documental-por-que-es-importante-rendir-homenaje-en-vida-a-los-campeones-de-la-copa-america-1975-deporte-total","status":"publish","type":"post","link":"https:\/\/www.europesays.com\/es\/283394\/","title":{"rendered":"Selecci\u00f3n peruana | Fuimos H\u00e9roes, el documental: \u00bfPor qu\u00e9 es importante rendir homenaje en vida a los campeones de la Copa Am\u00e9rica 1975? | DEPORTE-TOTAL"},"content":{"rendered":"<p itemprop=\"description\" class=\"story-contents__font-paragraph \">En una \u00e9poca que solo se puede conocer en la revista \u201cOvaci\u00f3n\u201d de Pocho, Otorino Sartor era el arquero de la selecci\u00f3n de Per\u00fa. Le sal\u00eda el rulito en la frente, como Superman. Vest\u00eda short blanco y camiseta manga larga verde. Cuando hab\u00eda un extra, se compraba unos macarios. Una tarde, despu\u00e9s de ver parte de la campa\u00f1a de 1975 en You Tube, le pregunt\u00e9 por qu\u00e9 tapaba sin guantes, cu\u00e1l era la raz\u00f3n. \u201cNo hab\u00eda y no ten\u00eda, hijo. Y no sabes, un pelotazo de esos me dol\u00eda tres d\u00edas. Quemaba como no tienes idea\u201d. En octubre de ese a\u00f1o fue campe\u00f3n de Am\u00e9rica, junto a otros compa\u00f1eros que hicieron decenas de sacrificios parecidos, algunos m\u00e1s p\u00fablicos que otros: Alfredo Quesada iba en bicicleta a los entrenamientos, Te\u00f3filo Cubillas cruzaba el oc\u00e9ano desde Portugal, el Cholo Sotil se \u201cescapaba\u201d de Barcelona, H\u00e9ctor Chumpitaz se dorm\u00eda en el bus para recuperar energ\u00eda de su labor como pap\u00e1 primerizo. Y as\u00ed, todos los dem\u00e1s, a su manera.<\/p>\n<blockquote class=\"story-contents__blockquote\"><p>LEE: <a href=\"https:\/\/elcomercio.pe\/deporte-total\/seleccion\/fuimos-heroes-el-backstage-asi-se-grabo-el-documental-que-rinde-homenaje-al-peru-campeon-de-la-copa-america-1975-noticia\/\" target=\"_self\" rel=\"nofollow noopener\" title=\"https:\/\/elcomercio.pe\/deporte-total\/seleccion\/fuimos-heroes-el-backstage-asi-se-grabo-el-documental-que-rinde-homenaje-al-peru-campeon-de-la-copa-america-1975-noticia\/\">\u201cFuimos H\u00e9roes\u201d, el backstage: as\u00ed se grab\u00f3 el documental que rinde homenaje al Per\u00fa campe\u00f3n de la Copa Am\u00e9rica 1975<\/a><\/p><\/blockquote>\n<p itemprop=\"description\" class=\"story-contents__font-paragraph \">Por eso, cuando visito a algunos de esos se\u00f1ores, no tengo palabras para renovarles mi agradecimiento. Hasta que hace m\u00e1s de un a\u00f1o, en la oficina de Juan Aurelio Ar\u00e9valo, Director Periodistico de El Comercio, surgi\u00f3 la idea de <a itemprop=\"url\" href=\"https:\/\/elcomercio.pe\/deporte-total\/seleccion\/fuimos-heroes-el-backstage-asi-se-grabo-el-documental-que-rinde-homenaje-al-peru-campeon-de-la-copa-america-1975-noticia\/\" target=\"_self\" rel=\"nofollow noopener\" title=\"https:\/\/elcomercio.pe\/deporte-total\/seleccion\/fuimos-heroes-el-backstage-asi-se-grabo-el-documental-que-rinde-homenaje-al-peru-campeon-de-la-copa-america-1975-noticia\/\">Fuimos H\u00e9roes<\/a>. <\/p>\n<p itemprop=\"description\" class=\"story-contents__font-paragraph \">Este documental, acaso el m\u00e1s ambicioso proyecto de Deporte Total en 40 a\u00f1os de vida -el pr\u00f3ximo julio 2026 es la fiesta-, cumple esa tarea. Aplaudir mientras ellos, los campeones, pueden escuchar los aplausos. Acostumbrados como estamos a olvidar el pasado y, sin embargo, a buscar d\u00f3nde se perdieron nuestras ra\u00edces, Fuimos H\u00e9roes se estrena con la \u00fanica, privilegiada misi\u00f3n de servir como puente para que todas las generaciones lo crucen y, quiz\u00e1, se miren en \u00e9l.<\/p>\n<p itemprop=\"description\" class=\"story-contents__font-paragraph \">Existi\u00f3 una \u00e9poca amateur donde no se pensaba en el carro, el b\u00fanker ni los aritos. Un tiempo en que los futbolistas estudiaban Medicina, Contabilidad, Derecho. Un a\u00f1o, 1975, donde la selecci\u00f3n peruana ganaba. Quiz\u00e1 viendo este documental podamos recordar eso de lo que fuimos capaces, y repetirlo.<\/p>\n<p itemprop=\"description\" class=\"story-contents__font-paragraph \">F U I M O S H \u00c9 R O E S se estrena hoy 11 de diciembre en las salas de cine de <a itemprop=\"url\" href=\"https:\/\/www.cineplanet.com.pe\/peliculas\/fuimos-heroes\/\" target=\"_self\" rel=\"nofollow noopener\" title=\"https:\/\/www.cineplanet.com.pe\/peliculas\/fuimos-heroes\">Cineplanet<\/a>, Cinemark y Cin\u00e9polis. <\/p>\n<p>SOBRE EL AUTOR<a itemprop=\"url\" href=\"https:\/\/elcomercio.pe\/autor\/miguel-villegas\/\" target=\"_blank\" rel=\"noreferrer nofollow noopener\"><img src=\"https:\/\/www.europesays.com\/es\/wp-content\/uploads\/2025\/12\/https:\/\/s3.amazonaws.com\/arc-authors\/elcomercio\/2fdf1cca-ccc2-4d7f-9913-62a3f85e4d85.png\" alt=\"Miguel Villegas\" decoding=\"async\" class=\"lazy story-contents__about-author-image lazy\"\/><\/a><a class=\"story-contents__about-author-social-icon\" href=\"https:\/\/twitter.com\/prakzis\" itemprop=\"url\" rel=\"noreferrer nofollow noopener\" aria-label=\"Leer mas contenido del autor en twitter\" target=\"_blank\"><img loading=\"lazy\" decoding=\"async\" src=\"https:\/\/cdna.elcomercio.pe\/resources\/dist\/elcomercio\/images\/svgto_x_dark_op.png\" alt=\"x-twitter\" width=\"18\" height=\"18\"\/><\/a><\/p>\n<p class=\"story-contents__about-author-bio\">Estudi\u00f3 Comunicaciones en la Universidad de San Mart\u00edn de Porres (USMP). Ingres\u00f3 a El Comercio en el 2004, y trabaj\u00f3 diez a\u00f1os para Deporte Total. En el 2015 se mud\u00f3 al equipo web del diario para formar parte de Mesa Digital y la revista Somos. Hoy es subjefe de Gesti\u00f3n Digital de El Comercio.\n<\/p>\n<p><script async src=\"https:\/\/platform.twitter.com\/widgets.js\" charset=\"utf-8\"><\/script><\/p>\n","protected":false},"excerpt":{"rendered":"En una \u00e9poca que solo se puede conocer en la revista \u201cOvaci\u00f3n\u201d de Pocho, Otorino Sartor era el&hellip;\n","protected":false},"author":2,"featured_media":283395,"comment_status":"","ping_status":"","sticky":false,"template":"","format":"standard","meta":{"footnotes":""},"categories":[169],"tags":[68493,177,68491,68492,146,147,25,24,176,68490,61208,61209,175,705,61205,23],"class_list":{"0":"post-283394","1":"post","2":"type-post","3":"status-publish","4":"format-standard","5":"has-post-thumbnail","7":"category-cine","8":"tag-cachito-ramirez","9":"tag-cine","10":"tag-documental-el-comercio","11":"tag-documental-fuimos-heroes","12":"tag-entertainment","13":"tag-entretenimiento","14":"tag-es","15":"tag-espana","16":"tag-film","17":"tag-fuimos-heroes","18":"tag-hector-chumpitaz","19":"tag-juan-carlos-oblitas","20":"tag-movies","21":"tag-peru","22":"tag-seleccion-peruana","23":"tag-spain"},"share_on_mastodon":{"url":"https:\/\/pubeurope.com\/@es\/115702660711408940","error":""},"_links":{"self":[{"href":"https:\/\/www.europesays.com\/es\/wp-json\/wp\/v2\/posts\/283394","targetHints":{"allow":["GET"]}}],"collection":[{"href":"https:\/\/www.europesays.com\/es\/wp-json\/wp\/v2\/posts"}],"about":[{"href":"https:\/\/www.europesays.com\/es\/wp-json\/wp\/v2\/types\/post"}],"author":[{"embeddable":true,"href":"https:\/\/www.europesays.com\/es\/wp-json\/wp\/v2\/users\/2"}],"replies":[{"embeddable":true,"href":"https:\/\/www.europesays.com\/es\/wp-json\/wp\/v2\/comments?post=283394"}],"version-history":[{"count":0,"href":"https:\/\/www.europesays.com\/es\/wp-json\/wp\/v2\/posts\/283394\/revisions"}],"wp:featuredmedia":[{"embeddable":true,"href":"https:\/\/www.europesays.com\/es\/wp-json\/wp\/v2\/media\/283395"}],"wp:attachment":[{"href":"https:\/\/www.europesays.com\/es\/wp-json\/wp\/v2\/media?parent=283394"}],"wp:term":[{"taxonomy":"category","embeddable":true,"href":"https:\/\/www.europesays.com\/es\/wp-json\/wp\/v2\/categories?post=283394"},{"taxonomy":"post_tag","embeddable":true,"href":"https:\/\/www.europesays.com\/es\/wp-json\/wp\/v2\/tags?post=283394"}],"curies":[{"name":"wp","href":"https:\/\/api.w.org\/{rel}","templated":true}]}}