{"id":283400,"date":"2025-12-11T19:50:12","date_gmt":"2025-12-11T19:50:12","guid":{"rendered":"https:\/\/www.europesays.com\/es\/283400\/"},"modified":"2025-12-11T19:50:12","modified_gmt":"2025-12-11T19:50:12","slug":"reunion-de-upsj-con-la-comision-pedagogica-del-cej-union-progresista-de-letrados-de-la-administracion-de-justicia","status":"publish","type":"post","link":"https:\/\/www.europesays.com\/es\/283400\/","title":{"rendered":"REUNI\u00d3N DE UPSJ CON LA COMISI\u00d3N PEDAG\u00d3GICA DEL CEJ &#8211; Uni\u00f3n Progresista de Letrados de la Administraci\u00f3n de Justicia"},"content":{"rendered":"<p><a href=\"https:\/\/www.europesays.com\/es\/wp-content\/uploads\/2025\/07\/Screenshot_20210924-155711_Word-300x272.jpg\"><img loading=\"lazy\" decoding=\"async\" class=\"alignnone size-full wp-image-6966\" src=\"https:\/\/www.europesays.com\/es\/wp-content\/uploads\/2025\/07\/Screenshot_20210924-155711_Word-300x272.jpg\" alt=\"Screenshot_20210924-155711_Word-300x272\" width=\"300\" height=\"272\"\/><\/a><\/p>\n<p style=\"text-align: justify;\"><strong>UPSJ se ha reunido, a trav\u00e9s de Teams, con la Comisi\u00f3n Pedag\u00f3gica del Centro de Estudios Jur\u00eddicos (CEJ).<\/strong><\/p>\n<p style=\"text-align: justify;\">Durante el encuentro, el CEJ inform\u00f3 sobre el estado de ejecuci\u00f3n del <strong>Plan Estrat\u00e9gico 2025-2027<\/strong> y present\u00f3 el balance de la formaci\u00f3n impartida al cuerpo de Letrados de la Administraci\u00f3n de Justicia (LAJ). Desde UPSJ queremos <strong>agradecer al CEJ el esfuerzo y la calidad de la formaci\u00f3n que viene ofreciendo<\/strong>, fundamental para el desarrollo profesional de nuestro colectivo.<\/p>\n<p style=\"text-align: justify;\">El CEJ present\u00f3 las l\u00edneas generales de la planificaci\u00f3n formativa desarrollada durante este a\u00f1o, as\u00ed como las previstas para 2026, poniendo especial \u00e9nfasis en la formaci\u00f3n dirigida a los LAJ en el marco de la transformaci\u00f3n organizativa y tecnol\u00f3gica, sin dejar de lado la necesaria capacitaci\u00f3n en materia internacional.<\/p>\n<p style=\"text-align: justify;\">En relaci\u00f3n con la pr\u00f3xima <strong>promoci\u00f3n 48 de LAJ,<\/strong> prevista de gran volumen, se indic\u00f3 que se primar\u00e1 la formaci\u00f3n <strong>online<\/strong>, ante la falta de espacio suficiente para impartir formaci\u00f3n presencial si se cubren todas las plazas. <strong>UPSJ reiter\u00f3 la necesidad de que toda la formaci\u00f3n, especialmente la inicial, sea prioritaria en modalidad presencial<\/strong>, por su importancia en la preparaci\u00f3n y adaptaci\u00f3n al puesto.<\/p>\n<p style=\"text-align: justify;\">Respecto a las <strong>becas SER\u00c9<\/strong>, el CEJ confirm\u00f3 su continuidad y desarrollo dentro del marco estrat\u00e9gico, destacando la intenci\u00f3n de mejorar su difusi\u00f3n, accesibilidad y aprovechamiento para la formaci\u00f3n especializada.<\/p>\n<p style=\"text-align: justify;\">Por otro lado, se inform\u00f3 sobre las mejoras previstas en el sistema de <strong>pago de la cuenta justificativa<\/strong>, orientadas a agilizar los plazos, simplificar los requisitos administrativos y garantizar una gesti\u00f3n m\u00e1s eficiente y uniforme para todos los beneficiarios.<\/p>\n<p style=\"text-align: justify;\">Desde UPSJ trasladamos esta informaci\u00f3n a nuestros afiliados, subrayando la necesidad de <strong>reforzar la dotaci\u00f3n presupuestaria del CEJ<\/strong> para asegurar una formaci\u00f3n continua, especializada y adaptada al nuevo marco derivado de la implantaci\u00f3n de la <strong>NUMO<\/strong> y de los <strong>Tribunales de Instancia<\/strong>.<\/p>\n<p style=\"text-align: justify;\">Secretariado de UPSJ<\/p>\n","protected":false},"excerpt":{"rendered":"UPSJ se ha reunido, a trav\u00e9s de Teams, con la Comisi\u00f3n Pedag\u00f3gica del Centro de Estudios Jur\u00eddicos (CEJ).&hellip;\n","protected":false},"author":2,"featured_media":13264,"comment_status":"","ping_status":"","sticky":false,"template":"","format":"standard","meta":{"footnotes":""},"categories":[81],"tags":[119,123,124,25,24,117,121,122,23,118,120],"class_list":{"0":"post-283400","1":"post","2":"type-post","3":"status-publish","4":"format-standard","5":"has-post-thumbnail","7":"category-ciencia-y-tecnologia","8":"tag-ciencia","9":"tag-ciencia-y-tecnologia","10":"tag-cienciaytecnologia","11":"tag-es","12":"tag-espana","13":"tag-science","14":"tag-science-and-technology","15":"tag-scienceandtechnology","16":"tag-spain","17":"tag-technology","18":"tag-tecnologia"},"share_on_mastodon":{"url":"https:\/\/pubeurope.com\/@es\/115702677729513538","error":""},"_links":{"self":[{"href":"https:\/\/www.europesays.com\/es\/wp-json\/wp\/v2\/posts\/283400","targetHints":{"allow":["GET"]}}],"collection":[{"href":"https:\/\/www.europesays.com\/es\/wp-json\/wp\/v2\/posts"}],"about":[{"href":"https:\/\/www.europesays.com\/es\/wp-json\/wp\/v2\/types\/post"}],"author":[{"embeddable":true,"href":"https:\/\/www.europesays.com\/es\/wp-json\/wp\/v2\/users\/2"}],"replies":[{"embeddable":true,"href":"https:\/\/www.europesays.com\/es\/wp-json\/wp\/v2\/comments?post=283400"}],"version-history":[{"count":0,"href":"https:\/\/www.europesays.com\/es\/wp-json\/wp\/v2\/posts\/283400\/revisions"}],"wp:featuredmedia":[{"embeddable":true,"href":"https:\/\/www.europesays.com\/es\/wp-json\/wp\/v2\/media\/13264"}],"wp:attachment":[{"href":"https:\/\/www.europesays.com\/es\/wp-json\/wp\/v2\/media?parent=283400"}],"wp:term":[{"taxonomy":"category","embeddable":true,"href":"https:\/\/www.europesays.com\/es\/wp-json\/wp\/v2\/categories?post=283400"},{"taxonomy":"post_tag","embeddable":true,"href":"https:\/\/www.europesays.com\/es\/wp-json\/wp\/v2\/tags?post=283400"}],"curies":[{"name":"wp","href":"https:\/\/api.w.org\/{rel}","templated":true}]}}