{"id":283405,"date":"2025-12-11T19:53:10","date_gmt":"2025-12-11T19:53:10","guid":{"rendered":"https:\/\/www.europesays.com\/es\/283405\/"},"modified":"2025-12-11T19:53:10","modified_gmt":"2025-12-11T19:53:10","slug":"zapatero-y-felipe-gonzalez-se-reencuentran-en-el-congreso-en-un-homenaje-a-rubalcaba-espana","status":"publish","type":"post","link":"https:\/\/www.europesays.com\/es\/283405\/","title":{"rendered":"Zapatero y Felipe Gonz\u00e1lez se reencuentran en el Congreso en un homenaje a Rubalcaba | Espa\u00f1a"},"content":{"rendered":"<p class=\"\">Alfredo P\u00e9rez <a href=\"https:\/\/elpais.com\/politica\/2019\/05\/10\/actualidad\/1557464508_194765.html\" target=\"_self\" rel=\"nofollow noopener\" title=\"https:\/\/elpais.com\/politica\/2019\/05\/10\/actualidad\/1557464508_194765.html\">Rubalcaba hace ya siete a\u00f1os que falleci\u00f3 <\/a>pero su poder de convicci\u00f3n y para llegar a acuerdos dif\u00edciles e inesperados permiti\u00f3 que <a href=\"https:\/\/www.youtube.com\/live\/44ir-NFI7vg\" target=\"_self\" rel=\"nofollow noopener\" title=\"https:\/\/www.youtube.com\/live\/44ir-NFI7vg\">este jueves se reencontraran en el Congreso los expresidentes socialistas Felipe Gonz\u00e1lez y Jos\u00e9 Luis Rodr\u00edguez Zapatero<\/a>, distanciados hace a\u00f1os. No hubo tiranteces ni discursos contrapuestos. Las Cortes acaban de editar un libro con los 32 mejores o m\u00e1s relevantes discursos del que fue durante dos d\u00e9cadas <a href=\"https:\/\/elpais.com\/politica\/2019\/05\/10\/actualidad\/1557481683_565547.html\" target=\"_self\" rel=\"nofollow noopener\" title=\"https:\/\/elpais.com\/politica\/2019\/05\/10\/actualidad\/1557481683_565547.html\">todos los cargos importantes del PSOE, aunque no lleg\u00f3 a presidente del Gobierno<\/a>. Zapatero y Gonz\u00e1lez convinieron al ensalzar a Rubalcaba como una figura excepcional, alabaron su lealtad e independencia de criterio, su fondo y sus formas amenas y su calado de pol\u00edtico de Estado.<\/p>\n<p class=\"\">La expresidenta del Congreso Meritxell Batet tuvo la idea de editar por parte de las Cortes una serie de libros con las intervenciones m\u00e1s destacadas de los expresidentes del Gobierno y del Parlamento en esta etapa democr\u00e1tica. Un plan que ha puesto en marcha y est\u00e1 ejecutando la actual presidenta, Francina Armengol. Ya han sido <a href=\"https:\/\/elpais.com\/espana\/2025-01-23\/rajoy-reivindica-su-legado-de-gobernante-de-estado-el-consenso-entre-los-dos-grandes-partidos-es-una-necesidad-nacional.html\" target=\"_self\" rel=\"nofollow noopener\" title=\"https:\/\/elpais.com\/espana\/2025-01-23\/rajoy-reivindica-su-legado-de-gobernante-de-estado-el-consenso-entre-los-dos-grandes-partidos-es-una-necesidad-nacional.html\">presentados los libros de Zapatero, Mariano Rajoy, Jos\u00e9 Bono y Ana Pastor.<\/a> Este jueves le toc\u00f3 el turno al de Rubalcaba \u2015que no ha ocupado ninguno de los dos cargos pero con el que se ha hecho una excepci\u00f3n\u2015, cuyo trabajo de recopilaci\u00f3n dentro de su millar de alocuciones le toc\u00f3 a uno de sus excolaboradores, Enrique Guerrero, labor que agradeci\u00f3 su viuda, Pilar Goya.<\/p>\n<p class=\"\"><a href=\"https:\/\/elpais.com\/espana\/2025-02-17\/el-matrimonio-igualitario-y-el-rol-del-lider-de-la-oposicion-zapatero-recupera-su-talante-en-el-congreso.html\" target=\"_self\" rel=\"nofollow noopener\" title=\"https:\/\/elpais.com\/espana\/2025-02-17\/el-matrimonio-igualitario-y-el-rol-del-lider-de-la-oposicion-zapatero-recupera-su-talante-en-el-congreso.html\">Zapatero construy\u00f3 con habilidad una intervenci\u00f3n<\/a> en la que empez\u00f3 y termin\u00f3 con gui\u00f1os a Felipe Gonz\u00e1lez, con el que pr\u00e1cticamente no coincide en nada en los \u00faltimos a\u00f1os, ni en su posici\u00f3n sobre los puntos calientes en geopol\u00edtica internacional pero tampoco en la valoraci\u00f3n de muchas iniciativas del actual presidente, Pedro S\u00e1nchez. Hac\u00eda mucho tiempo, adem\u00e1s, que no coincid\u00edan en un acto en un mismo espacio pol\u00edtico. Hace poco se vieron en la sala de producci\u00f3n de <a href=\"https:\/\/www.movistarplus.es\/documentales\/la-ultima-llamada\/ficha?tipo=E&amp;id=4127484\" target=\"_self\" rel=\"nofollow noopener\" title=\"https:\/\/www.movistarplus.es\/documentales\/la-ultima-llamada\/ficha?tipo=E&amp;id=4127484\">la serie de Movistar La \u00faltima llamada,<\/a> pero apenas conversaron. Zapatero comenz\u00f3 por valorar que los dos estuvieran en el mismo acto de reconocimiento a Rubalcaba, al que catalog\u00f3 como \u201cuno de los grandes de la democracia espa\u00f1ola\u201d que acaba de cumplir 50 a\u00f1os.<\/p>\n<p class=\"\">Armengol, Guerrero, Zapatero y Gonz\u00e1lez coincidieron al ensalzar que uno de los grandes m\u00e9ritos que todo el mundo reconoce en Rubalcaba era que ten\u00eda opini\u00f3n para casi todo y buena, \u00fatil, eficaz. Zapatero incluy\u00f3 adem\u00e1s que para un presidente del Gobierno, que es el que siempre recibe \u201cla \u00faltima llamada\u201d como cont\u00f3 Gonz\u00e1lez que le hab\u00eda referido al escritor \u00c1lvaro Mutis, lo que se agradece de un asesor es su seguridad en los consejos.<\/p>\n<p class=\"\">Rubalcaba estuvo detr\u00e1s, al lado o en la sombra de los expresidentes socialistas en muchas de las grandes decisiones que tuvieron que adoptar en sus mandatos, pero resaltan especialmente el fin de ETA, la estrategia frente a la deriva del proceso independentista en Catalu\u00f1a y la abdicaci\u00f3n de Juan Carlos I. Tras su fallecimiento <a href=\"https:\/\/elpais.com\/elpais\/2019\/05\/10\/album\/1557505993_222929.html\" target=\"_self\" rel=\"nofollow noopener\" title=\"https:\/\/elpais.com\/elpais\/2019\/05\/10\/album\/1557505993_222929.html\">se instal\u00f3 una capilla ardiente en el Congreso <\/a>a la que acudieron miles de personas.<\/p>\n<p class=\"\">El expresidente Zapatero tambi\u00e9n revel\u00f3, como an\u00e9cdota, que un mes antes de vencer a Jos\u00e9 Bono en el Congreso del PSOE de 2000 Rubalcaba le invit\u00f3 a comer para convencerle de que retirara su candidatura, se integrara en la de su rival y esperara a protagonizar el futuro del partido en otro momento. Casi lo logra. Todos los oradores ensalzaron el don de la palabra bien trabajada de Rubalcaba, sus frases redondas, su facilidad para construir titulares, su parlamento. Zapatero cont\u00f3 la noche m\u00e1s dif\u00edcil de su colaboraci\u00f3n cuando se estaba ultimando el fin de la violencia de la banda ETA, en Noruega, y recibi\u00f3 una llamada en la que se le traslad\u00f3 que el n\u00famero 1 de la organizaci\u00f3n terrorista exig\u00eda tener una conversaci\u00f3n telef\u00f3nica con el presidente del Gobierno en ejercicio bajo la amenaza de hacer explotar una serie de bombas en Espa\u00f1a. Rubalcaba le recomend\u00f3 aguantar y el envite funcion\u00f3. Al final, para dar introducci\u00f3n a Gonz\u00e1lez, Zapatero confes\u00f3 que entre las muchas debilidades de Rubalcaba la mayor hab\u00eda sido la que siempre tuvo por el primer presidente socialista de esta etapa democr\u00e1tica.<\/p>\n<p class=\"\">Felipe Gonz\u00e1lez resumi\u00f3 la definici\u00f3n de la \u201cbrillantez\u201d pol\u00edtica de Rubalcaba con una clasificaci\u00f3n conceptual: \u201cLa autonom\u00eda personal significativa\u201d. El expresidente glos\u00f3 como los dem\u00e1s la capacidad oratoria, la empat\u00eda y la \u201cintensa actividad inimaginable\u201d de Rubalcaba, pero para priorizar que lo m\u00e1s importante del exsecretario general del PSOE y exministro de varias carteras era su \u201clealtad a s\u00ed mismo, a sus valores, a decir lo que pensaba de verdad, que le llevaba a no depender de nadie en concreto\u201d. Gonz\u00e1lez confes\u00f3, al final, que todav\u00eda no ha podido borrar ni el n\u00famero de tel\u00e9fono ni los mensajes de su exministro.<\/p>\n","protected":false},"excerpt":{"rendered":"Alfredo P\u00e9rez Rubalcaba hace ya siete a\u00f1os que falleci\u00f3 pero su poder de convicci\u00f3n y para llegar a&hellip;\n","protected":false},"author":2,"featured_media":283406,"comment_status":"","ping_status":"","sticky":false,"template":"","format":"standard","meta":{"footnotes":""},"categories":[8],"tags":[68525,17,18,4456,11298,68526,68529,25,24,13,14,42487,48770,11,68527,68528,68530,19,20,65112,9,10,15,16,68524,61888,1699,23,12,21,22],"class_list":{"0":"post-283405","1":"post","2":"type-post","3":"status-publish","4":"format-standard","5":"has-post-thumbnail","7":"category-espana","8":"tag-alfredo-perez-rubalcaba","9":"tag-breaking-news","10":"tag-breakingnews","11":"tag-congreso-diputados","12":"tag-constitucion","13":"tag-elena-valenciano","14":"tag-enrique-guerrero","15":"tag-es","16":"tag-espana","17":"tag-featured-news","18":"tag-featurednews","19":"tag-felipe-gonzalez-marquez","20":"tag-francina-armengol","21":"tag-headlines","22":"tag-javier-fernandez-fernandez","23":"tag-jose-blanco-lopez","24":"tag-jose-luis-rodriguez-zapatero","25":"tag-latest-news","26":"tag-latestnews","27":"tag-mesa-congreso","28":"tag-news","29":"tag-noticias","30":"tag-noticias-destacadas","31":"tag-noticiasdestacadas","32":"tag-presidencia-gobierno","33":"tag-presidencia-parlamento","34":"tag-psoe","35":"tag-spain","36":"tag-titulares","37":"tag-ultimas-noticias","38":"tag-ultimasnoticias"},"share_on_mastodon":{"url":"","error":"Validation failed: Text character limit of 500 exceeded"},"_links":{"self":[{"href":"https:\/\/www.europesays.com\/es\/wp-json\/wp\/v2\/posts\/283405","targetHints":{"allow":["GET"]}}],"collection":[{"href":"https:\/\/www.europesays.com\/es\/wp-json\/wp\/v2\/posts"}],"about":[{"href":"https:\/\/www.europesays.com\/es\/wp-json\/wp\/v2\/types\/post"}],"author":[{"embeddable":true,"href":"https:\/\/www.europesays.com\/es\/wp-json\/wp\/v2\/users\/2"}],"replies":[{"embeddable":true,"href":"https:\/\/www.europesays.com\/es\/wp-json\/wp\/v2\/comments?post=283405"}],"version-history":[{"count":0,"href":"https:\/\/www.europesays.com\/es\/wp-json\/wp\/v2\/posts\/283405\/revisions"}],"wp:featuredmedia":[{"embeddable":true,"href":"https:\/\/www.europesays.com\/es\/wp-json\/wp\/v2\/media\/283406"}],"wp:attachment":[{"href":"https:\/\/www.europesays.com\/es\/wp-json\/wp\/v2\/media?parent=283405"}],"wp:term":[{"taxonomy":"category","embeddable":true,"href":"https:\/\/www.europesays.com\/es\/wp-json\/wp\/v2\/categories?post=283405"},{"taxonomy":"post_tag","embeddable":true,"href":"https:\/\/www.europesays.com\/es\/wp-json\/wp\/v2\/tags?post=283405"}],"curies":[{"name":"wp","href":"https:\/\/api.w.org\/{rel}","templated":true}]}}