{"id":283430,"date":"2025-12-11T20:11:15","date_gmt":"2025-12-11T20:11:15","guid":{"rendered":"https:\/\/www.europesays.com\/es\/283430\/"},"modified":"2025-12-11T20:11:15","modified_gmt":"2025-12-11T20:11:15","slug":"la-incidencia-de-gripe-se-dispara-en-navarra-y-provoca-74-ingresos-en-una-semana","status":"publish","type":"post","link":"https:\/\/www.europesays.com\/es\/283430\/","title":{"rendered":"La incidencia de gripe se dispara en Navarra y provoca 74 ingresos en una semana"},"content":{"rendered":"<p>\n        <strong>La incidencia de la <\/strong><a href=\"https:\/\/www.noticiasdenavarra.com\/tags\/gripe\/\" title=\"gripe\" class=\"link copy\" rel=\"nofollow noopener\" target=\"_blank\"><strong>gripe<\/strong><\/a><strong> se ha disparado en Navarra<\/strong> con una circulaci\u00f3n epid\u00e9mica de intensidad media pero que ha provocado <strong>74 ingresos en una semana<\/strong>. Esta temporada, la onda de este virus s<strong>e adelant\u00f3 un mes respecto a a\u00f1os anteriores<\/strong> y a principios de noviembre se super\u00f3 el umbral epid\u00e9mico. Desde entonces, <strong>se han registrado en la Comunidad Foral 194 ingresos hospitalarios por gripe.<\/strong>\n<\/p>\n<p>            <a href=\"https:\/\/www.noticiasdenavarra.com\/sociedad\/2025\/12\/10\/navarra-refuerza-hospitales-centros-salud-10453522.html\" title=\"Navarra refuerza hospitales y centros de salud con camas y personal para hacer frente al incremento de la gripe\" class=\"new__media\" rel=\"nofollow noopener\" target=\"_blank\"><\/p>\n<p>                <img alt=\"Navarra refuerza hospitales y centros de salud con camas y personal para hacer frente al incremento de la gripe\" data-src=\"https:\/\/www.europesays.com\/es\/wp-content\/uploads\/2025\/12\/f644b9a2-cfbe-4910-9462-665553de619b_16-9-aspect-ratio_default_0.jpg\" class=\"lozad\"\/><\/p>\n<p>        <\/a><\/p>\n<p>        <a href=\"https:\/\/www.noticiasdenavarra.com\/sociedad\/2025\/12\/10\/navarra-refuerza-hospitales-centros-salud-10453522.html\" title=\"Navarra refuerza hospitales y centros de salud con camas y personal para hacer frente al incremento de la gripe\" class=\"new__headline\" rel=\"nofollow noopener\" target=\"_blank\"><br \/>\n            Navarra refuerza hospitales y centros de salud con camas y personal para hacer frente al incremento de la gripe<br \/>\n        <\/a><\/p>\n<p class=\"article-body__text \">\n        Seg\u00fan recoge el <strong>bolet\u00edn epidemiol\u00f3gico del Instituto de Salud P\u00fablica y Laboral de Navarra (ISPLN)<\/strong>, la <strong>incidencia semanal de infecciones respiratorias agudas<\/strong> vistas en atenci\u00f3n primaria ha alcanzado los <strong>936 casos por 100.000 habitantes.<\/strong>\n<\/p>\n<p class=\"article-body__text \">\n        La <strong>incidencia de s\u00edndromes gripales<\/strong> ha ascendido hasta <strong>338 casos por 100.000 habitantes<\/strong>, con aumentos en todos los grupos de edad y las tasas m\u00e1s altas en los grupos de <strong>5 a 14 a\u00f1os<\/strong> y de <strong>0 a 4 a\u00f1os<\/strong>, con <strong>991<\/strong> y <strong>764 casos por 100.000<\/strong>, respectivamente.\n<\/p>\n<p class=\"article-body__text \">\n        As\u00ed, se han confirmado <strong>136 casos de gripe por PCR<\/strong> y se han registrado <strong>74 ingresos hospitalarios<\/strong>. De los casos confirmados, el <strong>73% son gripe A(H3N2)<\/strong> y el <strong>15% A(H1N1)<\/strong>. Tambi\u00e9n se han detectado <strong>4 casos de covid-19 por PCR<\/strong>, de los que dos<strong> requirieron ingreso<\/strong>, y<strong> 17 casos de VRS<\/strong>, de los cuales <strong>11 fueron hospitalizados<\/strong> y <strong>10 fueron casos pedi\u00e1tricos<\/strong>.\n<\/p>\n<p class=\"article-body__text \">\n        El <strong>20 de octubre<\/strong> comenz\u00f3 la <strong>campa\u00f1a de vacunaci\u00f3n frente a gripe y covid-19 <\/strong>y hasta el <strong>7 de diciembre<\/strong> se hab\u00edan administrado <strong>154.763 dosis de vacuna antigripal<\/strong> y <strong>85.212 dosis de vacuna del covid<\/strong>. Adem\u00e1s de la vacunaci\u00f3n, Salud P\u00fablica recuerda que \u00abes fundamental <strong>intensificar las medidas preventivas<\/strong> en el entorno de las personas m\u00e1s vulnerables, evitando el contacto con personas con <strong>s\u00edntomas respiratorios<\/strong> y, en caso de duda, manteniendo la <strong>distancia f\u00edsica<\/strong> y el <strong>uso de mascarillas<\/strong>\u00ab.\n<\/p>\n<p>  <strong>Recomendaciones preventivas generales<\/strong><\/p>\n<p class=\"article-body__text \">\n        Para evitar los <strong>casos graves de infecciones respiratorias<\/strong>, conviene combinar las siguientes medidas preventivas en personas <strong>vulnerables<\/strong> (lactantes, personas de edad avanzada o con enfermedad cr\u00f3nica) y sus entornos:\n<\/p>\n<ul class=\"article-body__text article-list article-list--unordered\">\n<li>\n                <strong>Vacunaci\u00f3n del covid y de la gripe<\/strong> siguiendo las recomendaciones sanitarias. Reduce significativamente la probabilidad de enfermedad grave, especialmente en personas con mayor riesgo.\n            <\/li>\n<li>\n                <strong>Distancia f\u00edsica interpersonal<\/strong>. Mantener m\u00e1s de <strong>metro y medio<\/strong> minimiza el riesgo de transmisi\u00f3n. Cuando no sea posible, conviene usar <strong>mascarilla<\/strong>.\n            <\/li>\n<li>\n                <strong>Uso de mascarilla<\/strong>. Reduce el riesgo de infectarse y contagiar. Las personas con <strong>s\u00edntomas respiratorios<\/strong> deben usar <strong>mascarilla quir\u00fargica<\/strong> si est\u00e1n a menos de 2 metros de otros. Las personas vulnerables obtienen mayor protecci\u00f3n con <strong>mascarilla FFP2<\/strong>.\n            <\/li>\n<li>\n                <strong>Ventilaci\u00f3n adecuada<\/strong>. Priorizar actividades <strong>al aire libre<\/strong> o con <strong>ventilaci\u00f3n natural permanente y cruzada<\/strong>.\n            <\/li>\n<\/ul>\n<p>  <strong>Recomendaciones para prevenir infecciones respiratorias en lactantes<\/strong><\/p>\n<p class=\"article-body__text \">\n        Algunas <strong>infecciones respiratorias<\/strong> pueden ser m\u00e1s graves en <strong>reci\u00e9n nacidos y lactantes<\/strong>, debido a la inmadurez de su sistema respiratorio e inmune. Para prevenirlas, conviene seguir estas precauciones:\n<\/p>\n<ul class=\"article-body__text article-list article-list--unordered\">\n<li>\n                <strong>Lavado de manos<\/strong> con agua y jab\u00f3n antes de coger, alimentar o tocar al beb\u00e9.\n            <\/li>\n<li>\n                <strong>Lavado de objetos<\/strong> con los que el beb\u00e9 tendr\u00e1 contacto.\n            <\/li>\n<li>\n                <strong>Limitar el n\u00famero de personas<\/strong> que se acercan a menos de 2 metros del beb\u00e9.\n            <\/li>\n<li>\n                Las personas con <strong>s\u00edntomas respiratorios<\/strong> (tos, congesti\u00f3n nasal, dolor de garganta, etc.) deben <strong>evitar aproximarse al beb\u00e9<\/strong>. En caso de duda, usar <strong>mascarilla<\/strong>.\n            <\/li>\n<li>\n                La <strong>lactancia materna<\/strong> transfiere protecci\u00f3n frente a infecciones respiratorias.\n            <\/li>\n<li>\n                <strong>Evitar la exposici\u00f3n al humo<\/strong>, especialmente al <strong>humo del <\/strong><a href=\"https:\/\/www.noticiasdenavarra.com\/tags\/tabaco\/\" title=\"tabaco\" rel=\"nofollow noopener\" target=\"_blank\">tabaco<\/a>.\n            <\/li>\n<li>\n                Los menores o adultos con <strong>s\u00edntomas de infecci\u00f3n respiratoria aguda<\/strong> no deben acudir a <strong>guarder\u00edas, escuelas infantiles<\/strong> ni actividades con menores de corta edad.\n            <\/li>\n<\/ul>\n","protected":false},"excerpt":{"rendered":"La incidencia de la gripe se ha disparado en Navarra con una circulaci\u00f3n epid\u00e9mica de intensidad media pero&hellip;\n","protected":false},"author":2,"featured_media":283431,"comment_status":"","ping_status":"","sticky":false,"template":"","format":"standard","meta":{"footnotes":""},"categories":[92],"tags":[5658,25,24,7749,165,2273,708,3486,166,23],"class_list":{"0":"post-283430","1":"post","2":"type-post","3":"status-publish","4":"format-standard","5":"has-post-thumbnail","7":"category-salud","8":"tag-dispara","9":"tag-es","10":"tag-espana","11":"tag-gripe","12":"tag-health","13":"tag-incidencia","14":"tag-navarra","15":"tag-provoca","16":"tag-salud","17":"tag-spain"},"share_on_mastodon":{"url":"https:\/\/pubeurope.com\/@es\/115702758320696387","error":""},"_links":{"self":[{"href":"https:\/\/www.europesays.com\/es\/wp-json\/wp\/v2\/posts\/283430","targetHints":{"allow":["GET"]}}],"collection":[{"href":"https:\/\/www.europesays.com\/es\/wp-json\/wp\/v2\/posts"}],"about":[{"href":"https:\/\/www.europesays.com\/es\/wp-json\/wp\/v2\/types\/post"}],"author":[{"embeddable":true,"href":"https:\/\/www.europesays.com\/es\/wp-json\/wp\/v2\/users\/2"}],"replies":[{"embeddable":true,"href":"https:\/\/www.europesays.com\/es\/wp-json\/wp\/v2\/comments?post=283430"}],"version-history":[{"count":0,"href":"https:\/\/www.europesays.com\/es\/wp-json\/wp\/v2\/posts\/283430\/revisions"}],"wp:featuredmedia":[{"embeddable":true,"href":"https:\/\/www.europesays.com\/es\/wp-json\/wp\/v2\/media\/283431"}],"wp:attachment":[{"href":"https:\/\/www.europesays.com\/es\/wp-json\/wp\/v2\/media?parent=283430"}],"wp:term":[{"taxonomy":"category","embeddable":true,"href":"https:\/\/www.europesays.com\/es\/wp-json\/wp\/v2\/categories?post=283430"},{"taxonomy":"post_tag","embeddable":true,"href":"https:\/\/www.europesays.com\/es\/wp-json\/wp\/v2\/tags?post=283430"}],"curies":[{"name":"wp","href":"https:\/\/api.w.org\/{rel}","templated":true}]}}