{"id":283436,"date":"2025-12-11T20:15:18","date_gmt":"2025-12-11T20:15:18","guid":{"rendered":"https:\/\/www.europesays.com\/es\/283436\/"},"modified":"2025-12-11T20:15:18","modified_gmt":"2025-12-11T20:15:18","slug":"el-derrumbe-de-dos-edificios-residenciales-en-la-ciudad-marroqui-de-fez-deja-al-menos-19-muertos","status":"publish","type":"post","link":"https:\/\/www.europesays.com\/es\/283436\/","title":{"rendered":"El derrumbe de dos edificios residenciales en la ciudad marroqu\u00ed de Fez deja al menos 19 muertos"},"content":{"rendered":"<p class=\"article-text\">\n        Al menos 19 personas han fallecido y otras 16 han resultado heridas de diferente gravedad tras el derrumbe de dos edificios residenciales contiguos en la ciudad de Fez, en el centro de <a href=\"https:\/\/www.eldiario.es\/temas\/marruecos\/\" data-mrf-recirculation=\"links-noticia\" class=\"link\" rel=\"nofollow noopener\" target=\"_blank\">Marruecos<\/a>.\n    <\/p>\n<p class=\"article-text\">\n        El siniestro se ha producido en la noche del martes al mi\u00e9rcoles en el barrio Mostaqbal, en Fez, cuando dos inmuebles de cuatro plantas se derrumbaron, seg\u00fan han informado este mi\u00e9rcoles las autoridades locales.\n    <\/p>\n<p class=\"article-text\">\n        Se trata de un \u201cbalance preliminar\u201d, seg\u00fan las mismas fuentes que se\u00f1alaron que en los dos edificios viv\u00edan en total ocho familias.\n    <\/p>\n<p class=\"article-text\">\n        \u201cTras recibir el aviso del incidente, las autoridades locales y de seguridad, as\u00ed como los efectivos de la Protecci\u00f3n Civil, se desplazaron inmediatamente al lugar para iniciar las operaciones de b\u00fasqueda y rescate\u201d, informan las fuentes.\n    <\/p>\n<p class=\"article-text\">\n        En el lugar del siniestro, las autoridades han tomado medidas para asegurar el per\u00edmetro de los edificios derrumbados y evacuar a los habitantes de las viviendas colindantes.\n    <\/p>\n<p class=\"article-text\">\n        Las personas heridas fueron trasladadas al Centro Hospitalario Universitario de Fez para recibir la atenci\u00f3n m\u00e9dica necesaria, apuntan las fuentes que a\u00f1aden que las operaciones de b\u00fasqueda contin\u00faan para rastrear entre otras cosas si puede haber otras v\u00edctimas entre los escombros.\u00a0\n    <\/p>\n","protected":false},"excerpt":{"rendered":"Al menos 19 personas han fallecido y otras 16 han resultado heridas de diferente gravedad tras el derrumbe&hellip;\n","protected":false},"author":2,"featured_media":283437,"comment_status":"","ping_status":"","sticky":false,"template":"","format":"standard","meta":{"footnotes":""},"categories":[42],"tags":[3244,17,18,777,51,14889,11136,13,14,55552,11,61,62,63,64,19,20,18455,5161,9,10,15,16,52296,12,21,22,65,66,67],"class_list":{"0":"post-283436","1":"post","2":"type-post","3":"status-publish","4":"format-standard","5":"has-post-thumbnail","7":"category-internacional","8":"tag-3244","9":"tag-breaking-news","10":"tag-breakingnews","11":"tag-ciudad","12":"tag-deja","13":"tag-derrumbe","14":"tag-edificios","15":"tag-featured-news","16":"tag-featurednews","17":"tag-fez","18":"tag-headlines","19":"tag-internacional","20":"tag-international","21":"tag-international-news","22":"tag-internationalnews","23":"tag-latest-news","24":"tag-latestnews","25":"tag-marroqui","26":"tag-muertos","27":"tag-news","28":"tag-noticias","29":"tag-noticias-destacadas","30":"tag-noticiasdestacadas","31":"tag-residenciales","32":"tag-titulares","33":"tag-ultimas-noticias","34":"tag-ultimasnoticias","35":"tag-world","36":"tag-world-news","37":"tag-worldnews"},"share_on_mastodon":{"url":"https:\/\/pubeurope.com\/@es\/115702774159366250","error":""},"_links":{"self":[{"href":"https:\/\/www.europesays.com\/es\/wp-json\/wp\/v2\/posts\/283436","targetHints":{"allow":["GET"]}}],"collection":[{"href":"https:\/\/www.europesays.com\/es\/wp-json\/wp\/v2\/posts"}],"about":[{"href":"https:\/\/www.europesays.com\/es\/wp-json\/wp\/v2\/types\/post"}],"author":[{"embeddable":true,"href":"https:\/\/www.europesays.com\/es\/wp-json\/wp\/v2\/users\/2"}],"replies":[{"embeddable":true,"href":"https:\/\/www.europesays.com\/es\/wp-json\/wp\/v2\/comments?post=283436"}],"version-history":[{"count":0,"href":"https:\/\/www.europesays.com\/es\/wp-json\/wp\/v2\/posts\/283436\/revisions"}],"wp:featuredmedia":[{"embeddable":true,"href":"https:\/\/www.europesays.com\/es\/wp-json\/wp\/v2\/media\/283437"}],"wp:attachment":[{"href":"https:\/\/www.europesays.com\/es\/wp-json\/wp\/v2\/media?parent=283436"}],"wp:term":[{"taxonomy":"category","embeddable":true,"href":"https:\/\/www.europesays.com\/es\/wp-json\/wp\/v2\/categories?post=283436"},{"taxonomy":"post_tag","embeddable":true,"href":"https:\/\/www.europesays.com\/es\/wp-json\/wp\/v2\/tags?post=283436"}],"curies":[{"name":"wp","href":"https:\/\/api.w.org\/{rel}","templated":true}]}}