{"id":283488,"date":"2025-12-11T21:02:43","date_gmt":"2025-12-11T21:02:43","guid":{"rendered":"https:\/\/www.europesays.com\/es\/283488\/"},"modified":"2025-12-11T21:02:43","modified_gmt":"2025-12-11T21:02:43","slug":"cronica-y-fotos-de-pestilence-cancer-en-madrid","status":"publish","type":"post","link":"https:\/\/www.europesays.com\/es\/283488\/","title":{"rendered":"Cr\u00f3nica y fotos de PESTILENCE + CANCER en Madrid"},"content":{"rendered":"<p>\u00a0<\/p>\n<tr>\n<td>\n<img loading=\"lazy\" decoding=\"async\" src=\"https:\/\/www.europesays.com\/es\/wp-content\/uploads\/2025\/12\/1765486951_229_logo2024.png\" alt=\"PESTILENCE\" width=\"300\" height=\"87\"\/>\n<\/td>\n<\/tr>\n<p><strong>+ CANCER<\/strong><\/p>\n<p align=\"center\"><strong>Domingo 7 de Diciembre 2025 \u2013 Revi Live \u2013 Madrid<\/strong><\/p>\n<p>Ya a las puertas del fin de un 2025 gigante en lo que al metal en directo se refiere, y con la capital a rebosar de gente como cada a\u00f1o en el puente de la constituci\u00f3n, ten\u00edamos una cita obligatoria en una sala Revi que en poco tiempo se ha convertido con amplia diferencia en mi recinto preferido de todo Madrid para este tipo de conciertos.<\/p>\n<p>Fue en esta misma sala en la que <strong>PESTILENCE<\/strong> ya arrasaron el pasado a\u00f1o, y quiz\u00e1s la noche hubiese quedado un poco descafeinada solo con la leyenda del \u2018death metal\u2019 neerland\u00e9s, de no ser porque por parte de la organizaci\u00f3n se tuvo el tremendo acierto de completar el cartel con unos <strong>CANCER<\/strong> que le daban al al evento una dimensi\u00f3n extra, convirti\u00e9ndolo en una ocasi\u00f3n \u00fanica de disfrutar de dos de las bandas m\u00e1s representativas del estilo en Europa en la d\u00e9cada de los 90\u2019s, cada uno maestros de su propia corriente, que todav\u00eda hoy mantienen la llama m\u00e1s viva que nunca como pudimos certificar desde el apabullante inicio de unos <strong>CANCER<\/strong>, que comenzaban imponentes y amenazantes a las 20.15 clavadas.<\/p>\n<p>La banda liderada por <strong>John Walker<\/strong>, que desde hace ya tiempo opera \u00edntegramente desde Madrid, me hab\u00eda sido esquiva ya en un par de ocasiones y en lo personal era motivo m\u00e1s que suficiente para acercarme a Vic\u00e1lvaro.<\/p>\n<p>All\u00ed sentaron c\u00e1tedra, marc\u00e1ndose un concierto absolutamente perfecto de principio a fin, con un sonido verdaderamente apabullante que quiz\u00e1s un poco al principio dejaba la voz del propio John algo atr\u00e1s, lo que pronto se corrigi\u00f3 para inmediatamente transportarnos 30 a\u00f1os atr\u00e1s con un \u2018set\u2019 adem\u00e1s no excesivamente \u2018oldschool\u2019, que comenzaba precisamente con 3 de los temas m\u00e1s nuevos de la banda, de la misma manera en que se abre su \u00faltimo \u201cInvertid World\u201d, de este mismo a\u00f1o, y completando aquella primera parte del concierto con \u201cAmputate\u201d, otro temazo de su \u00faltima obra para redondear un inicio fulgurante antes de tomarse el primer respiro, que fue breve. A <strong>John<\/strong>, como suele ser costumbre, no le dur\u00f3 demasiado el sombrero.<\/p>\n<p>Me gust\u00f3 much\u00edsimo la actitud de la banda sobre el escenario, la implicaci\u00f3n devota de todos ellos y lo bien que suenan ya despu\u00e9s del rodaje de varios a\u00f1os.<\/p>\n<p>Junto con <strong>John<\/strong>, que mantiene un estado vocal que intimida, la formaci\u00f3n de <strong>CANCER<\/strong> se completaba con el gran\u00a0 <strong>Dani Maganto<\/strong> (ETERNAL STORM) al bajo, un joven veterano de los escenarios (en el sentido m\u00e1s amplio), <strong>Gabriel Valc\u00e1zar<\/strong> a la bater\u00eda, que tambi\u00e9n es el \u201cpulpo\u201d detr\u00e1s de los parches de WORMED, y <strong>Alberto Garcia<\/strong> (SACTHU) a la guitarra solista cubriendo el hueco que dej\u00f3 <strong>Robert Navajas<\/strong>, quien tampoco pudo estar en las fechas que la banda comparti\u00f3 con <strong>PESTILENCE<\/strong> el pasado septiembre en varias ciudades europeas y tambi\u00e9n en Sudam\u00e9rica y Centroam\u00e9rica.<\/p>\n<tr>\n<td width=\"50%\">\n<a href=\"https:\/\/www.europesays.com\/es\/wp-content\/uploads\/2025\/12\/1765486957_849_19.jpg\" title=\"CANCER - Revi Live - Madrid\" rel=\"lightbox[cancer]\" data-slb-active=\"1\" data-slb-asset=\"659778287\" data-slb-internal=\"0\" data-slb-group=\"180248\"><img decoding=\"async\" src=\"https:\/\/www.europesays.com\/es\/wp-content\/uploads\/2025\/12\/1765486957_849_19.jpg\" alt=\"CANCER - Revi Live - Madrid\" width=\"200\"\/><\/a>\n<\/td>\n<td width=\"50%\">\n<a href=\"https:\/\/www.europesays.com\/es\/wp-content\/uploads\/2025\/12\/20.jpg\" title=\"CANCER - Revi Live - Madrid\" rel=\"lightbox[cancer]\" data-slb-active=\"1\" data-slb-asset=\"239567439\" data-slb-internal=\"0\" data-slb-group=\"180248\"><img decoding=\"async\" src=\"https:\/\/www.europesays.com\/es\/wp-content\/uploads\/2025\/12\/20.jpg\" alt=\"CANCER - Revi Live - Madrid\" width=\"200\"\/><\/a>\n<\/td>\n<\/tr>\n<p>La banda suena cl\u00e1sica a rabiar, y mantiene la esencia pura del sonido y el estilo de una banda que sobre el escenario recuerda a sus mejores a\u00f1os, con ese sonido que siempre nos record\u00f3 m\u00e1s al otro lado del charco que a este.<\/p>\n<p>La banda se sali\u00f3, y nos dej\u00f3 un rato espectacular donde no faltaron cl\u00e1sicos obligatorios como \u201cInto The Acid\u201d, \u201cHung, Drawn And Quartered\u201d, la celebrad\u00edsima \u201cC.F.C\u201d y un glorioso \u201cDeath Shall Rise\u201d para terminar, que creo que en general nos dejo a todos con ganas de m\u00e1s, se\u00f1al inequ\u00edvoca de que nos acababan de pasar por encima.\u00a0<strong>\u00a0<\/strong><\/p>\n<p><strong>SetList CANCER:<\/strong><\/p>\n<ol>\n<li>Enter The Gates<\/li>\n<li>Until They Died<\/li>\n<li>Inverted World<\/li>\n<li>Amputate<\/li>\n<li>Into The Acid<\/li>\n<li>Tasteless Incest<\/li>\n<li>Ballcutter<\/li>\n<li>Garrotte<\/li>\n<li>Covert Operations<\/li>\n<li>Corrosive<\/li>\n<li>Hung, Drawn And Quartered<\/li>\n<li>C.F.C.<\/li>\n<li>Death Shall Rise<\/li>\n<\/ol>\n<p>No tardaron en exceso en salir las huestes de un <strong>Patrick Mameli<\/strong> que sal\u00eda a escena tan deportivo como suele ser habitual en los \u00faltimos a\u00f1os, dej\u00e1ndonos para comenzar una grat\u00edsima sorpresa como fue el \u201cThe Secrecies Of Horror\u201d que nos transport\u00f3, de golpe, a aquella c\u00e1mara que sal\u00eda en la portada de \u201cTestimony Of The Ancients\u201d, con el mismo comienzo que aquella obra maestra.<\/p>\n<p>Reconozco que con <strong>PESTILENCE<\/strong> ten\u00eda ciertas reservas, y es que si bien considero que sus primeros trabajos son un cap\u00edtulo escrito en letras doradas en la historia del metal extremo, y que incluso su regreso all\u00e1 por 2008 fue m\u00e1s que digno tanto en estudio como en directo, reconozco que su globo se me ha ido desinflando poco a poco con el paso de los a\u00f1os, con varios lanzamientos ya en su haber entre intrascendentes e innecesarios, y un devenir algo err\u00e1tico en una banda que no parece asentar una formaci\u00f3n definitiva ni de trazar un rumbo fijo.<\/p>\n<p>Con todo, la banda holandesa sali\u00f3 a matar y vaya que si mat\u00f3.<\/p>\n<p>Con una sala entregada, unas 300 personas les llevaron en volandas a trav\u00e9s de un \u2018set\u2019 con cero riesgo, muy enraizado en \u201cConsuming Impulse\u201d y en \u201cTestimony of The Ancients\u201d precisamente, y la Revi pronto se convirti\u00f3 en un campo de batalla con mucho movimiento delante y un \u2018headbanging\u2019 incesante en todas partes como si el lunes fuese fiesta (y menos mal que lo era).<\/p>\n<p>La banda ya se sabe que en directo mantiene sus posiciones y jam\u00e1s se muestra especialmente comunicativa, con un Mameli que incluso por momentos puede dar hasta la sensaci\u00f3n de altivo, pero el trabajo se hizo, sonaron como un trueno y la realidad es que se salieron de principio a fin en un concierto catedralicio que, dicho sea de paso, tambi\u00e9n se nos qued\u00f3 corto, y que termin\u00f3 con \u201cOut Of The Body\u201d de un modo un pel\u00edn brusco (quiz\u00e1s fueron las pocas ganas que ten\u00edamos de que terminase).<\/p>\n<p>Una noche perfecta de las que a uno le reenganchan al g\u00e9nero, si es que alguna vez se solt\u00f3, con dos bandas que viven realidades muy distintas, pero que ambas mantienen el esp\u00edritu del \u2018death metal\u2019 de la vieja guardia intacto.<\/p>\n<p><strong>SetList PESTILENCE:<\/strong><\/p>\n<ol>\n<li>The Secrecies Of Horror<\/li>\n<li>Lost Souls<\/li>\n<li>Deificvs<\/li>\n<li>Dehydrated<\/li>\n<li>Morbvs Propagationem<\/li>\n<li>The Process of Suffocation<\/li>\n<li>Chronic Infection<\/li>\n<li>Resurrection Macabre<\/li>\n<li>Devouring Frenzy<\/li>\n<li>Prophetic Revelations<\/li>\n<li>Twisted Truth<\/li>\n<li>Horror Detox<\/li>\n<li>Out Of The Body<\/li>\n<li>Land Of Tears<\/li>\n<\/ol>\n<p><strong>Texto: <\/strong><strong>Jorge del Amo <\/strong>(<a href=\"https:\/\/www.rafabasa.com\/2025\/12\/11\/cronica-y-fotos-de-pestilence-cancer-en-madrid\/mailto:jorge_del_amo@rafabasa.com\" rel=\"nofollow noopener\" target=\"_blank\">jorge_del_amo@rafabasa.com<\/a>)<br \/><strong>X: <\/strong><a href=\"http:\/\/x.com\/jorge_del_amo\" rel=\"nofollow\">@Jorge_del_amo<\/a><\/p>\n<p><strong>Fotos: <a href=\"https:\/\/www.instagram.com\/sacralb\/\" target=\"_blank\" rel=\"noopener nofollow\">Alvaro Ochoa<\/a><\/strong><\/p>\n<p><strong>Para ver las fotos a mayor tama\u00f1o, pinchar sobre ellas.<\/strong><\/p>\n<p>\u00a0<\/p>\n<p>\u00a0<\/p>\n<p>\u00a0<\/p>\n<p>        <script async src=\"\/\/www.instagram.com\/embed.js\"><\/script><\/p>\n","protected":false},"excerpt":{"rendered":"\u00a0 + CANCER Domingo 7 de Diciembre 2025 \u2013 Revi Live \u2013 Madrid Ya a las puertas del&hellip;\n","protected":false},"author":2,"featured_media":283489,"comment_status":"","ping_status":"","sticky":false,"template":"","format":"standard","meta":{"footnotes":""},"categories":[170],"tags":[1066,146,147,25,24,184,185,44675,23],"class_list":{"0":"post-283488","1":"post","2":"type-post","3":"status-publish","4":"format-standard","5":"has-post-thumbnail","7":"category-musica","8":"tag-cancer","9":"tag-entertainment","10":"tag-entretenimiento","11":"tag-es","12":"tag-espana","13":"tag-music","14":"tag-musica","15":"tag-pestilence","16":"tag-spain"},"share_on_mastodon":{"url":"https:\/\/pubeurope.com\/@es\/115702961259360036","error":""},"_links":{"self":[{"href":"https:\/\/www.europesays.com\/es\/wp-json\/wp\/v2\/posts\/283488","targetHints":{"allow":["GET"]}}],"collection":[{"href":"https:\/\/www.europesays.com\/es\/wp-json\/wp\/v2\/posts"}],"about":[{"href":"https:\/\/www.europesays.com\/es\/wp-json\/wp\/v2\/types\/post"}],"author":[{"embeddable":true,"href":"https:\/\/www.europesays.com\/es\/wp-json\/wp\/v2\/users\/2"}],"replies":[{"embeddable":true,"href":"https:\/\/www.europesays.com\/es\/wp-json\/wp\/v2\/comments?post=283488"}],"version-history":[{"count":0,"href":"https:\/\/www.europesays.com\/es\/wp-json\/wp\/v2\/posts\/283488\/revisions"}],"wp:featuredmedia":[{"embeddable":true,"href":"https:\/\/www.europesays.com\/es\/wp-json\/wp\/v2\/media\/283489"}],"wp:attachment":[{"href":"https:\/\/www.europesays.com\/es\/wp-json\/wp\/v2\/media?parent=283488"}],"wp:term":[{"taxonomy":"category","embeddable":true,"href":"https:\/\/www.europesays.com\/es\/wp-json\/wp\/v2\/categories?post=283488"},{"taxonomy":"post_tag","embeddable":true,"href":"https:\/\/www.europesays.com\/es\/wp-json\/wp\/v2\/tags?post=283488"}],"curies":[{"name":"wp","href":"https:\/\/api.w.org\/{rel}","templated":true}]}}