{"id":283490,"date":"2025-12-11T21:04:20","date_gmt":"2025-12-11T21:04:20","guid":{"rendered":"https:\/\/www.europesays.com\/es\/283490\/"},"modified":"2025-12-11T21:04:20","modified_gmt":"2025-12-11T21:04:20","slug":"zara-estrena-el-cortometraje-le-diner-un-cuento-navideno-con-invitados-de-lujo","status":"publish","type":"post","link":"https:\/\/www.europesays.com\/es\/283490\/","title":{"rendered":"Zara estrena el cortometraje \u00abLe D\u00eener\u00bb, un cuento navide\u00f1o con invitados de lujo"},"content":{"rendered":"<p>\t\t&#13;\n\t <\/p>\n<p>\t\t\t\t\t\tLa pieza audiovisual de 16 minutos cuenta con Rossy de Palma, Diane Kruger y Vincent Cassel entre sus protagonistas<br \/>\n\t\t\t\t\t\t\t\t\t\t\t\t<strong>11 dic 2025<\/strong> . Actualizado a las 20:55 h.\t\t\t\t\t\t<\/p>\n<p class=\"first-paragraph txt\"><strong><a href=\"https:\/\/www.lavozdegalicia.es\/temas\/zara\" rel=\"nofollow noopener\" target=\"_blank\">Zara<\/a><\/strong> vuelve a demostrar que su universo creativo va m\u00e1s all\u00e1 de la moda. La firma gallega estren\u00f3 anoche<strong> Le D\u00eener<\/strong>, un <strong>cortometraje navide\u00f1o<\/strong> de 16 minutos que combina <a href=\"https:\/\/www.lavozdegalicia.es\/temas\/cine\" rel=\"nofollow noopener\" target=\"_blank\">cine<\/a>, moda y reparto de lujo. El proyecto, producido por <strong>Little Spain<\/strong> y dirigido por Santos Bacana y Rogelio Gonz\u00e1lez, consolida la ambici\u00f3n audiovisual de la marca.<\/p>\n<p class=\"txt\">La historia transcurre en uno de los restaurantes m\u00e1s elegantes de Madrid, donde <strong>Rossy de Palma<\/strong> ejerce como diligente jefa de sala. \u00abEs muy importante que record\u00e9is lo que os digo siempre: que el cliente siempre tiene&#8230; coraz\u00f3n\u00bb, le indica al personal antes de comenzar el servicio. Enseguida llegan los visitantes de lujo, en un reparto formado por <strong>Diane Kruger<\/strong>, <strong>Damson Idris<\/strong> y <strong>Dylan Penn<\/strong>, que pronto se enfrentar\u00e1n a un contratiempo en el local que los pondr\u00e1 a prueba ante las adversidades. La llegada de un atractivo y misterioso desconocido, interpretado por <strong>Vincent Cassel<\/strong>, ser\u00e1 lo que cambie irremediablemente las tornas de una velada accidentada que terminar\u00e1 siendo m\u00e1gica gracias a la colaboraci\u00f3n y confraternidad entre personas que se hab\u00edan desacostumbrado a las conexiones m\u00e1s humanas.<\/p>\n<p class=\"txt\">La m\u00fasica del pianista de jazz cubano <strong>Chucho Vald\u00e9s<\/strong>, escondido como cocinero del local, pone la guinda de este cuento navide\u00f1o sobre la necesidad de reforzar las relaciones y poner en valor lo que nos une como seres humanos.<\/p>\n<p class=\"txt\">Le D\u00eener, que se estren\u00f3 este jueves, 11 de diciembre, y <a class=\"link-txt\" href=\"https:\/\/www.zara.com\/es\/es\/woman-streaming-actors-mkt17194.html?v1=2634728\" rel=\"nofollow noopener\" target=\"_blank\">puede verse a trav\u00e9s de los canales digitales de Zara<\/a>, mantiene el sello visual caracter\u00edstico de Little Spain: una atm\u00f3sfera cuidada, iluminaci\u00f3n \u00edntima, elegancia sin artificios y un gusto especial por los encuentros humanos que se convierten en peque\u00f1as historias. El resultado es un h\u00edbrido entre cortometraje, pieza art\u00edstica y campa\u00f1a navide\u00f1a, f\u00f3rmula con la que Zara ha ido construyendo un lenguaje propio.<\/p>\n<p class=\"ladillo\">La pel\u00edcula navide\u00f1a del 2021<\/p>\n<p class=\"txt\">Zara no es nueva en el terreno cinematogr\u00e1fico: <a class=\"link-txt\" href=\"https:\/\/www.lavozdegalicia.es\/noticia\/sociedad\/2021\/12\/14\/zara-lanza-pelicula-navidena-dirigida-luca-guadagnino\/00031639474286209670512.htm\" rel=\"nofollow noopener\" target=\"_blank\">en el 2021 sorprendi\u00f3 con <strong>O Night Divine<\/strong>, su primera gran pel\u00edcula navide\u00f1a, dirigida nada menos que por <strong>Luca Guadagnino<\/strong><\/a>, uno de los cineastas m\u00e1s prestigiosos de Europa. Aquel mediometraje, ambientado en un hotel nevado en las monta\u00f1as de St. Moritz y protagonizado por John C. Reilly, consolid\u00f3 un modelo de branded content \u00fanico en el sector: historias completas, con narrativa propia y reparto internacional, que van mucho m\u00e1s all\u00e1 de la publicidad convencional. Desde entonces, la firma ha ido acerc\u00e1ndose cada vez m\u00e1s al lenguaje cinematogr\u00e1fico \u2014desde campa\u00f1as rodadas como peque\u00f1os cortos hasta colaboraciones con directores de renombre\u2014, un camino que desemboca ahora en Le D\u00eener, su nueva apuesta navide\u00f1a.<\/p>\n<p>&#13;<br \/>\n\tArchivado en:&#13;<br \/>\n\t\t\t\t\t<a href=\"https:\/\/www.lavozdegalicia.es\/temas\/zara\/\" target=\"_blank\" class=\"mg-l\" rel=\"nofollow noopener\">Zara<\/a>&#13;<br \/>\n\t\t\t\t\t<a href=\"https:\/\/www.lavozdegalicia.es\/temas\/navidad\/\" target=\"_blank\" class=\"mg-l\" rel=\"nofollow noopener\">Navidad<\/a>&#13;<br \/>\n\t\t\t\t\t<a href=\"https:\/\/www.lavozdegalicia.es\/temas\/cine\/\" target=\"_blank\" class=\"mg-l\" rel=\"nofollow noopener\">Cine<\/a>&#13;<br \/>\n\t&#13;<\/p>\n","protected":false},"excerpt":{"rendered":"&#13; La pieza audiovisual de 16 minutos cuenta con Rossy de Palma, Diane Kruger y Vincent Cassel entre&hellip;\n","protected":false},"author":2,"featured_media":283491,"comment_status":"","ping_status":"","sticky":false,"template":"","format":"standard","meta":{"footnotes":""},"categories":[169],"tags":[177,146,147,25,24,176,175,2951,23,7335],"class_list":{"0":"post-283490","1":"post","2":"type-post","3":"status-publish","4":"format-standard","5":"has-post-thumbnail","7":"category-cine","8":"tag-cine","9":"tag-entertainment","10":"tag-entretenimiento","11":"tag-es","12":"tag-espana","13":"tag-film","14":"tag-movies","15":"tag-navidad","16":"tag-spain","17":"tag-zara"},"share_on_mastodon":{"url":"https:\/\/pubeurope.com\/@es\/115702966696190094","error":""},"_links":{"self":[{"href":"https:\/\/www.europesays.com\/es\/wp-json\/wp\/v2\/posts\/283490","targetHints":{"allow":["GET"]}}],"collection":[{"href":"https:\/\/www.europesays.com\/es\/wp-json\/wp\/v2\/posts"}],"about":[{"href":"https:\/\/www.europesays.com\/es\/wp-json\/wp\/v2\/types\/post"}],"author":[{"embeddable":true,"href":"https:\/\/www.europesays.com\/es\/wp-json\/wp\/v2\/users\/2"}],"replies":[{"embeddable":true,"href":"https:\/\/www.europesays.com\/es\/wp-json\/wp\/v2\/comments?post=283490"}],"version-history":[{"count":0,"href":"https:\/\/www.europesays.com\/es\/wp-json\/wp\/v2\/posts\/283490\/revisions"}],"wp:featuredmedia":[{"embeddable":true,"href":"https:\/\/www.europesays.com\/es\/wp-json\/wp\/v2\/media\/283491"}],"wp:attachment":[{"href":"https:\/\/www.europesays.com\/es\/wp-json\/wp\/v2\/media?parent=283490"}],"wp:term":[{"taxonomy":"category","embeddable":true,"href":"https:\/\/www.europesays.com\/es\/wp-json\/wp\/v2\/categories?post=283490"},{"taxonomy":"post_tag","embeddable":true,"href":"https:\/\/www.europesays.com\/es\/wp-json\/wp\/v2\/tags?post=283490"}],"curies":[{"name":"wp","href":"https:\/\/api.w.org\/{rel}","templated":true}]}}