{"id":283505,"date":"2025-12-11T21:24:15","date_gmt":"2025-12-11T21:24:15","guid":{"rendered":"https:\/\/www.europesays.com\/es\/283505\/"},"modified":"2025-12-11T21:24:15","modified_gmt":"2025-12-11T21:24:15","slug":"el-baxi-manresa-con-el-juego-exterior-en-cuadro-para-recibir-al-barca","status":"publish","type":"post","link":"https:\/\/www.europesays.com\/es\/283505\/","title":{"rendered":"\u00a1El BAXI Manresa, con el juego exterior en cuadro para recibir al Bar\u00e7a!"},"content":{"rendered":"<p class=\"ft-text\"><strong>El BAXI Manresa derrot\u00f3 el pasado mi\u00e9rcoles al Cedevita Olimpija esloveno (99-82) en partido de Eurocup<\/strong>. Sin embargo, el peaje para cosechar <strong>dicho triunfo fue muy caro para los de Diego Ocampo<\/strong>, que a\u00f1adieron un nuevo efectivo a la lista de bajas. El t\u00e9cnico confirm\u00f3 <strong>la lesi\u00f3n de Hugo Ben\u00edtez<\/strong> tras la disputa del partido: \u00abNot\u00f3 al principio del tercer cuarto un pinchazo en el isquio. Hemos decidido pararlo y hacer pruebas\u00bb, coment\u00f3.<\/p>\n<p class=\"ft-text\">El base franc\u00e9s, que ven\u00eda rindiendo a muy buen nivel, <strong>se suma a Dani P\u00e9rez como jugadores en el dique seco actualmente<\/strong>. La curiosidad es que ambos <strong>sufren la misma lesi\u00f3n (en el b\u00edceps femoral)<\/strong>, adem\u00e1s de ocupar la posici\u00f3n de base, que ha quedado l\u00f3gicamente debilitada. Los comunicados facilitados por el club no incluyen tiempo de baja exacto, dej\u00e1ndolo en manos de la evoluci\u00f3n de las lesiones.<\/p>\n<p>La visita del Bar\u00e7a al Congost<\/p>\n<p class=\"ft-text\">El calendario no espera a nadie. <strong>El domingo (19 h) el Nou Congost recibir\u00e1 al Bar\u00e7a<\/strong>, y muy probablemente, <strong>Ocampo no podr\u00e1 contar ni con Dani P\u00e9rez ni con Hugo Ben\u00edtez<\/strong>, lo que significa que para la posici\u00f3n de base <strong>tan solo est\u00e1 disponible el joven Max Gasp\u00e1 (19 a\u00f1os)<\/strong>, m\u00e1s lo que pueda ayudar <strong>Agust\u00edn Ubal<\/strong> al &#8216;1&#8217;. Adem\u00e1s, la pasada semana el club catal\u00e1n anunci\u00f3 <a class=\"ft-link ft-link--decoration\" href=\"https:\/\/www.sport.es\/es\/noticias\/baloncesto\/baxi-manresa-rescinde-contrato-alfonso-124458373\" rel=\"nofollow noopener\" target=\"_blank\"><strong>la salida de Alfonso Plummer<\/strong><\/a>, que estaba siendo el referente ofensivo del equipo, y todav\u00eda no hay rastro del sustituto.<\/p>\n<p><img decoding=\"async\" src=\"https:\/\/www.europesays.com\/es\/wp-content\/uploads\/2025\/12\/18094a1f-2cdf-4432-9842-35e7126ff163_alta-libre-aspect-ratio_default_0.jpg\" width=\"1200\" height=\"800\" alt=\"Agust\u00edn Ubal fue uno de los destacados del BAXI en la derrota ante el conjunto turco\" class=\"ft-helper-img-rd\" loading=\"lazy\"\/><\/p>\n<p class=\"ft-helper-fontColor-quaternary ft-helper-fontSize-body-S ft-helper-spacer-t-xxs\">Agust\u00edn Ubal deber\u00e1 ayudar en la posici\u00f3n de &#8216;1&#8217; ante las lesiones de Dani P\u00e9rez y Hugo Ben\u00edtez  \/ REGIO7<\/p>\n<p class=\"ft-text\">Dentro de un panorama que se presenta aparentemente complicado, <strong>el conjunto manresano est\u00e1 dos victorias por encima de Granada y San Pablo Burgos<\/strong>, que son los equipos que <strong>ocupan las posiciones de descenso actualmente<\/strong>.<\/p>\n<p class=\"ft-text\">La exigencia de <strong>combinar Liga Endesa y Eurocup<\/strong> es grande, y ante la demora de posibles incorporaciones, la afici\u00f3n manresana, acostumbrada a vivir grandes cursos en los \u00faltimos tiempos, se est\u00e1 empezando a impacientar.<\/p>\n","protected":false},"excerpt":{"rendered":"El BAXI Manresa derrot\u00f3 el pasado mi\u00e9rcoles al Cedevita Olimpija esloveno (99-82) en partido de Eurocup. Sin embargo,&hellip;\n","protected":false},"author":2,"featured_media":283506,"comment_status":"","ping_status":"","sticky":false,"template":"","format":"standard","meta":{"footnotes":""},"categories":[269],"tags":[302,299,2296,298,59137,66488,168,13668,25,24,832,68541,665,23,167],"class_list":{"0":"post-283505","1":"post","2":"type-post","3":"status-publish","4":"format-standard","5":"has-post-thumbnail","7":"category-baloncesto","8":"tag-acb","9":"tag-baloncesto","10":"tag-barca","11":"tag-basketball","12":"tag-baxi-manresa","13":"tag-dani-perez","14":"tag-deportes","15":"tag-diego-ocampo","16":"tag-es","17":"tag-espana","18":"tag-eurocup","19":"tag-hugo-benitez","20":"tag-liga-endesa","21":"tag-spain","22":"tag-sports"},"share_on_mastodon":{"url":"https:\/\/pubeurope.com\/@es\/115703046344149785","error":""},"_links":{"self":[{"href":"https:\/\/www.europesays.com\/es\/wp-json\/wp\/v2\/posts\/283505","targetHints":{"allow":["GET"]}}],"collection":[{"href":"https:\/\/www.europesays.com\/es\/wp-json\/wp\/v2\/posts"}],"about":[{"href":"https:\/\/www.europesays.com\/es\/wp-json\/wp\/v2\/types\/post"}],"author":[{"embeddable":true,"href":"https:\/\/www.europesays.com\/es\/wp-json\/wp\/v2\/users\/2"}],"replies":[{"embeddable":true,"href":"https:\/\/www.europesays.com\/es\/wp-json\/wp\/v2\/comments?post=283505"}],"version-history":[{"count":0,"href":"https:\/\/www.europesays.com\/es\/wp-json\/wp\/v2\/posts\/283505\/revisions"}],"wp:featuredmedia":[{"embeddable":true,"href":"https:\/\/www.europesays.com\/es\/wp-json\/wp\/v2\/media\/283506"}],"wp:attachment":[{"href":"https:\/\/www.europesays.com\/es\/wp-json\/wp\/v2\/media?parent=283505"}],"wp:term":[{"taxonomy":"category","embeddable":true,"href":"https:\/\/www.europesays.com\/es\/wp-json\/wp\/v2\/categories?post=283505"},{"taxonomy":"post_tag","embeddable":true,"href":"https:\/\/www.europesays.com\/es\/wp-json\/wp\/v2\/tags?post=283505"}],"curies":[{"name":"wp","href":"https:\/\/api.w.org\/{rel}","templated":true}]}}