{"id":283517,"date":"2025-12-11T21:32:16","date_gmt":"2025-12-11T21:32:16","guid":{"rendered":"https:\/\/www.europesays.com\/es\/283517\/"},"modified":"2025-12-11T21:32:16","modified_gmt":"2025-12-11T21:32:16","slug":"el-futbol-dejo-de-importar-cuando-supe-que-mi-hija-tenia-cancer","status":"publish","type":"post","link":"https:\/\/www.europesays.com\/es\/283517\/","title":{"rendered":"El f\u00fatbol dej\u00f3 de importar cuando supe que mi hija ten\u00eda c\u00e1ncer"},"content":{"rendered":"<p class=\"ft-text\"><strong>Jordi Cruyff comparti\u00f3 una de las experiencias m\u00e1s duras de su vida<\/strong> en <a class=\"ft-link ft-link--decoration\" href=\"https:\/\/www.sport.es\/es\/noticias\/futbol\/jordi-cruyff-revela-padre-johan-124678528\" rel=\"nofollow noopener\" target=\"_blank\">Stick to Football, el popular podcast brit\u00e1nico<\/a> donde, junto a su hija Danae, relat\u00f3 sin filtros c\u00f3mo la familia afront\u00f3 el golpe que lo cambi\u00f3 todo. Jordi explic\u00f3 c\u00f3mo, de un d\u00eda para otro, recibi\u00f3 un diagn\u00f3stico que lo sacudi\u00f3 por completo: su hija ten\u00eda c\u00e1ncer. A partir de ese momento, confiesa que todo lo que rodeaba al f\u00fatbol qued\u00f3 en un segundo plano. \u00ab<strong>Mi cabeza no estaba para el f\u00fatbol, solo para mi hija<\/strong>\u00ab, record\u00f3, reconociendo que la experiencia lo llev\u00f3 a ver la vida de otra manera y a sentir una mezcla de rabia, incredulidad y necesidad de mantenerse fuerte para ella.<\/p>\n<p class=\"ft-text\"><a class=\"ft-link ft-link--decoration\" href=\"https:\/\/as.com\/futbol\/videos\/el-discurso-de-luis-enrique-sobre-su-hija-xana-en-la-tv-inglesa-que-emociona-en-reino-unido-v\/\" rel=\"nofollow noopener\" target=\"_blank\">Con el ejemplo de Luis Enrique<\/a> \u2014\u00bblo envidiaba por su fuerza, por c\u00f3mo viv\u00eda algo as\u00ed\u00bb\u2014 y de <a class=\"ft-link ft-link--decoration\" href=\"https:\/\/www.sport.es\/es\/noticias\/futbol\/fallece-hija-oscar-garcia-junyent-79045926\" rel=\"nofollow noopener\" target=\"_blank\">\u00abotro ex futbolista que tambi\u00e9n perdi\u00f3 a su hija\u00bb<\/a>, Jordi tuvo que encontrar la manera de sostenerse y mostrarse fuerte ante Danae: \u00abTu hija debe verte fuerte, no d\u00e9bil. Tienes que ser positivo. Fue el mayor desaf\u00edo de mi vida\u00bb.<\/p>\n<p class=\"ft-text\">Danae, que atraves\u00f3 el proceso con apenas 18 a\u00f1os, describi\u00f3 su propia vivencia de una forma muy distinta a la de su padre. Mientras \u00e9l quer\u00eda controlar cada detalle y organizarlo todo, ella intentaba adaptarse al d\u00eda a d\u00eda dentro de un tratamiento dur\u00edsimo. Record\u00f3 d\u00edas sin poder comer, vomitando cada cinco minutos, sinti\u00e9ndose agotada, pero a la vez consciente de lo importante que era tener a su padre a su lado. Tuvo que aprender a caminar de nuevo. <strong>\u00ab\u00c9l era muy estricto\u00bb, explic\u00f3 entre sonrisas, recordando que su relaci\u00f3n con su padre se hizo muy estrecha, incluso m\u00e1s de lo que ya era. <\/strong><\/p>\n<p class=\"ft-text\">Para ambos, aquellos meses fueron una monta\u00f1a rusa: noches sin dormir, rehabilitaci\u00f3n constante, el trasplante de m\u00e9dula, la silla de ruedas, el shock de las fotograf\u00edas sin pelo que Jordi asegura querer borrar de su memoria\u2026 pero tambi\u00e9n una progresiva complicidad que los uni\u00f3 todav\u00eda m\u00e1s. \u00ab<strong>Nos entend\u00edamos sin hablarnos<\/strong>\u00ab, dijo Jordi, quien confes\u00f3 que cuando Danae se fue un fin de semana con su madre, \u00e9l se derrumb\u00f3 completamente. Era la primera vez que dejaba aflorar toda la tensi\u00f3n contenida.<\/p>\n<p>Posponer los estudios<\/p>\n<p class=\"ft-text\">Danae, que quer\u00eda estudiar moda en Italia, tuvo que detener sus planes y, durante un tiempo, incluso perdi\u00f3 la pasi\u00f3n por lo que le gustaba. Pero con el paso de los meses recuper\u00f3 fuerzas, volvi\u00f3 a estudiar y hoy se siente feliz y agradecida. \u00ab<strong>Quer\u00eda ser muy feliz y que todo el mundo fuera feliz<\/strong>\u00ab, explic\u00f3, insistiendo en que la mentalidad positiva se convirti\u00f3 en su arma m\u00e1s valiosa.<\/p>\n<p class=\"ft-text\">El punto de inflexi\u00f3n de toda esta historia fue un golpe de suerte vital. Todo comenz\u00f3 con un simple bloqueo en la rodilla durante el verano, al regresar de unas vacaciones en Mallorca. Danae pidi\u00f3 cita m\u00e9dica y la visita se concert\u00f3 para un viernes. Cuando llegaron a la cl\u00ednica, les dijeron que se hab\u00edan equivocado de d\u00eda, aunque ten\u00edan la cita por escrito. <strong>La casualidad quiso que Jordi escuchara una voz conocida: era el doctor Paco Biosca<\/strong>, ex jefe de los servicios m\u00e9dicos del Chelsea durante una d\u00e9cada, con quien no hablaba desde hac\u00eda a\u00f1os.<\/p>\n<p><img decoding=\"async\" src=\"https:\/\/www.europesays.com\/es\/wp-content\/uploads\/2025\/12\/5e4b96a4-76b0-4f53-bb3d-65c022432705_alta-libre-aspect-ratio_default_0.jpg\" width=\"1200\" height=\"675\" alt=\"\u00bfVolver\u00e1 Jordi Cruyff al Ajax? \u00c9l mismo responde...\" class=\"ft-helper-img-rd\" loading=\"lazy\"\/><\/p>\n<p class=\"ft-helper-fontColor-quaternary ft-helper-fontSize-body-S ft-helper-spacer-t-xxs\">Jordi Cruyff, ex director deportivo del Bar\u00e7a  \/ SPORT<\/p>\n<p class=\"ft-text\">Mientras charlaban, <a class=\"ft-link ft-link--decoration\" href=\"https:\/\/www.sport.es\/es\/noticias\/barca\/ramon-cugat-jugue-barca-servia-119827792\" rel=\"nofollow noopener\" target=\"_blank\">apareci\u00f3 el doctor Ramon Cugat, muy unido a la familia Cruyff<\/a>. Hab\u00eda perdido un vuelo y, pese a ser viernes, regres\u00f3 al hospital. No dud\u00f3 en revisar la rodilla de Danae. \u00abTras examinarla, se qued\u00f3 treinta segundos en silencio, con los ojos cerrados, supe que algo pasaba\u00bb, recordaba Jordi. \u00abEsto no es la rodilla\u00bb, les advirti\u00f3. Les dijo que no se fueran y fij\u00f3 una nueva visita para el martes.<\/p>\n<p>\u00abFue chocante, mi vida cambi\u00f3\u00bb<\/p>\n<p class=\"ft-text\"><strong>Jordi, que ya intu\u00eda que algo grave estaban buscando, record\u00f3 con claridad ese cuarto de hora previo a la noticia que les cambi\u00f3 la vida: Danae ten\u00eda c\u00e1ncer<\/strong>. Todo hab\u00eda empezado de repente. \u00abFue chocante. Mi vida cambi\u00f3\u00bb, confes\u00f3. Y tambi\u00e9n asumi\u00f3 que, sin aquella cadena improbable de coincidencias \u2014la cita adelantada, la charla con Biosca, el regreso inesperado de Cugat\u2014 el diagn\u00f3stico podr\u00eda haberse retrasado fatalmente. \u00abQu\u00e9 suerte tuvimos. El doctor volvi\u00f3 al hospital, la vio y dijo \u2018no te vas\u2019\u00bb. Y e que Danae cog\u00eda un vuelo al d\u00eda siguiente direcci\u00f3n Italia para empezar a estudiar moda y no iba a regresar hasta tres meses m\u00e1s tarde.<strong> \u00abLo reconoci\u00f3 inmediatamente. Es un \u00e1ngel. Realmente nos salv\u00f3\u00bb, asegur\u00f3 Cruyff.<\/strong><\/p>\n<p class=\"ft-text\">Hoy, padre e hija miran hacia adelante, m\u00e1s unidos que nunca, despu\u00e9s de una batalla que les ense\u00f1\u00f3 qu\u00e9 es lo verdaderamente importante. Como dijo Jordi, <strong>\u00abel f\u00fatbol es pasi\u00f3n, pero los hijos\u2026 los hijos son la vida\u00bb<\/strong>. Hoy ambos recuerdan la experiencia con una sonrisa y con la complicidad de quienes han superado el mayor obst\u00e1culo que hasta el momento la vida hab\u00eda colocado en sus caminos. Quieren explicarlo porque son conscientes de que puede servir de ayuda para quienes, como ellos, hoy tienen un reto gigantesco al que enfrentarse.<\/p>\n","protected":false},"excerpt":{"rendered":"Jordi Cruyff comparti\u00f3 una de las experiencias m\u00e1s duras de su vida en Stick to Football, el popular&hellip;\n","protected":false},"author":2,"featured_media":283518,"comment_status":"","ping_status":"","sticky":false,"template":"","format":"standard","meta":{"footnotes":""},"categories":[93],"tags":[68543,168,25,24,881,68542,68544,68545,23,167],"class_list":{"0":"post-283517","1":"post","2":"type-post","3":"status-publish","4":"format-standard","5":"has-post-thumbnail","7":"category-deportes","8":"tag-danae-cruyff","9":"tag-deportes","10":"tag-es","11":"tag-espana","12":"tag-fc-barcelona","13":"tag-jordi-cruyff","14":"tag-paco-biosca","15":"tag-ramon-cugat","16":"tag-spain","17":"tag-sports"},"share_on_mastodon":{"url":"https:\/\/pubeurope.com\/@es\/115703077335536164","error":""},"_links":{"self":[{"href":"https:\/\/www.europesays.com\/es\/wp-json\/wp\/v2\/posts\/283517","targetHints":{"allow":["GET"]}}],"collection":[{"href":"https:\/\/www.europesays.com\/es\/wp-json\/wp\/v2\/posts"}],"about":[{"href":"https:\/\/www.europesays.com\/es\/wp-json\/wp\/v2\/types\/post"}],"author":[{"embeddable":true,"href":"https:\/\/www.europesays.com\/es\/wp-json\/wp\/v2\/users\/2"}],"replies":[{"embeddable":true,"href":"https:\/\/www.europesays.com\/es\/wp-json\/wp\/v2\/comments?post=283517"}],"version-history":[{"count":0,"href":"https:\/\/www.europesays.com\/es\/wp-json\/wp\/v2\/posts\/283517\/revisions"}],"wp:featuredmedia":[{"embeddable":true,"href":"https:\/\/www.europesays.com\/es\/wp-json\/wp\/v2\/media\/283518"}],"wp:attachment":[{"href":"https:\/\/www.europesays.com\/es\/wp-json\/wp\/v2\/media?parent=283517"}],"wp:term":[{"taxonomy":"category","embeddable":true,"href":"https:\/\/www.europesays.com\/es\/wp-json\/wp\/v2\/categories?post=283517"},{"taxonomy":"post_tag","embeddable":true,"href":"https:\/\/www.europesays.com\/es\/wp-json\/wp\/v2\/tags?post=283517"}],"curies":[{"name":"wp","href":"https:\/\/api.w.org\/{rel}","templated":true}]}}