{"id":283527,"date":"2025-12-11T21:39:14","date_gmt":"2025-12-11T21:39:14","guid":{"rendered":"https:\/\/www.europesays.com\/es\/283527\/"},"modified":"2025-12-11T21:39:14","modified_gmt":"2025-12-11T21:39:14","slug":"se-les-ha-dado-mas-de-un-kilo","status":"publish","type":"post","link":"https:\/\/www.europesays.com\/es\/283527\/","title":{"rendered":"Se les ha dado m\u00e1s de un kilo"},"content":{"rendered":"<p id=\"paragraph_1\">La llamada trama del fuel, capitaneada por <strong>Claudio Rivas<\/strong> y de la que formaba parte<strong> V\u00edctor de Aldama<\/strong>, destin\u00f3 un mill\u00f3n de euros a sobornos y \u00abcontraprestaciones\u00bb para el exministro Jos\u00e9 Luis \u00c1balos y otros cargos pol\u00edticos.<\/p>\n<p class=\"paragraph\" id=\"paragraph_2\">Todo ello, con la intenci\u00f3n de que \u00e9stos intermediaran a favor de la empresa <strong>Villafuel SL<\/strong>, que trataba por entonces de obtener una licencia para operar como mayorista en el mercado de hidrocarburos.<\/p>\n<p class=\"paragraph\" id=\"paragraph_3\">As\u00ed lo concluye la Unidad Central Operativa (UCO) de la Guardia Civil en su \u00faltimo informe, enviado al juez de la Audiencia Nacional <a href=\"https:\/\/www.elespanol.com\/personajes\/santiago_pedraz\/?utm_cmp_rs=linksinline\" target=\"_blank\" rel=\"nofollow noopener\">Santiago Pedraz<\/a>, que investiga a la llamada trama del fuel.<\/p>\n<p class=\"paragraph\" id=\"paragraph_4\">El dosier policial, de hecho, recoge un mensaje enviado a su pareja por <strong>Leonor Gonz\u00e1lez Pano<\/strong>, la hija de Carmen Pano, la mujer que asegur\u00f3 haber entregado 90.000 euros en la sede nacional del PSOE.<\/p>\n<p class=\"paragraph\" id=\"paragraph_5\"><strong>\u00abSe les ha dado m\u00e1s de un kilo\u00bb<\/strong>, escribi\u00f3 la joven a su novio por WhatsApp tras el cese de \u00c1balos como ministro. \u00abSe les ha dado mucho dinero\u00bb, subray\u00f3, sin detallar, no obstante, los destinatarios de estas cantidades.<\/p>\n<p><img loading=\"lazy\" decoding=\"async\" alt=\"Fragmento del informe de la UCO.\" height=\"522\" src=\"https:\/\/www.europesays.com\/es\/wp-content\/uploads\/2025\/12\/1003744052008_260436632_1706x522.jpg\" width=\"1706\" data-lazy-status=\"processed\" data-lazy-info=\"remove loading item 1\"\/><\/p>\n<p>                                                            Fragmento del informe de la UCO.<\/p>\n<p class=\"paragraph\" id=\"paragraph_6\">La UCO ubica a Claudio Rivas como \u00abm\u00e1ximo dirigente de la organizaci\u00f3n criminal\u00bb. Y relata que este empresario \u00abinteres\u00f3 la intermediaci\u00f3n de V\u00edctor de Aldama\u00bb con la Administraci\u00f3n P\u00fablica.<\/p>\n<p class=\"paragraph\" id=\"paragraph_7\">\u00bfPara qu\u00e9? \u00abCon el prop\u00f3sito de obtener la influencia del ministro Jos\u00e9 Luis \u00c1balos y que incidiera en los \u00f3rganos ministeriales correspondientes con el fin de agilizar la concesi\u00f3n de la autorizaci\u00f3n [para Villafiuel] y soslayar el incumplimiento de los requisitos legalmente establecidos para ello, a cambio de una contraprestaci\u00f3n econ\u00f3mica\u00bb, explica el informe.<\/p>\n<p class=\"paragraph\" id=\"paragraph_8\">Seg\u00fan los investigadores, Villafuel SL, controlada por Rivas, se emplear\u00eda despu\u00e9s para acometer un millonario fraude a Hacienda, de m\u00e1s de <strong>182 millones de euros<\/strong>, que ahora investiga Pedraz.<\/p>\n<p class=\"paragraph\" id=\"paragraph_9\">\u00abDe este modo, se infiere que los desembolsos econ\u00f3micos iniciales destinados al pago de comisiones il\u00edcitas fueron concebidos por Claudio Rivas como una inversi\u00f3n necesaria para obtener unos r\u00e9ditos econ\u00f3micos superiores que permitir\u00edan no solo compensarlos, sino obtener mayores beneficios en forma de flujos de capital de procedencia delictiva\u00bb, resume la Guardia Civil.<\/p>\n<p>Reuni\u00f3n con Marc Pons<\/p>\n<p class=\"paragraph\" id=\"paragraph_10\">El dosier policial tambi\u00e9n subraya que <strong>Koldo Garc\u00eda<\/strong>, el principal asesor de \u00c1balos, intermedi\u00f3 en favor de Villafuel SL.<\/p>\n<p class=\"paragraph\" id=\"paragraph_11\">En concreto, \u00abmantuvo\u00a0contactos\u00bb con <strong>Marc Isaac Pons<\/strong>, el que fue, hasta 2022, director de gabinete de la ministra\u00a0para la Transici\u00f3n Ecol\u00f3gica y el Reto Demogr\u00e1fico.<\/p>\n<p class=\"paragraph\" id=\"paragraph_12\">Koldo convers\u00f3 con \u00e9l en abril de 2021, apenas dos d\u00edas despu\u00e9s de que se presentase, por parte de Villafuel, la documentaci\u00f3n complementaria destinada a subsanar la primera negativa de la Administraci\u00f3n a concederle la licencia.<\/p>\n<p class=\"paragraph\" id=\"paragraph_13\">La UCO tambi\u00e9n se\u00f1ala que \u00abexisten\u00a0indicios que apuntan\u00bb a que Koldo y Pons se reunieron en la sede del Ministerio para la Transici\u00f3n Ecol\u00f3gica\u00a0el 8 de julio de 2021, \u00abcoincidiendo con el periodo en que la autorizaci\u00f3n [a Villafuel] continuaba sin otorgarse y <strong>la organizaci\u00f3n criminal se impacientaba<\/strong>\u00ab.<\/p>\n<p class=\"paragraph\" id=\"paragraph_14\">Pons, antes de ser director de gabinete de la ministra <strong>Teresa Ribera<\/strong>, fue conseller de Territorio, Energ\u00eda y Movilidad en el Gobierno de las Islas Baleares, cuando lo encabezaba\u00a0<strong>Francina Armengol<\/strong>, la hoy presidenta del Congreso de los Diputados.<\/p>\n<p class=\"paragraph\" id=\"paragraph_15\">Adem\u00e1s, actualmente, Pons<a href=\"https:\/\/www.psoe.es\/conocenos\/comision-ejecutiva-federal\/marc-pons-pons\/\" rel=\"nofollow noopener\" target=\"_blank\"> forma parte de la Ejecutiva Federal del PSOE<\/a>, como responsable, precisamente, de Transici\u00f3n Justa. Tambi\u00e9n fue\u00a0l\u00edder del PSOE de Menorca.<\/p>\n<p><img decoding=\"async\" alt=\"El exjefe de gabinete de Reyes Maroto, a su llegada al Tribunal Supremo, este mi\u00e9rcoles.\" height=\"180\" loading=\"lazy\" width=\"320\" data-lazy-status=\"processed\" id=\"039bf57b5f\" src=\"https:\/\/www.elespanol.com\/espana\/tribunales\/20251211\/trama-fuel-destino-millon-euros-sobornos-abalos-cargos-dado-kilo\/[\" https:=\"\" data-lazy-info=\"changed src\"\/><\/p>\n<p class=\"paragraph\" id=\"paragraph_16\">Por otro lado, <a href=\"https:\/\/www.elespanol.com\/espana\/tribunales\/20250521\/exjefe-gabinete-reyes-maroto-admite-juez-koldo-garcia-pidio-recibiera-socio-aldama\/1003743767061_0.html?utm_cmp_rs=linksinline\" rel=\"nofollow noopener\" target=\"_blank\">Koldo gestion\u00f3 en 2021 una reuni\u00f3n en el Ministerio de Industria<\/a>, a la que acudieron Carmen Pano, su hija y Claudio Rivas, as\u00ed como el jefe de gabinete de la ministra Reyes Maroto, <strong>Juan Ignacio Bidart<\/strong>.<\/p>\n<p class=\"paragraph\" id=\"paragraph_17\"><a href=\"https:\/\/www.elespanol.com\/espana\/tribunales\/20250521\/exjefe-gabinete-reyes-maroto-admite-juez-koldo-garcia-pidio-recibiera-socio-aldama\/1003743767061_0.html?utm_cmp_rs=linksinline\" rel=\"nofollow noopener\" target=\"_blank\">Seg\u00fan su propio testimonio<\/a>, este \u00faltimo, no obstante, indic\u00f3 a sus interlocutores que no ten\u00eda capacidad para conceder una autorizaci\u00f3n a Villafuel SL. As\u00ed, al menos, lo detall\u00f3 Bidart interrogado, como testigo, en el Tribunal Supremo.<\/p>\n<p>Efectivo, el chal\u00e9&#8230;<\/p>\n<p class=\"paragraph\" id=\"paragraph_18\">El informe de la Guardia Civil desgrana el mill\u00f3n de euros que la trama del fuel habr\u00eda empleado en \u00abcontraprestaciones\u00bb para lograr dicha licencia.<\/p>\n<p class=\"paragraph\" id=\"paragraph_19\">Para llegar a esta cifra, hay que sumar, en primer lugar, <strong>\u00abdiversas\u00a0<\/strong><strong>sumas de dinero en efectivo\u00bb<\/strong>\u00a0que, seg\u00fan la UCO, \u00abpodr\u00edan haber tenido por finalidad la de activar la voluntad de los responsables ministeriales\u00bb.<\/p>\n<p class=\"paragraph\" id=\"paragraph_20\">Adem\u00e1s, el dosier policial se\u00f1ala que Carmen Pano habr\u00eda recibido <strong>5.000 euros<\/strong>, de parte de Claudio Rivas, por las gestiones realizadas.<\/p>\n<p class=\"paragraph\" id=\"paragraph_21\">La Guardia Civil admite que no es posible \u00abcuantificar de forma objetiva y total\u00bb el efectivo empleado para esta supuesta compra de voluntades. Ahora bien, s\u00ed cuenta con \u00abindicios\u00bb que \u00abrespaldar\u00edan la existencia de diversas entregas\u00bb.<\/p>\n<p><img decoding=\"async\" alt=\"Carmen Pano, V\u00edctor de Aldama y la sede del PSOE en un fotomontaje.\" height=\"180\" loading=\"lazy\" width=\"320\" data-lazy-status=\"processed\" id=\"52a74aa6a0\" src=\"https:\/\/www.elespanol.com\/espana\/tribunales\/20251211\/trama-fuel-destino-millon-euros-sobornos-abalos-cargos-dado-kilo\/[\" https:=\"\" data-lazy-info=\"changed src\"\/><\/p>\n<p class=\"paragraph\" id=\"paragraph_22\">\u00bfC\u00f3mo? Gracias a las conversaciones entre Aldama y Leonor Gonz\u00e1lez Pano que detallan un trasiego de efectivo, gestionado a trav\u00e9s de Carmen Pano.<\/p>\n<p class=\"paragraph\" id=\"paragraph_23\">\u00abEstos pagos, contextualizados en momentos temporales coincidentes con las reuniones en el ministerio, habida cuenta de las conversaciones mantenidas entre los investigados, se estima que podr\u00edan estar asociados a un pago previo necesario para activar la influencia que pretend\u00edan obtener\u00bb, concluye la UCO.<\/p>\n<p class=\"paragraph\" id=\"paragraph_24\">\u00abYa desde la primera reuni\u00f3n\u00a0mantenida en el Ministerio,\u00a0se detectaron referencias a posibles pagos o contraprestaciones econ\u00f3micas\u00bb, detalla la UCO.<\/p>\n<p class=\"paragraph\" id=\"paragraph_25\">Pese a lo relatado en el Supremo por el exjefe de gabinete de Reyes Maroto, la Guardia Civil indica en su informe que, \u00aben un momento de euforia y tras el compromiso alcanzado por parte de Juan Ignacio Bidart de facilitar y dinamizar lo requerido\u00bb, Leonor Gonz\u00e1lez Pano le escribi\u00f3 por WhatsApp a su novio lo siguiente: <strong>\u00ab<\/strong><strong>A ver si me cae algo, que aqu\u00ed todo el mundo est\u00e1 cobrando menos yo\u00bb<\/strong>.<\/p>\n<p><img decoding=\"async\" alt=\"V\u00edctor de Aldama junto a una gasolinera de Villafuel y unas bolsas con dinero en un fotomontaje.\" height=\"180\" loading=\"lazy\" width=\"320\" data-lazy-status=\"processed\" id=\"386f05b9cf\" src=\"https:\/\/www.elespanol.com\/espana\/tribunales\/20251211\/trama-fuel-destino-millon-euros-sobornos-abalos-cargos-dado-kilo\/[\" https:=\"\" data-lazy-info=\"changed src\"\/><\/p>\n<p class=\"paragraph\" id=\"paragraph_26\">A estos movimientos de dinero en efectivo, hay que sumar los\u00a0<strong>585.001 euros<\/strong> empleados en <a href=\"https:\/\/www.elespanol.com\/espana\/20250410\/mensajes-prueban-chalet-alcaidesa-soborno-abalos-llame-solucionar\/1003743707329_0.html?utm_cmp_rs=linksinline\" rel=\"nofollow noopener\" target=\"_blank\">la compra de un chal\u00e9 en La Alcaidesa<\/a> (C\u00e1diz) que \u00c1balos disfrut\u00f3 en el verano de 2021. La UCO se\u00f1ala que se trat\u00f3 de \u00abuna presunta contraprestaci\u00f3n a la intermediaci\u00f3n prestada\u00bb por el ya exministro.<\/p>\n<p class=\"paragraph\" id=\"paragraph_27\">Tanto es as\u00ed que el 17 de junio de 2021, Leonor Gonz\u00e1lez Pano escribi\u00f3 a su novio: \u00abYa es oficial, ya tenemos el t\u00edtulo de operador\u00bb, en alusi\u00f3n a la licencia concedida, al fin, a Villafuel SL. <\/p>\n<p class=\"paragraph\" id=\"paragraph_28\">Nat\u00e1n Gonz\u00e1lez lo celebr\u00f3: <strong>\u00abHijo puta el putero. Ha sido pillar la casa y le ha dado al botoncito\u00bb<\/strong>, escribi\u00f3 en alusi\u00f3n, aparentemente, al chal\u00e9 de La Alcaidesa y \u00c1balos.<\/p>\n<p class=\"paragraph\" id=\"paragraph_29\">A todas estas cantidades tambi\u00e9n hay que sumar los m\u00e1s de 290.000 euros que fueron transferidos a una compa\u00f1\u00eda de Aldama en el marco de sus gestiones en favor de la trama del fuel.<\/p>\n<p class=\"paragraph\" id=\"paragraph_30\">Ahora bien, en octubre de 2024, <a href=\"https:\/\/www.elespanol.com\/espana\/20241016\/aldama-recibio-billetes-socio-pagar-comisiones-gestiones-gobierno-villafuel\/893661138_0.html?utm_cmp_rs=linksinline\" rel=\"nofollow noopener\" target=\"_blank\">EL ESPA\u00d1OL public\u00f3<\/a> que, en total, este empresario hab\u00eda recibido nada menos de 400.000 euros, en billetes, para los supuestos sobornos que se pagaron en favor de Villafuel.\u00a0<\/p>\n<p class=\"paragraph\" id=\"paragraph_31\">Finalmente, a todas estas cantidades, hay que sumar la \u00abcontrataci\u00f3n instrumental\u00bb de Koldo Garc\u00eda, quien fue dado de alta, en enero de 2022, en una constructora administrada por <strong>Manuel Sall\u00e9s<\/strong>,\u00a0vinculado \u00abempresarial y operativamente\u00bb, seg\u00fan describe la UCO, con Claudio Rivas.\u00a0<\/p>\n<p class=\"paragraph\" id=\"paragraph_32\">Desde esa fecha, el exasesor de \u00c1balos, ya fuera del Ministerio de Transportes, pas\u00f3 a percibir un sueldo de 1.950 euros mensuales.<\/p>\n","protected":false},"excerpt":{"rendered":"La llamada trama del fuel, capitaneada por Claudio Rivas y de la que formaba parte V\u00edctor de Aldama,&hellip;\n","protected":false},"author":2,"featured_media":283528,"comment_status":"","ping_status":"","sticky":false,"template":"","format":"standard","meta":{"footnotes":""},"categories":[5],"tags":[6543,17,18,25,24,13,14,11,5610,12501,19,20,9,10,15,16,2957,37789,23,68546,12,493,21,22],"class_list":{"0":"post-283527","1":"post","2":"type-post","3":"status-publish","4":"format-standard","5":"has-post-thumbnail","7":"category-titulares","8":"tag-audiencia-nacional","9":"tag-breaking-news","10":"tag-breakingnews","11":"tag-es","12":"tag-espana","13":"tag-featured-news","14":"tag-featurednews","15":"tag-headlines","16":"tag-jose-luis-abalos","17":"tag-koldo-garcia-izaguirre","18":"tag-latest-news","19":"tag-latestnews","20":"tag-news","21":"tag-noticias","22":"tag-noticias-destacadas","23":"tag-noticiasdestacadas","24":"tag-psoe-partido-socialista-obrero-espanol","25":"tag-santiago-pedraz","26":"tag-spain","27":"tag-teresa-ribera-rodriguez","28":"tag-titulares","29":"tag-tribunales","30":"tag-ultimas-noticias","31":"tag-ultimasnoticias"},"share_on_mastodon":{"url":"https:\/\/pubeurope.com\/@es\/115703104896278297","error":""},"_links":{"self":[{"href":"https:\/\/www.europesays.com\/es\/wp-json\/wp\/v2\/posts\/283527","targetHints":{"allow":["GET"]}}],"collection":[{"href":"https:\/\/www.europesays.com\/es\/wp-json\/wp\/v2\/posts"}],"about":[{"href":"https:\/\/www.europesays.com\/es\/wp-json\/wp\/v2\/types\/post"}],"author":[{"embeddable":true,"href":"https:\/\/www.europesays.com\/es\/wp-json\/wp\/v2\/users\/2"}],"replies":[{"embeddable":true,"href":"https:\/\/www.europesays.com\/es\/wp-json\/wp\/v2\/comments?post=283527"}],"version-history":[{"count":0,"href":"https:\/\/www.europesays.com\/es\/wp-json\/wp\/v2\/posts\/283527\/revisions"}],"wp:featuredmedia":[{"embeddable":true,"href":"https:\/\/www.europesays.com\/es\/wp-json\/wp\/v2\/media\/283528"}],"wp:attachment":[{"href":"https:\/\/www.europesays.com\/es\/wp-json\/wp\/v2\/media?parent=283527"}],"wp:term":[{"taxonomy":"category","embeddable":true,"href":"https:\/\/www.europesays.com\/es\/wp-json\/wp\/v2\/categories?post=283527"},{"taxonomy":"post_tag","embeddable":true,"href":"https:\/\/www.europesays.com\/es\/wp-json\/wp\/v2\/tags?post=283527"}],"curies":[{"name":"wp","href":"https:\/\/api.w.org\/{rel}","templated":true}]}}