{"id":283629,"date":"2025-12-11T23:01:19","date_gmt":"2025-12-11T23:01:19","guid":{"rendered":"https:\/\/www.europesays.com\/es\/283629\/"},"modified":"2025-12-11T23:01:19","modified_gmt":"2025-12-11T23:01:19","slug":"el-hormiguero-dan-brown-le-vuela-la-cabeza-a-pablo-motos-con-lo-que-descubrio-investigando-para-su-nuevo-libro-me-parecia-totalmente-imposible","status":"publish","type":"post","link":"https:\/\/www.europesays.com\/es\/283629\/","title":{"rendered":"El Hormiguero: Dan Brown le \u2018vuela la cabeza\u2019 a Pablo Motos con lo que descubri\u00f3 investigando para su nuevo libro: \u00abMe parec\u00eda totalmente imposible\u00bb"},"content":{"rendered":"<p style=\"\"><strong>&#8216;El Hormiguero&#8217;<\/strong> puso el broche de oro a la semana con un invitado de altos vuelos. Y es que este jueves 11 de diciembre los visit\u00f3 <a href=\"https:\/\/www.abc.es\/gente\/vida-personal-dan-brown-pasado-musico-demanda-20251211194423-nt.html\" target=\"_self\" data-voc-vtm-id=\"in-text-traffic\" title=\"Dan Brown\" data-mrf-link=\"www.abc.es\" rel=\"nofollow noopener\">Dan Brown<\/a>, que acaba de publicar la sexta aventura de <a href=\"https:\/\/www.abc.es\/cultura\/dan-brown-presenta-ultimo-secreto-ultima-novela-20251007152117-vi.html\" target=\"_self\" data-voc-vtm-id=\"in-text-traffic\" title=\"la saga protagonizada por Robert Langdon\" data-mrf-link=\"www.abc.es\" rel=\"nofollow noopener\">la saga protagonizada por Robert Langdon<\/a> &#8230; . En <strong>\u2018El \u00faltimo secreto\u2019,<\/strong> el c\u00e9lebre profesor de simbolog\u00eda religiosa en la universidad de Harvard viaja a Praga para asistir a una conferencia revolucionaria impartida por Katherine Solomon, una brillante cient\u00edfica con quien ha iniciado una relaci\u00f3n. Katherine est\u00e1 a punto de publicar un libro cuyos asombrosos descubrimientos sobre la naturaleza de la conciencia humana prometen desafiar siglos de creencias consolidadas. Pero un brutal asesinato desata el caos, y la cient\u00edfica desaparece sin dejar rastro junto con su valioso manuscrito.<\/p>\n<p class=\"voc-p\" style=\"\">\u00abSi conoc\u00e9is a Robert Langdon, sabr\u00e9is que tiene mucha suerte. En todos los libros conoce a una mujer maravillosa y guap\u00edsima, que adem\u00e1s sabe todo lo que \u00e9l necesita para resolver el misterio\u00bb, coment\u00f3 el autor para abrir el apetito. Esta vez es diferente, porque no solo se enamora de la co protagonista, sino que desaparece al principio de la novela. \u00abY evidentemente resulta muy estresante. Se mete en el mundo de la ciencia de la consciencia, que es algo que me fascina\u00bb, adelant\u00f3 el escritor. <\/p>\n<p class=\"voc-p\" style=\"\">En concreto, en la obra de la no\u00e9tica, que viene del griego y significa consciencia o percepci\u00f3n. \u00abEsta ciencia explora la capacidad del cerebro de controlar el mundo f\u00edsico, es decir, mente sobre materia. Yo cuando empec\u00e9 a escribir el libro me parec\u00eda totalmente imposible, pero ahora despu\u00e9s de a\u00f1os de investigar me resulta much\u00edsimo m\u00e1s cre\u00edble\u00bb, se\u00f1al\u00f3 Brown. Es un tema complejo, pero el literato avisa en el libro que todos los artefactos, s\u00edmbolos, documentos, experimentos, tecnolog\u00edas y resultados cient\u00edficos que menciona son reales.<\/p>\n<p>\nEl escepticismo de Dan Brown antes de empezar a escribir\n<\/p>\n<p class=\"voc-p\" style=\"\">En este sentido, <strong>Pablo Motos<\/strong> quiso conocer el dato cient\u00edfico que m\u00e1s le ha costado creer, incluso a \u00e9l mismo. \u00abUno que nos vuele la cabeza\u00bb, especific\u00f3. Al invitado le cost\u00f3 concretar, alegando que \u00abhay much\u00edsimas cosas alucinantes de la ciencia que he aprendido en los a\u00f1os que estaba investigando el libro\u00bb. Confes\u00f3 su escepticismo antes de escribir, aunque tras las pesquisas \u00abme resulta much\u00edsimo m\u00e1s cre\u00edble esto de la consciencia que puede sobrevivir a la muerte\u00bb, asegur\u00f3. <\/p>\n<p class=\"voc-p\" style=\"\">En concreto, hubo un experimento que lo dej\u00f3 asombrosa, el de la precognici\u00f3n. \u00abB\u00e1sicamente consist\u00eda en que le mostraban a los sujetos distintas im\u00e1genes de distintos tipos (muy violentas, muy pac\u00edficas, o ex\u00f3ticas), y varias partes del cerebro se activaban, que es lo que esperaban que sucediera. Pero lo que ocurr\u00eda es que el cerebro se iluminaba unos miles de segundos antes de que se las ense\u00f1aran, como si ya previese lo que iba a ver antes de que el ordenador decidiese qu\u00e9 imagen les iba a mostrar. Esa es la parte m\u00e1s alucinante\u00bb, relat\u00f3 el autor de <strong>\u2018El c\u00f3digo Da Vinci\u2019<\/strong>. <\/p>\n<p class=\"voc-p\" style=\"\">Motos se qued\u00f3 totalmente sin palabras tras la explicaci\u00f3n del invitado. \u00abS\u00ed, yo reaccion\u00e9 igual que t\u00fa\u00bb, manifest\u00f3 Brown ante la cara de anonadado del presentador. <\/p>\n<p class=\"voc-p\" style=\"\">Cuando por fin se recobr\u00f3 de la impresi\u00f3n, sigui\u00f3 indagando en los descubrimientos del estadounidense, interesado en saber si hay alguna teor\u00eda que explique este fen\u00f3meno tan sorprendente. \u00abTenemos que ser humildes en todo lo que todav\u00eda no sabemos de la consciencia humana y del cerebro. Cuanto m\u00e1s aprendemos, m\u00e1s descubrimos que hay much\u00edsimo que no sabemos. Y hay varias teor\u00edas que explican la precognici\u00f3n. Una de ellas es que el cerebro crea la realidad. Otra, que yo todav\u00eda no entiendo, pero que muchos f\u00edsicos muy inteligentes creen, es que el tiempo va en ambas direcciones. Nosotros lo percibimos como en una sola direcci\u00f3n, pero en realidad, en el mundo de la f\u00edsica, es perfectamente posible que el tiempo circule en ambas direcciones\u00bb.<\/p>\n","protected":false},"excerpt":{"rendered":"&#8216;El Hormiguero&#8217; puso el broche de oro a la semana con un invitado de altos vuelos. Y es&hellip;\n","protected":false},"author":2,"featured_media":283630,"comment_status":"","ping_status":"","sticky":false,"template":"","format":"standard","meta":{"footnotes":""},"categories":[171],"tags":[1493,1067,7441,45118,146,147,25,24,23830,68563,1496,13882,524,618,42386,23,25591,214,19606],"class_list":{"0":"post-283629","1":"post","2":"type-post","3":"status-publish","4":"format-standard","5":"has-post-thumbnail","7":"category-tv","8":"tag-brown","9":"tag-cabeza","10":"tag-dan","11":"tag-descubrio","12":"tag-entertainment","13":"tag-entretenimiento","14":"tag-es","15":"tag-espana","16":"tag-imposible","17":"tag-investigando","18":"tag-libro","19":"tag-motos","20":"tag-nuevo","21":"tag-pablo","22":"tag-parecia","23":"tag-spain","24":"tag-totalmente","25":"tag-tv","26":"tag-vuela"},"share_on_mastodon":{"url":"","error":""},"_links":{"self":[{"href":"https:\/\/www.europesays.com\/es\/wp-json\/wp\/v2\/posts\/283629","targetHints":{"allow":["GET"]}}],"collection":[{"href":"https:\/\/www.europesays.com\/es\/wp-json\/wp\/v2\/posts"}],"about":[{"href":"https:\/\/www.europesays.com\/es\/wp-json\/wp\/v2\/types\/post"}],"author":[{"embeddable":true,"href":"https:\/\/www.europesays.com\/es\/wp-json\/wp\/v2\/users\/2"}],"replies":[{"embeddable":true,"href":"https:\/\/www.europesays.com\/es\/wp-json\/wp\/v2\/comments?post=283629"}],"version-history":[{"count":0,"href":"https:\/\/www.europesays.com\/es\/wp-json\/wp\/v2\/posts\/283629\/revisions"}],"wp:featuredmedia":[{"embeddable":true,"href":"https:\/\/www.europesays.com\/es\/wp-json\/wp\/v2\/media\/283630"}],"wp:attachment":[{"href":"https:\/\/www.europesays.com\/es\/wp-json\/wp\/v2\/media?parent=283629"}],"wp:term":[{"taxonomy":"category","embeddable":true,"href":"https:\/\/www.europesays.com\/es\/wp-json\/wp\/v2\/categories?post=283629"},{"taxonomy":"post_tag","embeddable":true,"href":"https:\/\/www.europesays.com\/es\/wp-json\/wp\/v2\/tags?post=283629"}],"curies":[{"name":"wp","href":"https:\/\/api.w.org\/{rel}","templated":true}]}}