{"id":283631,"date":"2025-12-11T23:02:13","date_gmt":"2025-12-11T23:02:13","guid":{"rendered":"https:\/\/www.europesays.com\/es\/283631\/"},"modified":"2025-12-11T23:02:13","modified_gmt":"2025-12-11T23:02:13","slug":"vinilos-de-los-singles-de-ozzy-osbourne-junto-a-billy-morrison-baja-temporal-en-crashdiet-nuevo-disco-y-single-de-vreid","status":"publish","type":"post","link":"https:\/\/www.europesays.com\/es\/283631\/","title":{"rendered":"Vinilos de los singles de Ozzy Osbourne junto a Billy Morrison. Baja temporal en CRASHD\u00cfET. Nuevo disco y single de VREID."},"content":{"rendered":"<p>\u00a0<\/p>\n<p style=\"text-align: center;\"><strong><a href=\"#Ozzy\">Vinilos de los singles de Ozzy Osbourne junto a Billy Morrison<\/a> \u2013 <a href=\"#CRASHDIET\">Baja temporal en CRASHD\u00cfET<\/a> \u2013 <a href=\"#VREID\">Nuevo disco y single de VREID<\/a>. <\/strong><\/p>\n<p>TLG|ZOID sacar\u00e1 el 9 de enero a trav\u00e9s de Virgin Music Group una edici\u00f3n limitada en vinilo picture disc de los singles de <a href=\"https:\/\/www.ozzy.com\/\" target=\"_blank\" rel=\"noopener nofollow\"><strong>Ozzy Osbourne<\/strong><\/a> y Billy Morrison.<\/p>\n<p>Incluyen los temas \u201cGods Of Rock N Roll\u201d en el que participan tambi\u00e9n el guitarrista Steve Stevens y el bater\u00eda Fred Coury, y \u201cCrack Cocaine\u201d tambi\u00e9n con Stevens.<\/p>\n<p>Ten\u00e9is los temas en este <a href=\"https:\/\/www.rafabasa.com\/2025\/02\/14\/ozzy-osbourne-brainstorm-dynazty\/#Ozzy_Osbourne\" rel=\"nofollow noopener\" target=\"_blank\">bloque<\/a> y en <a href=\"https:\/\/www.rafabasa.com\/2025\/01\/12\/ozzy-osbourne-hammerfall-tim-ripper-owen\/#Ozzy_Osbourne\" rel=\"nofollow noopener\" target=\"_blank\">este<\/a>.<\/p>\n<p>En esta <a href=\"https:\/\/www.rafabasa.com\/2025\/09\/26\/judas-priest-ozzy-osbourne-kadavar-eisregen\/#PRIEST2\" rel=\"nofollow noopener\" target=\"_blank\">noticia<\/a> pod\u00e9is escuchar la versi\u00f3n del cl\u00e1sico de BLACK SABBATH \u201cWar Pigs\u201d realizada por JUDAS PRIEST con la participaci\u00f3n de Ozzy Osbourne.<\/p>\n<p>El vocalista <a href=\"https:\/\/www.rafabasa.com\/2025\/07\/22\/ozzy-osbourne-ha-muerto-descanse-en-paz\/\" target=\"_blank\" rel=\"noopener nofollow\">falleci\u00f3 el pasado 22 de julio<\/a> de un <a href=\"https:\/\/www.rafabasa.com\/2025\/08\/05\/ozzy-osbourne-malevolent-creation-desaster\/#OZZY_OSBOURNE\" target=\"_blank\" rel=\"noopener nofollow\">ataque al coraz\u00f3n<\/a> a pesar de que los el personal de emergencia <a href=\"https:\/\/www.rafabasa.com\/2025\/07\/24\/ozzy-osbourne-los-paramedicos-lucharon-durante-dos-horas-para-salvar-la-vida-del-cantante-pero-fue-en-vano\/\" target=\"_blank\" rel=\"noopener nofollow\">intent\u00f3 reanimarle durante dos horas<\/a>.<\/p>\n<p><a href=\"https:\/\/www.ozzy.com\/\" target=\"_blank\" rel=\"noopener nofollow\"><strong>Ozzy Osbourne<\/strong><\/a> realiz\u00f3 su <a href=\"https:\/\/www.rafabasa.com\/2025\/07\/06\/black-sabbath-y-ozzy-resumen-del-back-to-the-beginning-imagenes-y-videos\/\" target=\"_blank\" rel=\"noopener nofollow\">\u00faltimo concierto<\/a> el 5 de julio en Birmingham acompa\u00f1ado por la formaci\u00f3n original de <strong>BLACK SABBATH<\/strong> y muchos m\u00fasicos de renombre.<\/p>\n<p><img fetchpriority=\"high\" decoding=\"async\" src=\"https:\/\/www.europesays.com\/es\/wp-content\/uploads\/2025\/12\/OOsbourneMorrisonPicDisc.jpg\" alt=\"OZZY\" width=\"500\" height=\"367\"\/><\/p>\n<p>\u00a0<\/p>\n<p>\u00a0<\/p>\n<p><a href=\"https:\/\/www.facebook.com\/realcrashdiet\" target=\"_blank\" rel=\"noopener nofollow\"><strong>CRASHD\u00cfET<\/strong><\/a> han anunciado que se ven obligados a prescindir temporalmente del bajista Peter London debido a una emergencia familiar de \u00e9ste.<\/p>\n<p>London estar\u00e1 apartado del grupo durante todo el ciclo del <a href=\"https:\/\/www.rafabasa.com\/2025\/06\/03\/dream-theater-xandria-crashdiet\/#CRASHDIET\" rel=\"nofollow noopener\" target=\"_blank\">pr\u00f3ximo disco<\/a>, el cual est\u00e1n ya preparando.<\/p>\n<p>Sus \u00faltimos singles en esta <a href=\"https:\/\/www.rafabasa.com\/2023\/09\/28\/black-stone-cherry-crashdiet-wyatt-e\/#CRASHDIET\" target=\"_blank\" rel=\"noopener nofollow\">noticia<\/a>.<\/p>\n<p>El \u00faltimo trabajo de <a href=\"https:\/\/www.facebook.com\/realcrashdiet\" target=\"_blank\" rel=\"noopener nofollow\"><strong>CRASHD\u00cfET<\/strong><\/a> \u00abAutomaton\u00bb sali\u00f3 el 29 de abril de 2022 con Golden Robot Records. Pod\u00e9is escucharlo \u00edntegro en este <a href=\"https:\/\/www.rafabasa.com\/2022\/04\/29\/sepultura-crashdiet-alfredo-robles\/#CRASHDIET\" target=\"_blank\" rel=\"noopener nofollow\">bloque<\/a>.<\/p>\n<p>M\u00e1s detalles en este <a href=\"https:\/\/www.rafabasa.com\/2022\/03\/24\/volbeat-crashdiet-ciclon\/#CRASHDIET\" target=\"_blank\" rel=\"noopener nofollow\">bloque<\/a> y su \u00faltimo v\u00eddeo en <a href=\"https:\/\/www.rafabasa.com\/2022\/04\/04\/megadeth-crashdiet-kathew\/#CRASHDIET\" target=\"_blank\" rel=\"noopener nofollow\">este<\/a>.<\/p>\n<p>\u00a0<\/p>\n<p>\u00a0<\/p>\n<p><a href=\"https:\/\/www.vreid.no\/\" target=\"_blank\" rel=\"noopener nofollow\"><strong>VREID<\/strong><\/a> sacar\u00e1n el 6 de marzo a trav\u00e9s de Indie Recordings un nuevo disco titulado \u201cThe Skies Turn Black\u201d.<\/p>\n<p>Estos son los temas que incluye:<\/p>\n<ol>\n<li>From These Woods<\/li>\n<li>The Skies Turn Black<\/li>\n<li>A Second Death<\/li>\n<li>Kraken<\/li>\n<li>Loving the Dead<\/li>\n<li>Build &amp; Destroy<\/li>\n<li>Chaos<\/li>\n<li>Flammen<\/li>\n<li>Smile of Hate<\/li>\n<li>Echoes of Life<\/li>\n<li>The Earth Rumbles<\/li>\n<\/ol>\n<p>A continuaci\u00f3n ten\u00e9is el primer single \u201cFrom These Woods\u201d.<\/p>\n<p>El material ha sido producido por Anders Nordengen y el dise\u00f1o ha corrido a cargo de Kim Holm.<\/p>\n<p>Estar\u00e1 disponible en CD digipak, doble vinilo y formato digital.<\/p>\n<p>M\u00e1s sobre la banda en esta <a href=\"https:\/\/www.rafabasa.com\/2022\/03\/27\/rush-vreid-imonolith\/#VREID\" rel=\"nofollow noopener\" target=\"_blank\">noticia<\/a>.<\/p>\n<p align=\"center\"><strong>Sigue el\u00a0<a href=\"https:\/\/whatsapp.com\/channel\/0029VaCprxVBA1f555USvT2O\" target=\"_blank\" rel=\"nofollow noopener\">Canal de RAFABASA.COM en WhatsApp<\/a>, donde encontrar\u00e1s todas nuestras novedades al instante<\/strong><\/p>\n<p>\u00a0<\/p>\n<p>\u00a0<\/p>\n<p>\u00a0<\/p>\n","protected":false},"excerpt":{"rendered":"\u00a0 Vinilos de los singles de Ozzy Osbourne junto a Billy Morrison \u2013 Baja temporal en CRASHD\u00cfET \u2013&hellip;\n","protected":false},"author":2,"featured_media":283632,"comment_status":"","ping_status":"","sticky":false,"template":"","format":"standard","meta":{"footnotes":""},"categories":[170],"tags":[68564,146,147,25,24,184,185,189,23,68565],"class_list":{"0":"post-283631","1":"post","2":"type-post","3":"status-publish","4":"format-standard","5":"has-post-thumbnail","7":"category-musica","8":"tag-crashdiet","9":"tag-entertainment","10":"tag-entretenimiento","11":"tag-es","12":"tag-espana","13":"tag-music","14":"tag-musica","15":"tag-ozzy-osbourne","16":"tag-spain","17":"tag-vreid"},"share_on_mastodon":{"url":"https:\/\/pubeurope.com\/@es\/115703431019620704","error":""},"_links":{"self":[{"href":"https:\/\/www.europesays.com\/es\/wp-json\/wp\/v2\/posts\/283631","targetHints":{"allow":["GET"]}}],"collection":[{"href":"https:\/\/www.europesays.com\/es\/wp-json\/wp\/v2\/posts"}],"about":[{"href":"https:\/\/www.europesays.com\/es\/wp-json\/wp\/v2\/types\/post"}],"author":[{"embeddable":true,"href":"https:\/\/www.europesays.com\/es\/wp-json\/wp\/v2\/users\/2"}],"replies":[{"embeddable":true,"href":"https:\/\/www.europesays.com\/es\/wp-json\/wp\/v2\/comments?post=283631"}],"version-history":[{"count":0,"href":"https:\/\/www.europesays.com\/es\/wp-json\/wp\/v2\/posts\/283631\/revisions"}],"wp:featuredmedia":[{"embeddable":true,"href":"https:\/\/www.europesays.com\/es\/wp-json\/wp\/v2\/media\/283632"}],"wp:attachment":[{"href":"https:\/\/www.europesays.com\/es\/wp-json\/wp\/v2\/media?parent=283631"}],"wp:term":[{"taxonomy":"category","embeddable":true,"href":"https:\/\/www.europesays.com\/es\/wp-json\/wp\/v2\/categories?post=283631"},{"taxonomy":"post_tag","embeddable":true,"href":"https:\/\/www.europesays.com\/es\/wp-json\/wp\/v2\/tags?post=283631"}],"curies":[{"name":"wp","href":"https:\/\/api.w.org\/{rel}","templated":true}]}}