{"id":283644,"date":"2025-12-11T23:09:12","date_gmt":"2025-12-11T23:09:12","guid":{"rendered":"https:\/\/www.europesays.com\/es\/283644\/"},"modified":"2025-12-11T23:09:12","modified_gmt":"2025-12-11T23:09:12","slug":"rutte-advierte-de-una-futura-guerra-con-rusia-debemos-estar-preparados-para-lo-que-nuestros-abuelos-sufrieron-internacional","status":"publish","type":"post","link":"https:\/\/www.europesays.com\/es\/283644\/","title":{"rendered":"Rutte advierte de una futura guerra con Rusia: \u201cDebemos estar preparados para lo que nuestros abuelos sufrieron\u201d | Internacional"},"content":{"rendered":"<p class=\"\">El secretario general de la OTAN, Mark Rutte, ha advertido este jueves a los aliados de la Alianza Atl\u00e1ntica de que son \u201cel pr\u00f3ximo objetivo\u201d de Rusia. \u201cDebemos tener muy claro cu\u00e1l es la amenaza: somos el pr\u00f3ximo objetivo de Rusia y ya estamos en peligro\u201d, ha dicho. <\/p>\n<p class=\"\">Durante una rueda de prensa en Berl\u00edn, junto con el canciller alem\u00e1n, Friedrich Merz, el m\u00e1ximo representante de la Alianza ha instado a los aliados a reforzar la defensa de sus fronteras ante <a href=\"https:\/\/elpais.com\/internacional\/2025-12-02\/putin-ordena-conquistar-mas-territorio-en-la-frontera-con-ucrania-antes-de-recibir-al-enviado-especial-de-trump.html\" target=\"_self\" rel=\"nofollow noopener\" title=\"https:\/\/elpais.com\/internacional\/2025-12-02\/putin-ordena-conquistar-mas-territorio-en-la-frontera-con-ucrania-antes-de-recibir-al-enviado-especial-de-trump.html\">la amenaza rusa<\/a> y la posibilidad de que Mosc\u00fa inicie una guerra. Seg\u00fan Rutte, este choque podr\u00eda alcanzar lo que \u00e9l ha descrito como \u201cla misma magnitud que la guerra que sufrieron nuestros abuelos y bisabuelos\u201d, en referencia a las grandes guerras del siglo XX. <\/p>\n<p class=\"\">Rutte ha pedido \u201cimaginar\u201d un contexto en el que el conflicto \u201cllega a cada hogar, cada lugar de trabajo\u201d y en el que Europa quede marcada por la \u201cdestrucci\u00f3n, el reclutamiento masivo y millones de desplazados\u201d. Este escenario \u201cterrible\u201d con \u201csufrimiento generalizado y p\u00e9rdidas extremas\u201d puede evitarse, seg\u00fan ha recalcado, si los miembros de la OTAN cumplen sus compromisos y se refuerzan militarmente y apoyan a Ucrania para que no caiga en manos del Kremlin. <\/p>\n<p class=\"\">Rutte, que ya ha solicitado el aumento del gasto en defensa de los pa\u00edses miembros de la OTAN al 5% de su PIB, ha afirmado que hay demasiados gobiernos pertenecientes a la Alianza que no perciben la urgencia de la situaci\u00f3n actual, en alusi\u00f3n a la <a href=\"https:\/\/elpais.com\/internacional\/2025-11-26\/mark-rutte-rusia-seguira-siendo-una-amenaza-para-europa-aunque-haya-acuerdo-de-paz-en-ucrania.html\" target=\"_self\" rel=\"nofollow noopener\" title=\"https:\/\/elpais.com\/internacional\/2025-11-26\/mark-rutte-rusia-seguira-siendo-una-amenaza-para-europa-aunque-haya-acuerdo-de-paz-en-ucrania.html\">amenaza que representa Rusia en Europa<\/a>. El secretario general de la Alianza ha insistido en que los pa\u00edses miembros deben aumentar su capacidad en materia defensiva, tanto el gasto como la producci\u00f3n, para evitar que Mosc\u00fa invada otros territorios europeos.<\/p>\n<p class=\"\">\u201cMe temo que muchos se muestran complacientes y pasivos. Demasiados no sienten la urgencia. Y demasiados creen que el tiempo est\u00e1 de nuestro lado\u201d, ha sostenido el pol\u00edtico neerland\u00e9s. \u201cNo es as\u00ed. El momento de actuar es ahora\u201d, conmin\u00f3. Rutte considera que Rusia podr\u00eda estar lista para emplear el uso de la fuerza militar contra la OTAN dentro de cinco a\u00f1os: \u201cEl conflicto est\u00e1 ante nuestras puertas. Rusia ha tra\u00eddo la guerra de vuelta a Europa. Y debemos estar preparados\u201d, ha advertido desde Berl\u00edn, seg\u00fan informa Reuters. <\/p>\n<p>Compromiso de EE UU<\/p>\n<p class=\"\">En la misma l\u00ednea, el secretario general de la OTAN ha reafirmado el compromiso de Estados Unidos con la seguridad de los aliados, pese a <a href=\"https:\/\/elpais.com\/internacional\/2025-12-05\/trump-advierte-de-que-europa-se-enfrenta-a-la-desaparicion-de-su-civilizacion.html\" target=\"_self\" rel=\"nofollow noopener\" title=\"https:\/\/elpais.com\/internacional\/2025-12-05\/trump-advierte-de-que-europa-se-enfrenta-a-la-desaparicion-de-su-civilizacion.html\">su estrategia de seguridad<\/a>, revelada el pasado viernes. El documento, que recoge la nueva pol\u00edtica exterior de la Administraci\u00f3n Trump, acusa del supuesto declive de la UE a la inmigraci\u00f3n y relanza el intervencionismo en Am\u00e9rica Latina. <\/p>\n<p class=\"\">\u201cComo secretario general de la OTAN, mi principal tarea es garantizar que la Alianza en su conjunto sea segura\u201d, ha prometido. \u201cSi lo miro desde esta \u00f3ptica y miro la estrategia de seguridad [de EE UU], ah\u00ed [en el documento] pone claramente que EE UU se compromete con Europa, con darle seguridad a Europa\u201d. <\/p>\n<p><img decoding=\"auto\" class=\"_re lazyload a_m-h\" height=\"277\"  width=\"414\"  src=\"https:\/\/www.europesays.com\/es\/wp-content\/uploads\/2025\/12\/OQ3MJXUQYBOUPKHFGI4K7QKI2I.jpg\" loading=\"lazy\"\/>Mark Rutte (izquierda), durante una rueda de prensa junto al canciller alem\u00e1n, Friedrich Merz, en Berl\u00edn este jueves.CLEMENS BILAN (EFE)<\/p>\n<p class=\"\">Tambi\u00e9n subray\u00f3 que Washington reconoce que hace falta \u201cuna estrecha cooperaci\u00f3n\u201d entre los aliados europeos, EE UU y Canad\u00e1 para que \u201ctoda la Alianza siga siendo segura\u201d, y que ha sido el presidente estadounidense, Donald Trump, quien reclam\u00f3 un mayor esfuerzo conjunto para incrementar el gasto en defensa durante <a href=\"https:\/\/elpais.com\/internacional\/2025-06-24\/la-otan-celebra-su-cumbre-mas-polemica-en-plena-discusion-por-el-5-de-gasto-militar-y-con-la-incertidumbre-del-factor-trump.html\" target=\"_self\" rel=\"nofollow noopener\" title=\"https:\/\/elpais.com\/internacional\/2025-06-24\/la-otan-celebra-su-cumbre-mas-polemica-en-plena-discusion-por-el-5-de-gasto-militar-y-con-la-incertidumbre-del-factor-trump.html\">la \u00faltima cumbre de la OTAN<\/a>, celebrada en La Haya. <\/p>\n<p class=\"\">\u201cEE UU siempre se ha comprometido con la OTAN, pero tambi\u00e9n ha tenido siempre la expectativa de que hagamos m\u00e1s, de que gastemos tanto como ellos\u201d, ha explicado Rutte, que tambi\u00e9n ha apuntado a la amenaza que supone el rearme de China, recoge Efe.<\/p>\n<p class=\"\">El propio Merz, a quien Rutte ha felicitado por el objetivo que se ha dado Alemania de gastar el 3,5% de su PIB en 2029, tambi\u00e9n ha destacado que no hay indicios de que EE UU incumplir\u00e1 con sus compromisos de defensa de la Alianza, y que esto se ve reflejado en la estrategia de Washington. El canciller ha resaltado que tanto su pa\u00eds como Europa deben \u201cinvertir sistem\u00e1ticamente\u201d en \u00e1mbitos como la seguridad, la migraci\u00f3n, y la pol\u00edtica econ\u00f3mica. <\/p>\n<p class=\"\">\u201cNos interesa que Europa pueda sostenerse sobre sus piernas. Es el requisito para que en el futuro podamos mantener nuestro modo de vida europeo, nuestra libertad, nuestra seguridad y nuestro bienestar\u201d, ha asegurado Merz.<\/p>\n","protected":false},"excerpt":{"rendered":"El secretario general de la OTAN, Mark Rutte, ha advertido este jueves a los aliados de la Alianza&hellip;\n","protected":false},"author":2,"featured_media":283645,"comment_status":"","ping_status":"","sticky":false,"template":"","format":"standard","meta":{"footnotes":""},"categories":[42],"tags":[17,18,70,700,13,14,69,11,61,62,63,64,19,20,13066,9,10,15,16,1613,1614,12,7081,21,22,1617,7083,65,66,67],"class_list":{"0":"post-283644","1":"post","2":"type-post","3":"status-publish","4":"format-standard","5":"has-post-thumbnail","7":"category-internacional","8":"tag-breaking-news","9":"tag-breakingnews","10":"tag-conflictos","11":"tag-europa","12":"tag-featured-news","13":"tag-featurednews","14":"tag-guerra","15":"tag-headlines","16":"tag-internacional","17":"tag-international","18":"tag-international-news","19":"tag-internationalnews","20":"tag-latest-news","21":"tag-latestnews","22":"tag-mark-rutte","23":"tag-news","24":"tag-noticias","25":"tag-noticias-destacadas","26":"tag-noticiasdestacadas","27":"tag-otan","28":"tag-rusia","29":"tag-titulares","30":"tag-ucrania","31":"tag-ultimas-noticias","32":"tag-ultimasnoticias","33":"tag-union-europea","34":"tag-vladimir-putin","35":"tag-world","36":"tag-world-news","37":"tag-worldnews"},"share_on_mastodon":{"url":"","error":"Validation failed: Text character limit of 500 exceeded"},"_links":{"self":[{"href":"https:\/\/www.europesays.com\/es\/wp-json\/wp\/v2\/posts\/283644","targetHints":{"allow":["GET"]}}],"collection":[{"href":"https:\/\/www.europesays.com\/es\/wp-json\/wp\/v2\/posts"}],"about":[{"href":"https:\/\/www.europesays.com\/es\/wp-json\/wp\/v2\/types\/post"}],"author":[{"embeddable":true,"href":"https:\/\/www.europesays.com\/es\/wp-json\/wp\/v2\/users\/2"}],"replies":[{"embeddable":true,"href":"https:\/\/www.europesays.com\/es\/wp-json\/wp\/v2\/comments?post=283644"}],"version-history":[{"count":0,"href":"https:\/\/www.europesays.com\/es\/wp-json\/wp\/v2\/posts\/283644\/revisions"}],"wp:featuredmedia":[{"embeddable":true,"href":"https:\/\/www.europesays.com\/es\/wp-json\/wp\/v2\/media\/283645"}],"wp:attachment":[{"href":"https:\/\/www.europesays.com\/es\/wp-json\/wp\/v2\/media?parent=283644"}],"wp:term":[{"taxonomy":"category","embeddable":true,"href":"https:\/\/www.europesays.com\/es\/wp-json\/wp\/v2\/categories?post=283644"},{"taxonomy":"post_tag","embeddable":true,"href":"https:\/\/www.europesays.com\/es\/wp-json\/wp\/v2\/tags?post=283644"}],"curies":[{"name":"wp","href":"https:\/\/api.w.org\/{rel}","templated":true}]}}