{"id":283646,"date":"2025-12-11T23:10:12","date_gmt":"2025-12-11T23:10:12","guid":{"rendered":"https:\/\/www.europesays.com\/es\/283646\/"},"modified":"2025-12-11T23:10:12","modified_gmt":"2025-12-11T23:10:12","slug":"se-ha-enfrentado-el-putero-abalos-al-guapo-sanchez","status":"publish","type":"post","link":"https:\/\/www.europesays.com\/es\/283646\/","title":{"rendered":"\u00abSe ha enfrentado el putero (\u00c1balos) al guapo (S\u00e1nchez)\u00bb"},"content":{"rendered":"<p style=\"\">El informe de la Unidad Central Operativa (UCO) presentado al juez de la Audiencia Nacional Santiago Pedraz en relaci\u00f3n al presunto fraude en el sector de los hidrocarburos orquestado a trav\u00e9s de <a href=\"https:\/\/www.abc.es\/espana\/trama-hidrocarburos-gasto-kilo-comprar-voluntad-cargo-20251211184802-nt.html\" target=\"_self\" data-voc-vtm-id=\"in-text-traffic\" title=\"la operadora mayorista Villafuel\" data-mrf-link=\"www.abc.es\" rel=\"nofollow noopener\">la operadora mayorista Villafuel<\/a>, recoge en sus m\u00e1s de 180 p\u00e1ginas multitud  &#8230; de mensajes de wasap intercambiados entre distintos personajes investigados en el caso. <\/p>\n<p class=\"voc-p\" style=\"\">En concreto, en una de esas conversaciones, la investigada Leonor Gonz\u00e1lez Pano habla con su pareja sentimental Nat\u00e1n Gonz\u00e1lez sobre el cese en 2021 del ministro Jos\u00e9 Luis \u00c1balos y de c\u00f3mo afectar\u00eda a la consecuci\u00f3n de esa licencia. Pano explica que ha hablado con el empresario V\u00edctor de Aldama, que hac\u00eda las veces de intermediario con el ministro y con su asesor Koldo Garc\u00eda, y que<strong> le hab\u00eda tranquilizado en relaci\u00f3n a Villafuel. <\/strong><\/p>\n<p class=\"voc-p\" style=\"\">Indica que De Aldama le hab\u00eda comunicado que \u00abse ha liado en el Consejo de Ministros\u00bb porque  <strong>\u00abse ha enfrentado el putero al guapo\u00bb<\/strong>. Aparentemente y por el tono que mantienen sobre la figura del exministro, por el putero se refer\u00edan a \u00c1balos, mientras que el guapo ser\u00eda Pedro S\u00e1nchez, presidente del Gobierno. <\/p>\n<p>\n\u00abEl putero terminar\u00eda de hundir al PSOE\u00bb\n<\/p>\n<p class=\"voc-p\" style=\"\">\u00a0<\/p>\n<p class=\"voc-p\" style=\"\">\u00ab<strong>Y se ha levantado en mitad de la reuni\u00f3n y delante de todos lo ha mandado a tomar por culo<\/strong>\u00bb, prosegu\u00eda Pano para a\u00f1adir que <strong> \u00abpor lo visto, la mitad del partido est\u00e1 con el putero y la otra mitad con el guapo\u00bb<\/strong>, explicaba, a lo que su pareja le respondi\u00f3 que  \u00abdesde luego el putero terminar\u00eda de hundir al PSOE\u00bb. <\/p>\n<p class=\"voc-p\" style=\"\">La UCO explica que a pesar de que \u00c1balos y por tanto Koldo Garc\u00eda salieron del ministerio, intentaron seguir ejerciendo su influencia para la consecuci\u00f3n por parte de la trama de la licencia para Villafuel. Pero como el asunto se prolongaba en el tiempo, el socio de Aldama, Claudio Rivas, orden\u00f3 al comisionista que parara la intermediaci\u00f3n con ellos y activ\u00f3 acciones judiciales  encaminadas a recuperar la propiedad previamente entregada a Jos\u00e9 Luis \u00c1balos ubicada en la urbanizaci\u00f3n gaditana de La Alcaidesa, cercana a Sotogrande. <\/p>\n<p class=\"voc-p\" style=\"\">En ese marco temporal, la UCO recoge que pudieron constatar que el 22 de julio de 2022, la hermana de Rivas, tambi\u00e9n investigada en el caso habl\u00f3 con Pedro Antonio Mar\u00edn y le recalc\u00f3 lo que tambi\u00e9n le dijo a su hermano referente a la importancia de que De Aldama se desvinculara completamente de los tr\u00e1mites para obtener el t\u00edtulo de operador:  \u00abPor favor que V\u00edctor no llame ni trate con nadie de nuestro titulo de operador que ya en febrero te recuerdo pusieron la cara roja a Raquel y a Joaqu\u00edn, Pedro en la reuni\u00f3n porque una persona no paraba de llamar y exigir la situaci\u00f3n de nuestro expediente&#8230; y no ca\u00eda bien. (&#8230;) Esto se lo he pasado a Claudio (Rivas)  porque no quiero que V\u00edctor Aldama meta sus narices en esto\u00bb.<\/p>\n","protected":false},"excerpt":{"rendered":"El informe de la Unidad Central Operativa (UCO) presentado al juez de la Audiencia Nacional Santiago Pedraz en&hellip;\n","protected":false},"author":2,"featured_media":283647,"comment_status":"","ping_status":"","sticky":false,"template":"","format":"standard","meta":{"footnotes":""},"categories":[8],"tags":[32397,17,18,68567,25,24,13,14,38829,11,33109,19,20,9,10,15,16,68568,199,23,12,13611,21,22,59367],"class_list":{"0":"post-283646","1":"post","2":"type-post","3":"status-publish","4":"format-standard","5":"has-post-thumbnail","7":"category-espana","8":"tag-abalos","9":"tag-breaking-news","10":"tag-breakingnews","11":"tag-enfrentado","12":"tag-es","13":"tag-espana","14":"tag-featured-news","15":"tag-featurednews","16":"tag-guapo","17":"tag-headlines","18":"tag-hidrocarburos","19":"tag-latest-news","20":"tag-latestnews","21":"tag-news","22":"tag-noticias","23":"tag-noticias-destacadas","24":"tag-noticiasdestacadas","25":"tag-putero","26":"tag-sanchez","27":"tag-spain","28":"tag-titulares","29":"tag-trama","30":"tag-ultimas-noticias","31":"tag-ultimasnoticias","32":"tag-wasap"},"share_on_mastodon":{"url":"https:\/\/pubeurope.com\/@es\/115703462954679749","error":""},"_links":{"self":[{"href":"https:\/\/www.europesays.com\/es\/wp-json\/wp\/v2\/posts\/283646","targetHints":{"allow":["GET"]}}],"collection":[{"href":"https:\/\/www.europesays.com\/es\/wp-json\/wp\/v2\/posts"}],"about":[{"href":"https:\/\/www.europesays.com\/es\/wp-json\/wp\/v2\/types\/post"}],"author":[{"embeddable":true,"href":"https:\/\/www.europesays.com\/es\/wp-json\/wp\/v2\/users\/2"}],"replies":[{"embeddable":true,"href":"https:\/\/www.europesays.com\/es\/wp-json\/wp\/v2\/comments?post=283646"}],"version-history":[{"count":0,"href":"https:\/\/www.europesays.com\/es\/wp-json\/wp\/v2\/posts\/283646\/revisions"}],"wp:featuredmedia":[{"embeddable":true,"href":"https:\/\/www.europesays.com\/es\/wp-json\/wp\/v2\/media\/283647"}],"wp:attachment":[{"href":"https:\/\/www.europesays.com\/es\/wp-json\/wp\/v2\/media?parent=283646"}],"wp:term":[{"taxonomy":"category","embeddable":true,"href":"https:\/\/www.europesays.com\/es\/wp-json\/wp\/v2\/categories?post=283646"},{"taxonomy":"post_tag","embeddable":true,"href":"https:\/\/www.europesays.com\/es\/wp-json\/wp\/v2\/tags?post=283646"}],"curies":[{"name":"wp","href":"https:\/\/api.w.org\/{rel}","templated":true}]}}