{"id":283651,"date":"2025-12-11T23:17:10","date_gmt":"2025-12-11T23:17:10","guid":{"rendered":"https:\/\/www.europesays.com\/es\/283651\/"},"modified":"2025-12-11T23:17:10","modified_gmt":"2025-12-11T23:17:10","slug":"movistar-team-presenta-su-proyecto-2026-con-una-identidad-renovada-y-un-compromiso-real-con-el-futuro-del-ciclismo","status":"publish","type":"post","link":"https:\/\/www.europesays.com\/es\/283651\/","title":{"rendered":"Movistar Team presenta su proyecto 2026 con una identidad renovada y un compromiso real con el futuro del ciclismo"},"content":{"rendered":"<p class=\"news_body-excerpt\">\u2022\tLa escuadra, que cuenta con el patrocinio de Telef\u00f3nica, ha presentado en el Palau de Les Arts de la Ciudad de las Artes y las Ciencias de Valencia a un total de 56 ciclistas que integran la estructura deportiva, repartidos entre el Equipo Masculino, el Equipo Femenino y el Equipo de Desarrollo.<\/p>\n<p><img fetchpriority=\"high\" decoding=\"async\" width=\"1300\" height=\"867\" src=\"https:\/\/www.europesays.com\/es\/wp-content\/uploads\/2025\/12\/GOBIKxMOVISTAR-23NN.jpg\" alt=\"\" class=\"wp-image-146040\"  \/><\/p>\n<p>Movistar Team ha desvelado este jueves, en el Aula Magistral del Palau de Les Arts de la Ciudad de las Artes y las Ciencias de Valencia, su proyecto deportivo para la temporada 2026. Una presentaci\u00f3n que tambi\u00e9n se retransmiti\u00f3 en directo a trav\u00e9s del canal oficial de YouTube del equipo para acercarlo a la afici\u00f3n y que reuni\u00f3 a patrocinadores, medios de comunicaci\u00f3n, figuras destacadas del mundo del ciclismo y representantes institucionales.<\/p>\n<p><strong>Tres equipos, un mismo prop\u00f3sito<\/strong><\/p>\n<p>La estructura ciclista con m\u00e1s historia del pelot\u00f3n internacional, que cuenta con el patrocinio de Telef\u00f3nica, afrontar\u00e1 en 2026 su 47\u00aa temporada en la \u00e9lite mundial. Durante el acto se presentaron oficialmente las plantillas del\u00a0Equipo Masculino,\u00a0Equipo Femenino\u00a0y el\u00a0Equipo de Desarrollo, reafirmando el compromiso del proyecto con la formaci\u00f3n, la igualdad y el alto rendimiento.<\/p>\n<p>El conjunto WorldTour masculino incorpora este a\u00f1o a\u00a0Cian Uijtdebroeks\u00a0(B\u00e9lgica),\u00a0Ra\u00fal Garc\u00eda Pierna,\u00a0Roger Adri\u00e0,\u00a0Juanpe L\u00f3pez\u00a0(Espa\u00f1a) y\u00a0Pavel Nov\u00e1k\u00a0(Rep\u00fablica Checa). En el apartado femenino, la principal novedad es la llegada de la italiana\u00a0Francesca Barale.<\/p>\n<p>La campeona del mundo de contrarreloj,\u00a0Marlen Reusser, estrenar\u00e1 los colores arco\u00edris en las pruebas contra el crono, mientras que\u00a0Iv\u00e1n Romeo\u00a0y\u00a0Sara Mart\u00edn\u00a0lucir\u00e1n sus maillots de campeones de Espa\u00f1a.<\/p>\n<p>Adem\u00e1s, se present\u00f3 oficialmente el nuevo proyecto formativo\u00a0Movistar Team Academy, la plataforma con la que el equipo refuerza su apuesta por detectar y desarrollar talento joven en todas las categor\u00edas del ciclismo.<\/p>\n<p><strong>Un nuevo maillot para una nueva etapa<\/strong><\/p>\n<p>El evento sirvi\u00f3 tambi\u00e9n para revelar el\u00a0nuevo maillot dise\u00f1ado por GOBIK. Para el nuevo kit de Movistar Team, GOBIK busc\u00f3 una est\u00e9tica futurista, una evoluci\u00f3n que proyectara innovaci\u00f3n y rendimiento sobre una base blanca. Las texturas tecnol\u00f3gicas, los gr\u00e1ficos iridiscentes y las transparencias se combinaron para crear un dise\u00f1o impactante, que reflejase la identidad y el esp\u00edritu vanguardista del equipo.<\/p>\n<p>Un dise\u00f1o sobre el maillot Nexflow, desarrollado en exclusiva para el equipo. Su estructura aerodin\u00e1mica y ultra minimalista, junto al tejido especial en las mangas que optimiza el flujo de aire y los acabados con bonding sin costuras, ofrece velocidad y un ajuste perfecto. Un maillot pensado para competiciones donde cada segundo y la aerodin\u00e1mica son decisivos.<\/p>\n<p><strong>\u2018El D\u00eda Menos Pensado\u2019 regresa en 2026<\/strong><\/p>\n<p>Vuelve El D\u00eda Menos Pensado, una serie original de TBS que estar\u00e1 disponible a partir de enero en Espa\u00f1a en Movistar Plus+.\u00a0<\/p>\n<p>Movistar Team confirm\u00f3 el esperado regreso de\u00a0El D\u00eda Menos Pensado, la serie documental que ha permitido al p\u00fablico conocer desde dentro los retos y emociones del ciclismo profesional. La quinta edici\u00f3n se estrenar\u00e1 en 2026 y volver\u00e1 a mostrar la cara m\u00e1s humana y competitiva del equipo.<\/p>\n<p><strong>Nuevo acuerdo estrat\u00e9gico con CUPRA<\/strong><\/p>\n<p>Durante la gala tambi\u00e9n se anunci\u00f3 el nuevo acuerdo de colaboraci\u00f3n con\u00a0CUPRA, que se incorpora como proveedor oficial de veh\u00edculos del equipo. Una alianza que refuerza el compromiso de Movistar Team con la innovaci\u00f3n, la sostenibilidad y la movilidad avanzada.<\/p>\n<p><strong>Apoyo al ciclismo base tras la DANA<\/strong><\/p>\n<p>El acto cont\u00f3 con la presencia de varias escuelas de ciclismo afectadas por la reciente DANA y que Movistar Team visit\u00f3 el a\u00f1o pasado. El equipo ciclista quiso rendirles homenaje, reiter\u00f3 su apoyo al deporte base y a la recuperaci\u00f3n de las instalaciones da\u00f1adas.<\/p>\n<p><strong>Declaraciones institucionales<\/strong><\/p>\n<p>Borja Ochoa, presidente de Telef\u00f3nica Espa\u00f1a, se\u00f1al\u00f3: \u201cMovistar Team es uno de los grandes s\u00edmbolos de Telef\u00f3nica. No solo es nuestro patrocinio m\u00e1s longevo, es una alianza que representa qui\u00e9nes somos: trabajo colectivo, innovaci\u00f3n y capacidad para llegar a cada hogar. Cada ciclista lleva en su maillot la M de Movistar, una historia y unos valores que nos definen, y confiamos en que la defiendan con profesionalidad, compromiso y esp\u00edritu de equipo.\u201d<\/p>\n<p>Por su parte,\u00a0Eusebio Unzu\u00e9, Manager General de Abarca Sports, afirm\u00f3: \u201cAfrontamos una ilusionante nueva temporada junto a Telef\u00f3nica, confirmando su compromiso con este proyecto que compartimos desde hace tantos a\u00f1os. Entramos en una etapa renovada y ambiciosa, marcada por la llegada de importantes fichajes que reforzar\u00e1n nuestra competitividad en todos los terrenos y dar\u00e1n un nuevo impulso a la estructura deportiva del equipo.\u201d<\/p>\n<p>La combinaci\u00f3n de un equipo reforzado, una identidad renovada y una apuesta decidida por la base marca el inicio de una nueva etapa para Movistar Team. Un proyecto que mira al futuro con ambici\u00f3n, responsabilidad y una conexi\u00f3n a\u00fan m\u00e1s fuerte con la afici\u00f3n.<\/p>\n<p><strong>\u2014\u2014<\/strong><\/p>\n<p><strong><br \/><\/strong><br \/><strong>MOVISTAR TEAM 2026<\/strong><strong><br \/><\/strong>Roger ADRI\u00c0 (New), Jorge ARCAS, Orluis AULAR, Jon BARRENETXEA, Carlos CANAL, Pablo CASTRILLO, Jefferson CEPEDA, Iv\u00e1n G. CORTINA, Davide FORMOLO, Ra\u00fal G. PIERNA (New), Michel HESSMANN, Juanpe L\u00d3PEZ (New), Enric MAS, Lorenzo MILESI, Manlio MORO, Pavel NOV\u00c1K (New), Nelson OLIVEIRA, Diego PESCADOR, Nairo QUINTANA, Iv\u00e1n ROMEO, Javier ROMO, Einer RUBIO, Pelayo S\u00c1NCHEZ, Gonzalo SERRANO, Natnael TESFAZION, Albert TORRES, Cian UIJTDEBROEKS (New)<strong\/><\/p>\n<p>MOVISTAR TEAM WOMEN 2026<br \/>Francesca BARALE (New), Olivia BARIL, Aude BIANNIC, Cat FERGUSON, Sheyla GUTI\u00c9RREZ, Liane LIPPERT, Carys LLOYD, Floortje MACKAIJ, Tota MAGALHAES, Sara MART\u00cdN, Mareille MEIJER, Paula OSTIZ, Marlen REUSSER, Laura RUIZ, Luc\u00eda RUIZ, Arlenis SIERRA, Claire STEELS.<strong\/><\/p>\n<p>MOVISTAR TEAM ACADEMY 2026 (<strong>New<\/strong><strong>)<\/strong><strong><br \/><\/strong>Markel ARANAZ, Sebasti\u00e1n CASTRO, Javier CUBILLAS, Daniele FORLIN, Jhonatan GUATIBONZA, Eric IGUAL, Lucas JACKSON, Filip NOV\u00c1K, Roger PARETA, Tom\u00e1s PIOMBO, Mattia PROIETTI, Ibai VILLATE.<\/p>\n","protected":false},"excerpt":{"rendered":"\u2022 La escuadra, que cuenta con el patrocinio de Telef\u00f3nica, ha presentado en el Palau de Les Arts&hellip;\n","protected":false},"author":2,"featured_media":283652,"comment_status":"","ping_status":"","sticky":false,"template":"","format":"standard","meta":{"footnotes":""},"categories":[273],"tags":[5168,313,1757,312,168,622,25,24,14861,699,303,8660,3013,23,167,1826,462,11214,5411,14860],"class_list":{"0":"post-283651","1":"post","2":"type-post","3":"status-publish","4":"format-standard","5":"has-post-thumbnail","7":"category-ciclismo","8":"tag-bicicletas","9":"tag-ciclismo","10":"tag-ciclista","11":"tag-cycling","12":"tag-deportes","13":"tag-equipo","14":"tag-es","15":"tag-espana","16":"tag-eusebio-unzue","17":"tag-grande","18":"tag-movistar","19":"tag-movistar-team","20":"tag-mundo","21":"tag-spain","22":"tag-sports","23":"tag-telefonica","24":"tag-tour-de-francia","25":"tag-uci","26":"tag-vuelta-a-espana","27":"tag-world-tour"},"share_on_mastodon":{"url":"https:\/\/pubeurope.com\/@es\/115703490039185236","error":""},"_links":{"self":[{"href":"https:\/\/www.europesays.com\/es\/wp-json\/wp\/v2\/posts\/283651","targetHints":{"allow":["GET"]}}],"collection":[{"href":"https:\/\/www.europesays.com\/es\/wp-json\/wp\/v2\/posts"}],"about":[{"href":"https:\/\/www.europesays.com\/es\/wp-json\/wp\/v2\/types\/post"}],"author":[{"embeddable":true,"href":"https:\/\/www.europesays.com\/es\/wp-json\/wp\/v2\/users\/2"}],"replies":[{"embeddable":true,"href":"https:\/\/www.europesays.com\/es\/wp-json\/wp\/v2\/comments?post=283651"}],"version-history":[{"count":0,"href":"https:\/\/www.europesays.com\/es\/wp-json\/wp\/v2\/posts\/283651\/revisions"}],"wp:featuredmedia":[{"embeddable":true,"href":"https:\/\/www.europesays.com\/es\/wp-json\/wp\/v2\/media\/283652"}],"wp:attachment":[{"href":"https:\/\/www.europesays.com\/es\/wp-json\/wp\/v2\/media?parent=283651"}],"wp:term":[{"taxonomy":"category","embeddable":true,"href":"https:\/\/www.europesays.com\/es\/wp-json\/wp\/v2\/categories?post=283651"},{"taxonomy":"post_tag","embeddable":true,"href":"https:\/\/www.europesays.com\/es\/wp-json\/wp\/v2\/tags?post=283651"}],"curies":[{"name":"wp","href":"https:\/\/api.w.org\/{rel}","templated":true}]}}