{"id":283661,"date":"2025-12-11T23:24:13","date_gmt":"2025-12-11T23:24:13","guid":{"rendered":"https:\/\/www.europesays.com\/es\/283661\/"},"modified":"2025-12-11T23:24:13","modified_gmt":"2025-12-11T23:24:13","slug":"la-revuelta-le-hace-la-compra-de-la-semana-a-nathy-peluso-me-viene-de-lujo-no-tengo-nada-en-casa","status":"publish","type":"post","link":"https:\/\/www.europesays.com\/es\/283661\/","title":{"rendered":"&#8216;La Revuelta&#8217; le hace la compra de la semana a Nathy Peluso: \u00abMe viene de lujo, no tengo nada en casa\u00bb"},"content":{"rendered":"<p><img fetchpriority=\"high\" class=\"v-a-img\" src=\"https:\/\/www.europesays.com\/es\/wp-content\/uploads\/2025\/12\/nathy-1-kw8E-U240529720599lZH-1200x840@El Correo.jpg\" loading=\"eager\" decoding=\"async\" alt=\"'La Revuelta' le hace la compra de la semana a Nathy Peluso: \u00abMe viene de lujo, no tengo nada en casa\u00bb\"  width=\"1200\" height=\"840\"\/><\/p>\n<p>La argentina, que concluir\u00e1 su gira &#8216;GRASA&#8217; con dos ciertos en Madrid y Barcelona, cierra la semana en el programa de La 1<\/p>\n<p><a class=\"v-mdl-ath__fig-a\" href=\"https:\/\/www.elcorreo.com\/autor\/marina-leon-6788.html\" title=\"Marina Le\u00f3n\" rel=\"nofollow noopener\" target=\"_blank\"><br \/>\n<img decoding=\"async\" class=\"v-mdl-ath__img\" src=\"https:\/\/www.europesays.com\/es\/wp-content\/uploads\/2025\/12\/autor-6788-foto-1.jpeg\" alt=\"Marina Le\u00f3n\"\/><br \/>\n<\/a><\/p>\n<p class=\"v-mdl-ath__p v-mdl-ath__p--6\">\nJueves, 11 de diciembre 2025, 22:52<\/p>\n<p class=\"v-p\">Nathy Peluso se siente como en casa en el plat\u00f3 de &#8216;La Revuelta&#8217;. La artista argentina regresa al programa un a\u00f1o despu\u00e9s de la primera vez que se sent\u00f3 a charlar con David Broncano. La cantante est\u00e1 a punto de poner el broche de oro en Madrid y Barcelona a su gira mundial &#8216;GRASA&#8217;, que a\u00fana sus dos \u00faltimos proyectos: el disco &#8216;Grasa&#8217; y el EP de salsa &#8216;Malportada&#8217;.<\/p>\n<p class=\"v-p\">\u00abVaya barba, eres un Backstreet Boy\u00bb, apunt\u00f3 la artista nada m\u00e1s ver al presentador. En cuanto a los regalos, Peluso obsequi\u00f3 a Broncano con una entrada para el show de Madrid del pr\u00f3ximo 17 de febrero. \u00abTienes que venir antes a practicar un poco de salsa\u00bb, advirti\u00f3 la ganadora de cuatro Latin Grammy. \u00abA m\u00ed me gustar\u00eda estar a tu nivel, pero me cuesta. Nunca desbloqueo el primer paso\u00bb, respondi\u00f3 \u00e9l.<\/p>\n<p class=\"v-p\">El p\u00fablico, como era de esperar, tambi\u00e9n quer\u00eda sus entradas. A Nathy se le ocurri\u00f3 una idea: \u00abde entre tres personas del p\u00fablico, la que mejor haga el grito de la salsa, el &#8216;cucucuc\u00fa&#8217;, se lleva dos entradas dobles\u00bb. Dicho y hecho. Tras una re\u00f1ida competici\u00f3n, la invitada decidi\u00f3 regalarles entradas a los tres participantes. La argentina le llev\u00f3 a Broncano otro regalo. \u00abSalsa, peligro, sexo, pasi\u00f3n&#8230;\u00bb, ley\u00f3 el de Ja\u00e9n en un bote de cristal que le entreg\u00f3 Peluso. Dentro, un delantal rojo con la palabra &#8216;salsa&#8217;. <\/p>\n<p class=\"v-p\">Desde &#8216;La Revuelta&#8217; le dieron a Nathy una foto enmarcada de todo el equipo del programa. \u00abSon un equipazo y siempre me tratan como una reina. Qu\u00e9 ilusi\u00f3n\u00bb, respondi\u00f3 ella emocionada. Pero no fue lo \u00fanico. Tambi\u00e9n le regalaron la compra de la semana. \u00abAt\u00fan, apio, lentejas, leche&#8230; no es broma. Es para que pases la semana tranquilamente en casa\u00bb, dijo Broncano. \u00abMe viene de lujo. No tengo nada en casa\u00bb, asegur\u00f3. <\/p>\n<p>Reporta un error<\/p>\n","protected":false},"excerpt":{"rendered":"La argentina, que concluir\u00e1 su gira &#8216;GRASA&#8217; con dos ciertos en Madrid y Barcelona, cierra la semana en&hellip;\n","protected":false},"author":2,"featured_media":283662,"comment_status":"","ping_status":"","sticky":false,"template":"","format":"standard","meta":{"footnotes":""},"categories":[171],"tags":[385,6364,146,147,25,24,1531,40921,40922,528,23,214,16591],"class_list":{"0":"post-283661","1":"post","2":"type-post","3":"status-publish","4":"format-standard","5":"has-post-thumbnail","7":"category-tv","8":"tag-casa","9":"tag-compra","10":"tag-entertainment","11":"tag-entretenimiento","12":"tag-es","13":"tag-espana","14":"tag-lujo","15":"tag-nathy","16":"tag-peluso","17":"tag-revuelta","18":"tag-spain","19":"tag-tv","20":"tag-viene"},"share_on_mastodon":{"url":"https:\/\/pubeurope.com\/@es\/115703517877928651","error":""},"_links":{"self":[{"href":"https:\/\/www.europesays.com\/es\/wp-json\/wp\/v2\/posts\/283661","targetHints":{"allow":["GET"]}}],"collection":[{"href":"https:\/\/www.europesays.com\/es\/wp-json\/wp\/v2\/posts"}],"about":[{"href":"https:\/\/www.europesays.com\/es\/wp-json\/wp\/v2\/types\/post"}],"author":[{"embeddable":true,"href":"https:\/\/www.europesays.com\/es\/wp-json\/wp\/v2\/users\/2"}],"replies":[{"embeddable":true,"href":"https:\/\/www.europesays.com\/es\/wp-json\/wp\/v2\/comments?post=283661"}],"version-history":[{"count":0,"href":"https:\/\/www.europesays.com\/es\/wp-json\/wp\/v2\/posts\/283661\/revisions"}],"wp:featuredmedia":[{"embeddable":true,"href":"https:\/\/www.europesays.com\/es\/wp-json\/wp\/v2\/media\/283662"}],"wp:attachment":[{"href":"https:\/\/www.europesays.com\/es\/wp-json\/wp\/v2\/media?parent=283661"}],"wp:term":[{"taxonomy":"category","embeddable":true,"href":"https:\/\/www.europesays.com\/es\/wp-json\/wp\/v2\/categories?post=283661"},{"taxonomy":"post_tag","embeddable":true,"href":"https:\/\/www.europesays.com\/es\/wp-json\/wp\/v2\/tags?post=283661"}],"curies":[{"name":"wp","href":"https:\/\/api.w.org\/{rel}","templated":true}]}}