{"id":283709,"date":"2025-12-12T00:03:15","date_gmt":"2025-12-12T00:03:15","guid":{"rendered":"https:\/\/www.europesays.com\/es\/283709\/"},"modified":"2025-12-12T00:03:15","modified_gmt":"2025-12-12T00:03:15","slug":"remco-evenepoel-iniciara-la-temporada-en-la-challenge-de-mallorca-esciclismo","status":"publish","type":"post","link":"https:\/\/www.europesays.com\/es\/283709\/","title":{"rendered":"Remco Evenepoel iniciar\u00e1 la temporada en la Challenge de Mallorca &#8211; Esciclismo"},"content":{"rendered":"<ol>\n<li><a href=\"https:\/\/news.google.com\/rss\/articles\/CBMiakFVX3lxTE56Ui1ZRGdkbk9uSEZOLUpmODZSblhoZElldHd2aWhDWS00eloyUktTTUtKTnRSbFFXMzRMYk1USzNDVnBqVkVxOGN0YUgxTzNCZUFOakhmTGpiLTM0Q1JOVXFDZDBmS1A0emc?oc=5\" target=\"_blank\" rel=\"nofollow noopener\">Remco Evenepoel iniciar\u00e1 la temporada en la Challenge de Mallorca<\/a>&nbsp;&nbsp;Esciclismo<\/li>\n<li><a href=\"https:\/\/news.google.com\/rss\/articles\/CBMi4gFBVV95cUxOQXdmMlMxdHRfOTZJVVhuNV9VaU1MMWg4RGhKdDl1WHpWV1lhWkx0UmZRX0J6OXhjQ1pna09FMXpZaEFhREZRRUNNNE5TOUtRRklvaFBEczlfWmI5TmlhbmlmQllMXzBjVXZtOHVWcWg0R1EwaVNIX0lLWHNJc1JFUkUycElEVG1LNjVTUFJfdUhPSE5RUGxPVm5CamdKcV8zOWhyM1RIT0JlVTZUaXIxR1pHRWV1YUR3WndrSnFXVFJ5UXV1WmNJYlZmdEVVcmVHQTFrbDJTSXR1TVRET1VodHh3?oc=5\" target=\"_blank\" rel=\"nofollow noopener\">Cohabitaci\u00f3n y calendario \u201cb\u00e1sico y ligero\u201d para Remco Evenepoel en su primer a\u00f1o con el Red Bull<\/a>&nbsp;&nbsp;EL PA\u00cdS<\/li>\n<li><a href=\"https:\/\/news.google.com\/rss\/articles\/CBMiuAFBVV95cUxPQjh0QkRNa0txdUNiUzgzX1RqaTB5UC1WM3NqQkVabzRtWEpBWUI3a2tsdkJEWTJiUGxPc1FoTWRLT2VEeHVvUVhpODBuQm9YcktCbUNDYXhhZDdwWjRwVjNkMVd4OUhDMzZmMlZzN012ZExMWjRFY2sxQk9xdzU4bC1KNGN4UkhqVzBtb25DYWdEOTk5RE1rcko3RGFzSWNqN2UxNldnNnY4UWVTOHZXSjNSQ1FoMGU1?oc=5\" target=\"_blank\" rel=\"nofollow noopener\">Evenepoel correr\u00e1 el Tour, descarta el Giro y Roglic ser\u00e1 el l\u00edder del Red Bull en la Vuelta<\/a>&nbsp;&nbsp;El Correo<\/li>\n<li><a href=\"https:\/\/news.google.com\/rss\/articles\/CBMitAFBVV95cUxPZGE3U0RPRUVDRzFtVGZMUEFvcnBWYWRSLXc1Z3YxcVVBZDFRdjJDMWpXWjQxQWpMeXJJdzRxeGtJZmFvRWNudF9oTk1Bd2djZ0VrZDVuNDhHMDAzdEFZZkxjdVl2bE56dDNjdE14aTVsWkVmOTNYR2ZsN0RQLUhXWGgwU1ZIQ2R1UHVJNGE4Zy1PbWtZd1hvMm9mRTBmVmJISzBoakExNzR0cGpNbWVITnFhOHXSAcgBQVVfeXFMTmlNREVMb3VyajNOcTdDUGhHelBMcGZaUHFDVXVyOVRZSy13XzUwbEdTTTJCMGF5dklWY0hDdzRQRVBLNTBCVjNINFRvb0dmc0tZZUNFbnhQUUVySjNVNU90U0VMazRaWHlGTENscUQzejJvQkNhcDZLdG5UY1M1UTVkc1prOUR2aWpId01NbXlwUzdVQ3REUnVuM2FqdHlKb09RWTFQdGpORndVZWNVcy03VlFLYlhJbnpyaDlDejRWUXo4RFRkWmI?oc=5\" target=\"_blank\" rel=\"nofollow noopener\">Roglic luchar\u00e1 por su quinta Vuelta y Evenepoel y Lipowitz, al Tour<\/a>&nbsp;&nbsp;Diario AS<\/li>\n<li><a href=\"https:\/\/news.google.com\/rss\/articles\/CBMiyAFBVV95cUxOSmhuWFZacGZPSEVIUEVWbmN5ZFdnZGgtaUVxYTBxSzZ4X3dfWk5MVUFhQ0ZuYXBiV0dQUzBnT0loRlEySDdnNnZiLXgxOHFXT1dmOHlJcDBBVTBzRmM5UF9FenBpS25hM2tDUnNWVmlBbEpWdUpzaExBTnJ4UkViWjhtNFN0WGV0cFdKeEhhc0lGSTVrV2thQ0w2b3JYUnZFeEpYdXJzcWtPa2Vjd0VwSGxIOEtybEdZNzBtNnRsWE9Uam1vUVdKeNIBzgFBVV95cUxNVmNYVmhvNmVSNmdtUkZjeFJKbE9NQXJLMWZ0LWV1T253VGxqQl90VVU1ZEdDbC15MFlpNHBKSzBOMFZ5cUZKU1ExdXRNWm9RaU9sSkVtb1hEQkduMzNMVWpaRjh1QTdKTmZZQmpyNEtaU2p2cG5PV0RXa3N5SXRBakFwQVNWWmVvem9lTzdqLVlyOVJXY1BhM25CTTBYeXZ3RWpxSW5OMmNuVm8wVmMwbTNRYjdEdEYzYWxWaTZVR3p3UlhzMnNLd2NTLTVydw?oc=5\" target=\"_blank\" rel=\"nofollow noopener\">\u00a1Bombazo en la Volta a la Comunitat Valenciana!: Un figura del m\u00e1ximo nivel mundial confirma su participaci\u00f3n<\/a>&nbsp;&nbsp;Superdeporte<\/li>\n<\/ol>\n","protected":false},"excerpt":{"rendered":"Remco Evenepoel iniciar\u00e1 la temporada en la Challenge de Mallorca&nbsp;&nbsp;Esciclismo Cohabitaci\u00f3n y calendario \u201cb\u00e1sico y ligero\u201d para Remco&hellip;\n","protected":false},"author":2,"featured_media":283710,"comment_status":"","ping_status":"","sticky":false,"template":"","format":"standard","meta":{"footnotes":""},"categories":[273],"tags":[11215,1611,988,11953,7479,7478,11977,313,26126,312,168,158,25,24,14267,2680,557,317,4645,7480,2457,1070,661,26829,19654,1078,2145,905,10492,5294,68580,23,167,1152,316,235,15300],"class_list":{"0":"post-283709","1":"post","2":"type-post","3":"status-publish","4":"format-standard","5":"has-post-thumbnail","7":"category-ciclismo","8":"tag-afrontar","9":"tag-ano","10":"tag-anos","11":"tag-belga","12":"tag-bora","13":"tag-bull","14":"tag-challenge","15":"tag-ciclismo","16":"tag-comenzara","17":"tag-cycling","18":"tag-deportes","19":"tag-el","20":"tag-es","21":"tag-espana","22":"tag-estrella","23":"tag-evenepoel","24":"tag-fichaje","25":"tag-francia","26":"tag-grandes","27":"tag-hansgrohe","28":"tag-mallorca","29":"tag-mundial","30":"tag-objetivo","31":"tag-objetivos","32":"tag-presento","33":"tag-primera","34":"tag-programa","35":"tag-red","36":"tag-remco","37":"tag-siete","38":"tag-soud","39":"tag-spain","40":"tag-sports","41":"tag-temporada","42":"tag-tour","43":"tag-valencia","44":"tag-volta"},"share_on_mastodon":{"url":"https:\/\/pubeurope.com\/@es\/115703670617191324","error":""},"_links":{"self":[{"href":"https:\/\/www.europesays.com\/es\/wp-json\/wp\/v2\/posts\/283709","targetHints":{"allow":["GET"]}}],"collection":[{"href":"https:\/\/www.europesays.com\/es\/wp-json\/wp\/v2\/posts"}],"about":[{"href":"https:\/\/www.europesays.com\/es\/wp-json\/wp\/v2\/types\/post"}],"author":[{"embeddable":true,"href":"https:\/\/www.europesays.com\/es\/wp-json\/wp\/v2\/users\/2"}],"replies":[{"embeddable":true,"href":"https:\/\/www.europesays.com\/es\/wp-json\/wp\/v2\/comments?post=283709"}],"version-history":[{"count":0,"href":"https:\/\/www.europesays.com\/es\/wp-json\/wp\/v2\/posts\/283709\/revisions"}],"wp:featuredmedia":[{"embeddable":true,"href":"https:\/\/www.europesays.com\/es\/wp-json\/wp\/v2\/media\/283710"}],"wp:attachment":[{"href":"https:\/\/www.europesays.com\/es\/wp-json\/wp\/v2\/media?parent=283709"}],"wp:term":[{"taxonomy":"category","embeddable":true,"href":"https:\/\/www.europesays.com\/es\/wp-json\/wp\/v2\/categories?post=283709"},{"taxonomy":"post_tag","embeddable":true,"href":"https:\/\/www.europesays.com\/es\/wp-json\/wp\/v2\/tags?post=283709"}],"curies":[{"name":"wp","href":"https:\/\/api.w.org\/{rel}","templated":true}]}}