{"id":283711,"date":"2025-12-12T00:05:12","date_gmt":"2025-12-12T00:05:12","guid":{"rendered":"https:\/\/www.europesays.com\/es\/283711\/"},"modified":"2025-12-12T00:05:12","modified_gmt":"2025-12-12T00:05:12","slug":"la-version-mas-dominante-del-interior-taronja","status":"publish","type":"post","link":"https:\/\/www.europesays.com\/es\/283711\/","title":{"rendered":"la versi\u00f3n m\u00e1s dominante del interior taronja"},"content":{"rendered":"<p data-gtm-element-container=\"modulo-texto-link\" class=\"paragraph\"><strong>Jaime Pradilla<\/strong> a sus 24 a\u00f1os, est\u00e1 atravesando el <strong>momento m\u00e1s dulce de su carrera<\/strong>. El p\u00edvot aragon\u00e9s, que <strong>combina la movilidad de un ala-p\u00edvot abierto<\/strong> con la <strong>fortaleza de un cinco interior<\/strong>, est\u00e1 firmando <strong>su mejor temporada<\/strong> estad\u00edstica en la \u00e9lite del baloncesto europeo.<\/p>\n<p data-gtm-element-container=\"modulo-texto-link\" class=\"paragraph\">Su <strong>evoluci\u00f3n<\/strong> en los \u00faltimos a\u00f1os <strong>ha sido constante<\/strong>, pero en este curso ha dado <strong>un salto al frente <\/strong>que los sit\u00faa entre los <strong>jugadores m\u00e1s completos del Valencia Basket.<\/strong><\/p>\n<blockquote class=\"twitter-tweet\" data-lang=\"es\"><p>\n<a href=\"https:\/\/twitter.com\/GIGANTESbasket\/status\/1993403459715142121\" rel=\"nofollow noopener\" target=\"_blank\">\n<\/p><\/blockquote>\n<p data-gtm-element-container=\"modulo-texto-link\" class=\"paragraph\">Con<strong> contrato hasta 2027<\/strong>, el <strong>conjunto &#8216;taronja&#8217;<\/strong> ha encontrado en <strong>Pradilla <\/strong>una <strong>pieza estructural<\/strong> para el proyecto de <strong>Pedro Mart\u00ednez<\/strong>. Y los n\u00fameros lo reflejan: <strong>10,8 puntos, 5,2 rebotes, 2,7 asistencias<\/strong>, con unos <strong>porcentajes que impresionan<\/strong> por su posici\u00f3n en la pista, <strong>73,5% en tiros de dos, 47,8% en triples<\/strong> (una notable mejora de los \u00faltimos a\u00f1os) y <strong>58,3% desde el tiro libre<\/strong> (aspecto para mejorar mucho m\u00e1s durante la temporada), adem\u00e1s de <strong>16,3 de valoraci\u00f3n<\/strong> por partido.<\/p>\n<p>        Lee tambi\u00e9n<\/p>\n<p>    EFE<\/p>\n<p>             <img loading=\"lazy\" decoding=\"async\" data-full-src=\"https:\/\/www.mundodeportivo.com\/uploads\/2025\/12\/11\/693af97e9f4fd.jpeg\" alt=\"El UCAM Murcia colgar\u00e1 en el techo de su pabell\u00f3n la camiseta del ex capit\u00e1n Sadiel Rojas.\" width=\"334\" height=\"164\" src=\"https:\/\/www.europesays.com\/es\/wp-content\/uploads\/2025\/12\/693af97e9f4fd.jpeg\" class=\"lazy\"\/><\/p>\n<p data-gtm-element-container=\"modulo-texto-link\" class=\"paragraph\">M\u00e1s all\u00e1 de las estad\u00edsticas, <strong>Pradilla<\/strong> impacta desde<strong> su versatilidad.<\/strong> Puede castigar <strong>desde el poste<\/strong> como un <strong>cinco puro<\/strong>, pero tambi\u00e9n <strong>abrir la pista <\/strong>y<strong> jugar de cara <\/strong>como <strong>un cuatro moderno.<\/strong><\/p>\n<p data-gtm-element-container=\"modulo-texto-link\" class=\"paragraph\">Otra de sus <strong>buenas virtudes<\/strong> es <strong>poder correr la pista<\/strong>, <strong>finalizar en transici\u00f3n<\/strong> y <strong>generar ventajas <\/strong>en <strong>movimientos cortos<\/strong> lo convierten en un <strong>arma t\u00e1ctica en manos de Pedro Mart\u00ednez<\/strong> y el cuerpo t\u00e9cnico valenciano.<\/p>\n<p>    Lee tambi\u00e9n<\/p>\n<p data-gtm-element-container=\"modulo-texto-link\" class=\"paragraph\">En el <strong>rebote<\/strong>, uno de sus s<strong>ellos m\u00e1s reconocibles<\/strong>, el jugador ma\u00f1o muestra un <strong>instinto especial<\/strong>, recordando <strong>\u00absalvando las distancias\u00bb<\/strong> a la intensidad y olfato que hizo de <strong>Felipe Reyes<\/strong> uno de los <strong>mejores interiores nacionales del \u00faltimo siglo<\/strong>. Esas ganas controladas le permite <strong>sumar segundas opciones <\/strong>en ataque y cerrar el aro con autoridad.<\/p>\n<p data-gtm-element-container=\"modulo-texto-link\" class=\"paragraph\">Todo ello est\u00e1 llevando al aragon\u00e9s a un <strong>estatus superior <\/strong>dentro del baloncesto espa\u00f1ol. <strong>Pradill<\/strong>a no solo produce: <strong>crece, lidera y se consolida<\/strong> en los esquemas de <strong>Valencia Basket<\/strong>. Y si mantiene esta l\u00ednea ascendente, <strong>ser\u00e1 uno de los referentes interiores<\/strong> del futuro en la <strong>selecci\u00f3n de Chus Mateo.<\/strong><\/p>\n<p><script async src=\"https:\/\/platform.twitter.com\/widgets.js\" charset=\"utf-8\"><\/script><\/p>\n","protected":false},"excerpt":{"rendered":"Jaime Pradilla a sus 24 a\u00f1os, est\u00e1 atravesando el momento m\u00e1s dulce de su carrera. El p\u00edvot aragon\u00e9s,&hellip;\n","protected":false},"author":2,"featured_media":283712,"comment_status":"","ping_status":"","sticky":false,"template":"","format":"standard","meta":{"footnotes":""},"categories":[269],"tags":[299,298,168,25,24,23,167],"class_list":{"0":"post-283711","1":"post","2":"type-post","3":"status-publish","4":"format-standard","5":"has-post-thumbnail","7":"category-baloncesto","8":"tag-baloncesto","9":"tag-basketball","10":"tag-deportes","11":"tag-es","12":"tag-espana","13":"tag-spain","14":"tag-sports"},"share_on_mastodon":{"url":"https:\/\/pubeurope.com\/@es\/115703678946646270","error":""},"_links":{"self":[{"href":"https:\/\/www.europesays.com\/es\/wp-json\/wp\/v2\/posts\/283711","targetHints":{"allow":["GET"]}}],"collection":[{"href":"https:\/\/www.europesays.com\/es\/wp-json\/wp\/v2\/posts"}],"about":[{"href":"https:\/\/www.europesays.com\/es\/wp-json\/wp\/v2\/types\/post"}],"author":[{"embeddable":true,"href":"https:\/\/www.europesays.com\/es\/wp-json\/wp\/v2\/users\/2"}],"replies":[{"embeddable":true,"href":"https:\/\/www.europesays.com\/es\/wp-json\/wp\/v2\/comments?post=283711"}],"version-history":[{"count":0,"href":"https:\/\/www.europesays.com\/es\/wp-json\/wp\/v2\/posts\/283711\/revisions"}],"wp:featuredmedia":[{"embeddable":true,"href":"https:\/\/www.europesays.com\/es\/wp-json\/wp\/v2\/media\/283712"}],"wp:attachment":[{"href":"https:\/\/www.europesays.com\/es\/wp-json\/wp\/v2\/media?parent=283711"}],"wp:term":[{"taxonomy":"category","embeddable":true,"href":"https:\/\/www.europesays.com\/es\/wp-json\/wp\/v2\/categories?post=283711"},{"taxonomy":"post_tag","embeddable":true,"href":"https:\/\/www.europesays.com\/es\/wp-json\/wp\/v2\/tags?post=283711"}],"curies":[{"name":"wp","href":"https:\/\/api.w.org\/{rel}","templated":true}]}}