{"id":283734,"date":"2025-12-12T00:20:08","date_gmt":"2025-12-12T00:20:08","guid":{"rendered":"https:\/\/www.europesays.com\/es\/283734\/"},"modified":"2025-12-12T00:20:08","modified_gmt":"2025-12-12T00:20:08","slug":"el-psoe-suma-un-cuarto-caso-de-presunto-acoso-sexual-ahora-contra-javier-izquierdo-de-la-direccion-federal","status":"publish","type":"post","link":"https:\/\/www.europesays.com\/es\/283734\/","title":{"rendered":"El PSOE suma un cuarto caso de presunto acoso sexual, ahora contra Javier Izquierdo, de la direcci\u00f3n federal"},"content":{"rendered":"<p class=\"article-text\">\n        El me too del PSOE no ha hecho m\u00e1s que empezar. Tras las denuncias contra Francisco Salazar, el secretario general del Torremolinos y el presidente de la Diputaci\u00f3n de Lugo, un nuevo caso de presunto acoso sexual planea sobre Ferraz y apunta ahora a Javier Izquierdo, secretario de Estudios y Programas de la Ejecutiva Federal. El partido ha impuesto  el cerrojazo informativo, pero elDiario.es ha podido saber que el tambi\u00e9n senador y ex delegado del Gobierno de Castilla y Le\u00f3n se sali\u00f3 este jueves de todos los grupos de WhatsApp internos de la organizaci\u00f3n y que, a o\u00eddos de la direcci\u00f3n, hab\u00edan llegado todo tipo de rumores sobre supuestos comportamientos inadecuados con las mujeres. De momento, lo que s\u00ed se sabe es que al canal antiacoso no hab\u00eda llegado ninguna denuncia contra \u00e9l, lo que no quiere decir que no se haya registrado por otra v\u00eda o elevado verbalmente a alg\u00fan otro miembro de la direcci\u00f3n federal.\n    <\/p>\n<p class=\"article-text\">\n        Izquierdo anunci\u00f3 en su canal de X que abandona todos los cargos p\u00fablicos y org\u00e1nicos del partido y que as\u00ed se lo ha anunciado a la Ejecutiva Federal.\n    <\/p>\n<blockquote class=\"twitter-tweet\" data-lang=\"es\" data-conversation=\"none\"><p><a href=\"https:\/\/twitter.com\/X\/status\/1999215153959628881?ref_src=twsrc%5Etfw\" rel=\"nofollow noopener\" target=\"_blank\"><\/p><\/blockquote>\n<p class=\"article-text\">\n        Nacido en Mieres (Asturias), Izquierdo fue secretario general del PSOE de Valladolid entre 2012 y 2017. En el 39 Congreso Federal, fue elegido secretario ejecutivo de Formaci\u00f3n del PSOE y en el 40, responsable de Estrategia y Acci\u00f3n Electoral.\n    <\/p>\n<p class=\"article-text\">\n        En la actualidad, era senador por Valladolid\u00a0y miembro titular de la Diputaci\u00f3n permanente de la C\u00e1mara Alta, adem\u00e1s de portavoz del Grupo Socialista en la Comisi\u00f3n de Vivienda y Agenda Urbana y viceportavoz en la Comisi\u00f3n de Interior y vocal en la Comisi\u00f3n Mixta de Seguridad Nacional y en la Comisi\u00f3n Mixta para la Uni\u00f3n Europea.\n    <\/p>\n<p class=\"article-text\">\n        Fue diputado por Valladolid en el Congreso de los Diputados de la XII a la XIV legislaturas y concejal del Ayuntamiento entre 2007 y\u00a02015, adem\u00e1s de portavoz del Grupo Municipal Socialista y procurador de las Cortes de Castilla y Le\u00f3n (2015.- 2018).\n    <\/p>\n<p class=\"article-text\">\n        Rebeca Torr\u00f3, secretaria de Organizaci\u00f3n del PSOE, sigue muda desde hace una semana, si bien este viernes tiene prevista una comparecencia p\u00fablica. Desde su entorno han confirmado a elDiario.es que Izquierdo le remiti\u00f3 su baja por motivos profesionales y personales y que la n\u00famero 3 del partido se puso en contacto con \u00e9l, quien sin m\u00e1s le confirm\u00f3 los motivos que hab\u00eda anunciado en su cuenta de X.\n    <\/p>\n<p class=\"article-text\">\n        La secretaria de Igualdad y la delegada del Gobierno en la Comunidad Valenciana, Pilar Bernab\u00e9, ha convocado para este viernes  a las responsables de Igualdad de las federaciones a una reuni\u00f3n presencial, que se celebrar\u00e1 presencialmente, despu\u00e9s de la telem\u00e1tica que mantuvieron la semana pasada por el caso Salazar que destap\u00f3 este peri\u00f3dico y los cinco meses de inacci\u00f3n de la oficina antiacoso. La preocupaci\u00f3n es m\u00e1xima entre los cuadros del partido, que entienden que, tras el esc\u00e1ndalo de Salazar, ha empezado un goteo de denuncias que nadie sabe hasta d\u00f3nde pueden llegar, pero que \u201cprovocan una erosi\u00f3n en la credibilidad del proyecto socialista mucho mayor que la de los casos de corrupci\u00f3n\u201d, reconocen en la organizaci\u00f3n.\n    <\/p>\n<p>                                    <script async src=\"https:\/\/platform.twitter.com\/widgets.js\" charset=\"utf-8\"><\/script><\/p>\n","protected":false},"excerpt":{"rendered":"El me too del PSOE no ha hecho m\u00e1s que empezar. Tras las denuncias contra Francisco Salazar, el&hellip;\n","protected":false},"author":2,"featured_media":283735,"comment_status":"","ping_status":"","sticky":false,"template":"","format":"standard","meta":{"footnotes":""},"categories":[5],"tags":[19530,808,12393,17,18,6985,10859,6775,4796,25,24,13,14,26619,11,19,20,14605,9,10,15,16,15039,1699,9129,23,12,21,22],"class_list":{"0":"post-283734","1":"post","2":"type-post","3":"status-publish","4":"format-standard","5":"has-post-thumbnail","7":"category-titulares","8":"tag-acoso","9":"tag-ahora","10":"tag-anota","11":"tag-breaking-news","12":"tag-breakingnews","13":"tag-caso","14":"tag-cuarto","15":"tag-denuncia","16":"tag-direccion","17":"tag-es","18":"tag-espana","19":"tag-featured-news","20":"tag-featurednews","21":"tag-federal","22":"tag-headlines","23":"tag-latest-news","24":"tag-latestnews","25":"tag-miembro","26":"tag-news","27":"tag-noticias","28":"tag-noticias-destacadas","29":"tag-noticiasdestacadas","30":"tag-presunto","31":"tag-psoe","32":"tag-sexual","33":"tag-spain","34":"tag-titulares","35":"tag-ultimas-noticias","36":"tag-ultimasnoticias"},"share_on_mastodon":{"url":"https:\/\/pubeurope.com\/@es\/115703737446128275","error":""},"_links":{"self":[{"href":"https:\/\/www.europesays.com\/es\/wp-json\/wp\/v2\/posts\/283734","targetHints":{"allow":["GET"]}}],"collection":[{"href":"https:\/\/www.europesays.com\/es\/wp-json\/wp\/v2\/posts"}],"about":[{"href":"https:\/\/www.europesays.com\/es\/wp-json\/wp\/v2\/types\/post"}],"author":[{"embeddable":true,"href":"https:\/\/www.europesays.com\/es\/wp-json\/wp\/v2\/users\/2"}],"replies":[{"embeddable":true,"href":"https:\/\/www.europesays.com\/es\/wp-json\/wp\/v2\/comments?post=283734"}],"version-history":[{"count":0,"href":"https:\/\/www.europesays.com\/es\/wp-json\/wp\/v2\/posts\/283734\/revisions"}],"wp:featuredmedia":[{"embeddable":true,"href":"https:\/\/www.europesays.com\/es\/wp-json\/wp\/v2\/media\/283735"}],"wp:attachment":[{"href":"https:\/\/www.europesays.com\/es\/wp-json\/wp\/v2\/media?parent=283734"}],"wp:term":[{"taxonomy":"category","embeddable":true,"href":"https:\/\/www.europesays.com\/es\/wp-json\/wp\/v2\/categories?post=283734"},{"taxonomy":"post_tag","embeddable":true,"href":"https:\/\/www.europesays.com\/es\/wp-json\/wp\/v2\/tags?post=283734"}],"curies":[{"name":"wp","href":"https:\/\/api.w.org\/{rel}","templated":true}]}}