{"id":283751,"date":"2025-12-12T00:35:09","date_gmt":"2025-12-12T00:35:09","guid":{"rendered":"https:\/\/www.europesays.com\/es\/283751\/"},"modified":"2025-12-12T00:35:09","modified_gmt":"2025-12-12T00:35:09","slug":"esta-en-prime-video-la-dirigio-steven-soderbergh-y-lleva-14-anos-avisandonos-sobre-supergripes-y-virus-muy-contagiosos","status":"publish","type":"post","link":"https:\/\/www.europesays.com\/es\/283751\/","title":{"rendered":"Est\u00e1 en Prime Video, la dirigi\u00f3 Steven Soderbergh y lleva 14 a\u00f1os avis\u00e1ndonos sobre supergripes y virus muy contagiosos"},"content":{"rendered":"<p class=\"c-paragraph\">Hace m\u00e1s de una d\u00e9cada, <a href=\"https:\/\/www.hobbyconsolas.com\/hobbycine\/steven-soderbergh-elogia-steven-spielberg-todavia-no-se-explica-como-logro-rodar-ready-player-one_6881423_0.html\" title=\"Steven Soderbergh elogia a Steven Spielberg y todav\u00eda no se explica c\u00f3mo logr\u00f3 rodar Ready Player One\" rel=\"nofollow noopener\" target=\"_blank\">Steven Soderbergh<\/a> dirigi\u00f3 una pel\u00edcula que, con los a\u00f1os, ha cobrado un valor casi prof\u00e9tico. Hablamos de <a href=\"https:\/\/www.hobbyconsolas.com\/noticias\/steven-soderbergh-prepara-secuela-filosofica-pelicula-anticipo-eventos-pandemia-coronavirus-1448406\" title=\"Steven Soderbergh prepara la &quot;secuela filos\u00f3fica&quot; de la pel\u00edcula que anticip\u00f3 los eventos de la pandemia de coronavirus\" rel=\"nofollow noopener\" target=\"_blank\">Contagio<\/a>, estrenada en 2011.<\/p>\n<p class=\"c-paragraph\">La pel\u00edcula, actualmente disponible en Prime Video, <b>puede considerarse uno de los retratos m\u00e1s realistas sobre c\u00f3mo un virus altamente contagioso puede propagarse por todo el planeta<\/b>, poniendo a prueba las estructuras sociales y cient\u00edficas.<\/p>\n<p class=\"c-paragraph\">Sin estropearte la cinta si a\u00fan no la has visto, la historia gira en torno a la aparici\u00f3n de un virus ficticio llamado MEV-1, que se transmite con enorme facilidad a trav\u00e9s del contacto cotidiano.<\/p>\n<p class=\"c-paragraph\">A partir de ah\u00ed, la pel\u00edcula sigue m\u00faltiples l\u00edneas narrativas: desde cient\u00edficos que trabajan contrarreloj para entender y detener la pandemia, hasta personas corrientes que enfrentan la p\u00e9rdida y el miedo. Este enfoque hiperrealista<b> es fruto de la colaboraci\u00f3n con expertos en epidemiolog\u00eda<\/b>, lo que convierte a Contagio en una referencia dentro del g\u00e9nero.<\/p>\n<p class=\"c-paragraph\">El guion fue escrito por Scott Z. Burns, que apost\u00f3 por un thriller cre\u00edble, evitando exageraciones propias de Hollywood.<\/p>\n<p class=\"c-paragraph\">El reparto de Contagio es de alt\u00edsimo nivel, reuniendo varias caras conocidas como Matt Damon, Kate Winslet, Marion Cotillard, Laurence Fishburne, Jude Law o Gwyneth Paltrow, entre otros.<\/p>\n<p class=\"c-paragraph\">Destaca la direcci\u00f3n de Steven Soderbergh, reconocido por pel\u00edculas como Traffic u Ocean\u2019s Eleven, <b>con un estilo que combina narrativa precisa, experimentaci\u00f3n cinematogr\u00e1fica y un enfoque visual realista<\/b>. En Contagio, aplica esa sensibilidad para mostrar la compleja log\u00edstica detr\u00e1s de una crisis sanitaria global.<\/p>\n<p class=\"c-paragraph\">La pel\u00edcula es, adem\u00e1s, mucho m\u00e1s profunda de lo que parece a simple vista dado que explora temas como la desinformaci\u00f3n, la respuesta institucional ante emergencias sanitarias y la fragilidad de las cadenas de suministro y de los servicios p\u00fablicos en medio de una situaci\u00f3n extrema.<\/p>\n<p class=\"c-paragraph\">Prime Video ofrece la posibilidad de verla en streaming, accesible para sus suscriptores<\/p>\n","protected":false},"excerpt":{"rendered":"Hace m\u00e1s de una d\u00e9cada, Steven Soderbergh dirigi\u00f3 una pel\u00edcula que, con los a\u00f1os, ha cobrado un valor&hellip;\n","protected":false},"author":2,"featured_media":283752,"comment_status":"","ping_status":"","sticky":false,"template":"","format":"standard","meta":{"footnotes":""},"categories":[169],"tags":[177,19304,146,147,25,24,874,176,175,521,23,18943,2338],"class_list":{"0":"post-283751","1":"post","2":"type-post","3":"status-publish","4":"format-standard","5":"has-post-thumbnail","7":"category-cine","8":"tag-cine","9":"tag-dirigio","10":"tag-entertainment","11":"tag-entretenimiento","12":"tag-es","13":"tag-espana","14":"tag-esta","15":"tag-film","16":"tag-movies","17":"tag-prime","18":"tag-spain","19":"tag-steven","20":"tag-video"},"share_on_mastodon":{"url":"https:\/\/pubeurope.com\/@es\/115703796488371042","error":""},"_links":{"self":[{"href":"https:\/\/www.europesays.com\/es\/wp-json\/wp\/v2\/posts\/283751","targetHints":{"allow":["GET"]}}],"collection":[{"href":"https:\/\/www.europesays.com\/es\/wp-json\/wp\/v2\/posts"}],"about":[{"href":"https:\/\/www.europesays.com\/es\/wp-json\/wp\/v2\/types\/post"}],"author":[{"embeddable":true,"href":"https:\/\/www.europesays.com\/es\/wp-json\/wp\/v2\/users\/2"}],"replies":[{"embeddable":true,"href":"https:\/\/www.europesays.com\/es\/wp-json\/wp\/v2\/comments?post=283751"}],"version-history":[{"count":0,"href":"https:\/\/www.europesays.com\/es\/wp-json\/wp\/v2\/posts\/283751\/revisions"}],"wp:featuredmedia":[{"embeddable":true,"href":"https:\/\/www.europesays.com\/es\/wp-json\/wp\/v2\/media\/283752"}],"wp:attachment":[{"href":"https:\/\/www.europesays.com\/es\/wp-json\/wp\/v2\/media?parent=283751"}],"wp:term":[{"taxonomy":"category","embeddable":true,"href":"https:\/\/www.europesays.com\/es\/wp-json\/wp\/v2\/categories?post=283751"},{"taxonomy":"post_tag","embeddable":true,"href":"https:\/\/www.europesays.com\/es\/wp-json\/wp\/v2\/tags?post=283751"}],"curies":[{"name":"wp","href":"https:\/\/api.w.org\/{rel}","templated":true}]}}