{"id":283768,"date":"2025-12-12T00:51:13","date_gmt":"2025-12-12T00:51:13","guid":{"rendered":"https:\/\/www.europesays.com\/es\/283768\/"},"modified":"2025-12-12T00:51:13","modified_gmt":"2025-12-12T00:51:13","slug":"valencia-basket-supera-a-anadolu-efes-y-se-asienta-entre-los-mejores-de-europa","status":"publish","type":"post","link":"https:\/\/www.europesays.com\/es\/283768\/","title":{"rendered":"Valencia Basket supera a Anadolu Efes y se asienta entre los mejores de Europa"},"content":{"rendered":"<p>VAL\u00c8NCIA. <strong>Valencia Basket sigue de dulce<\/strong>. El Roig Arena volvi\u00f3 a ser testigo <strong>de una nueva victoria &#8216;taronja&#8217;, la d\u00e9cima en Euroliga<\/strong>. Anadolu Efes no puso en apuros en ning\u00fan momento a un equipo valenciano que iguala a triunfos con el l\u00edder de la competici\u00f3n. Sin duda, un arranque hist\u00f3rico con un <strong>10-5 de balance.<\/strong><\/p>\n<p>El equipo de Pedro Mart\u00ednez llegaba\u00a0al duelo con la misma convocatoria que el pasado domingo en Vitoria, es decir, <strong>Nogu\u00e9s y Key fueron los descartes<\/strong>. Por su parte, <strong>Xabi L\u00f3pez-Arostegui\u00a0continuaba\u00a0siendo baja.\u00a0<\/strong><\/p>\n<p>Los \u2018taronja\u2019 salieron con un quinteto formado por\u00a0<strong>Darius\u00a0Thompson,\u00a0Brancou\u00a0Badio,\u00a0Kameron\u00a0Taylor, Jaime Pradilla y Nate\u00a0Reuvers<\/strong>.\u00a0El ritmo no fue el m\u00e1s alto en la salida. Las posesiones eran largas y la anotaci\u00f3n escasa, con un <strong>9-6<\/strong> tras los primeros cinco minutos.\u00a0<\/p>\n<p>Con el paso del tiempo, ambos equipos comenzaron a entrar en calor. El final del cuarto se convirti\u00f3 en un intercambio de canastas que se convirti\u00f3 en <strong>un aviso del nivel de un\u00a0Anadalu\u00a0Efes<\/strong>,\u00a0que\u00a0pese a su mal momento, cuenta con una plantilla de <strong>mucha calidad.<\/strong>\u00a0\u00a0<\/p>\n<p>Nada m\u00e1s comenzar el segundo periodo, <strong>Valencia puso una marcha m\u00e1s<\/strong>\u00a0para colocar la m\u00e1xima del duelo con\u00a0diez\u00a0puntos (<strong>32-22<\/strong>).\u00a0Sin embargo, Efes reaccion\u00f3 de inmediato para evitar que se rompiera el encuentro con un<strong> 0-8\u00a0de parcial.<\/strong>\u00a0\u00a0<\/p>\n<p lang=\"ES-ES\" paraeid=\"{13862ff1-b628-4ae2-bd75-0cab422e1cdd}{56}\" paraid=\"742155456\" xml:lang=\"ES-ES\">De nuevo, los \u2018taronja\u2019 se pusieron a la carga con un nuevo \u2018arre\u00f3n\u2019. <strong>Triples de\u00a0Costello\u00a0y Puerto despertaron al Roig Arena para mandar el marcador hasta el 41-32<\/strong>.\u00a0Efes volvi\u00f3 a responder y el encuentro se fue <strong>con seis de diferencia al descanso.<\/strong>\u00a0<\/p>\n<p lang=\"ES-ES\" paraeid=\"{13862ff1-b628-4ae2-bd75-0cab422e1cdd}{56}\" paraid=\"742155456\" xml:lang=\"ES-ES\">La salida de vestuarios fue inmejorable. Valencia\u00a0Basket\u00a0fue a por el partido sin contemplaciones. Jugadas de<strong> pura magia de\u00a0Kameron\u00a0Taylor<\/strong> y un acierto desde el 6,75 de Pradilla desataron la locura en la grada\u00a0gracias al +12.\u00a0<\/p>\n<p lang=\"ES-ES\" paraeid=\"{13862ff1-b628-4ae2-bd75-0cab422e1cdd}{56}\" paraid=\"742155456\" xml:lang=\"ES-ES\">La superioridad valenciana era clara, pero\u00a0<strong>Cordinier\u00a0estaba siendo capaz de sostener al conjunto turco con 18 puntos\u00a0a estas alturas del encuentro<\/strong> (65-57).\u00a0Aun as\u00ed, el equipo de Pedro Mart\u00ednez fue capaz de encontrar un gran acierto desde el tiro exterior para encarar el \u00faltimo cuarto <strong>con una buena renta gracias al 71 a 59<\/strong>.\u00a0<\/p>\n<p lang=\"ES-ES\" paraeid=\"{13862ff1-b628-4ae2-bd75-0cab422e1cdd}{56}\" paraid=\"742155456\" xml:lang=\"ES-ES\">La victoria estaba cerca, pero no cerrada. Y Valencia lo sab\u00eda.<strong> Un 4-0 de salida colocaba la m\u00e1xima de 16 con 8:45 por jugar.<\/strong> El tiempo pasaba y la distancia se manten\u00eda. A falta de 5, todo segu\u00eda de cara y fue momento para el &#8216;bufandeo taronja&#8217;. <strong>La afici\u00f3n se lo pasaba bien<\/strong> viendo un nuevo gran partido de un Valencia Basket que est\u00e1 cuajando una temporada ilusionante.<\/p>\n<p lang=\"ES-ES\" paraeid=\"{13862ff1-b628-4ae2-bd75-0cab422e1cdd}{56}\" paraid=\"742155456\" xml:lang=\"ES-ES\">Y el triunfo no se escap\u00f3. El conjunto &#8216;taronja&#8217; lo termin\u00f3 cerrando con un<strong>\u00a094\u00a0a 82<\/strong>. <strong>Kam Taylor<\/strong> volvi\u00f3 a ser uno de los protagonistas gracias a sus 20<strong>\u00a0puntos<\/strong>. <strong>Costello y Pradilla tambi\u00e9n fueron de los mejores en ataque con 15 y 14\u00a0respectivamente.<\/strong><\/p>\n<p lang=\"ES-ES\" paraeid=\"{13862ff1-b628-4ae2-bd75-0cab422e1cdd}{56}\" paraid=\"742155456\" xml:lang=\"ES-ES\">Valencia Basket suma as\u00ed su d\u00e9cimo triunfo en esta Euroliga para <strong>colocar un 10-5 que supone uno de sus mejores arranques en la competici\u00f3n<\/strong>. Con ese balance, empata a victorias con el l\u00edder, Hapoel Tel Aviv, a falta de que disputen su encuentro en Bolonia. El pr\u00f3ximo compromiso<strong> ser\u00e1 en Liga Endesa frente a Casademont Zaragoza<\/strong> el pr\u00f3ximo domingo en el Roig Arena.<\/p>\n<p lang=\"ES-ES\" paraeid=\"{18fc7bec-7419-448e-a408-5c5148cf76d1}{25}\" paraid=\"36002924\" xml:lang=\"ES-ES\"><strong>Ficha t\u00e9cnica\u00a0\u00a0<\/strong><\/p>\n<p lang=\"ES-ES\" paraeid=\"{18fc7bec-7419-448e-a408-5c5148cf76d1}{48}\" paraid=\"1674833382\" xml:lang=\"ES-ES\"><strong>94.- Valencia\u00a0Basket\u00a0(22\u00a0+\u00a023\u00a0+ 26\u00a0+ 23):\u00a0<\/strong>Thompson (-),\u00a0Badio\u00a0(6), Taylor (20),\u00a0Costello\u00a0(15),\u00a0Sako\u00a0(-), &#8211; cinco titular -, Montero (9), Puerto (9), De Larrea (3), Sima (3), Moore (7),\u00a0Reuvers\u00a0(8) y Pradilla (14).\u00a0<\/p>\n<p lang=\"ES-ES\" paraeid=\"{6d1af1dc-2972-4ad0-821c-f5fe2259cc1f}{46}\" paraid=\"1298002921\" xml:lang=\"ES-ES\"><strong>82.- Anadolu Efes Istanbul (20\u00a0+\u00a019\u00a0+\u00a020\u00a0+ 23):<\/strong>\u00a0Weiler-Babb (3), Loyd\u00a0(18),\u00a0Cordinier\u00a0(18),\u00a0Smits (8),\u00a0Osmani\u00a0(9) &#8211;\u00a0cinco\u00a0titular -,\u00a0Beaubois\u00a0(2),\u00a0Hazer (7),\u00a0Mutaf\u00a0(3),\u00a0Yilmaz\u00a0(2),\u00a0Jones\u00a0(-), Swider\u00a0(8)\u00a0y Poirier (4).\u00a0<\/p>\n<p lang=\"ES-ES\" paraeid=\"{13862ff1-b628-4ae2-bd75-0cab422e1cdd}{56}\" paraid=\"742155456\" xml:lang=\"ES-ES\">\u00a0<\/p>\n","protected":false},"excerpt":{"rendered":"VAL\u00c8NCIA. Valencia Basket sigue de dulce. El Roig Arena volvi\u00f3 a ser testigo de una nueva victoria &#8216;taronja&#8217;,&hellip;\n","protected":false},"author":2,"featured_media":283769,"comment_status":"","ping_status":"","sticky":false,"template":"","format":"standard","meta":{"footnotes":""},"categories":[269],"tags":[299,298,168,25,24,23,167],"class_list":{"0":"post-283768","1":"post","2":"type-post","3":"status-publish","4":"format-standard","5":"has-post-thumbnail","7":"category-baloncesto","8":"tag-baloncesto","9":"tag-basketball","10":"tag-deportes","11":"tag-es","12":"tag-espana","13":"tag-spain","14":"tag-sports"},"share_on_mastodon":{"url":"","error":""},"_links":{"self":[{"href":"https:\/\/www.europesays.com\/es\/wp-json\/wp\/v2\/posts\/283768","targetHints":{"allow":["GET"]}}],"collection":[{"href":"https:\/\/www.europesays.com\/es\/wp-json\/wp\/v2\/posts"}],"about":[{"href":"https:\/\/www.europesays.com\/es\/wp-json\/wp\/v2\/types\/post"}],"author":[{"embeddable":true,"href":"https:\/\/www.europesays.com\/es\/wp-json\/wp\/v2\/users\/2"}],"replies":[{"embeddable":true,"href":"https:\/\/www.europesays.com\/es\/wp-json\/wp\/v2\/comments?post=283768"}],"version-history":[{"count":0,"href":"https:\/\/www.europesays.com\/es\/wp-json\/wp\/v2\/posts\/283768\/revisions"}],"wp:featuredmedia":[{"embeddable":true,"href":"https:\/\/www.europesays.com\/es\/wp-json\/wp\/v2\/media\/283769"}],"wp:attachment":[{"href":"https:\/\/www.europesays.com\/es\/wp-json\/wp\/v2\/media?parent=283768"}],"wp:term":[{"taxonomy":"category","embeddable":true,"href":"https:\/\/www.europesays.com\/es\/wp-json\/wp\/v2\/categories?post=283768"},{"taxonomy":"post_tag","embeddable":true,"href":"https:\/\/www.europesays.com\/es\/wp-json\/wp\/v2\/tags?post=283768"}],"curies":[{"name":"wp","href":"https:\/\/api.w.org\/{rel}","templated":true}]}}