{"id":283782,"date":"2025-12-12T00:59:14","date_gmt":"2025-12-12T00:59:14","guid":{"rendered":"https:\/\/www.europesays.com\/es\/283782\/"},"modified":"2025-12-12T00:59:14","modified_gmt":"2025-12-12T00:59:14","slug":"4-1-el-stuttgart-golea-al-maccabi-y-ya-esta-en-puestos-de-acceso-a-octavos","status":"publish","type":"post","link":"https:\/\/www.europesays.com\/es\/283782\/","title":{"rendered":"4-1. El Stuttgart golea al Maccabi y ya est\u00e1 en puestos de acceso a octavos"},"content":{"rendered":"<p class=\"mb-4 text-lg md:leading-8 break-words\">Redacci\u00f3n deportes, 11 dic (EFE).- El Stuttgart gole\u00f3 este jueves al Maccabi Tel Aviv, 4-1, en el Mercedes-Benz Arena y dio un paso importante para su clasificaci\u00f3n autom\u00e1tica a los octavos de final, donde ocupa el sexto de los ocho primeros puestos que dan el pase directo a la siguiente ronda de la Liga Europa.<\/p>\n<p class=\"mb-4 text-lg md:leading-8 break-words\">Esta vez, el doble pivote de los alemanes lo conformaron el habitual Angelo Stiller y el turco Atakan Karazor, mientras que el espa\u00f1ol Chema Andr\u00e9s volvi\u00f3 a contar con minutos en la segunda parte tras salir desde el banquillo.<\/p>\n<p class=\"mb-4 text-lg md:leading-8 break-words\">El Sttutgart se adue\u00f1\u00f3 del bal\u00f3n desde los primeros compases, dispuesto a dominar el juego. Sin recibir ning\u00fan peligro del conjunto israel\u00ed, los de Sebastian Hoeness trabajaron a fuego lento sus ocasiones para derribar el muro defensivo del Maccabi.<\/p>\n<p class=\"mb-4 text-lg md:leading-8 break-words\">En la primera gran ocasi\u00f3n local, el lateral franc\u00e9s Lorenz Assignon se descolg\u00f3 por el flanco derecho y aprovech\u00f3 de volea un gran env\u00edo de su hom\u00f3logo en la izquierda, el internacional alem\u00e1n Maximilian Mittelstadt, para marcar el 1-0 en el minuto 24.<\/p>\n<p><img alt=\"\" loading=\"lazy\" width=\"960\" height=\"640\" decoding=\"async\" data-nimg=\"1\" class=\"rounded-lg\" style=\"color:transparent\" src=\"https:\/\/www.europesays.com\/es\/wp-content\/uploads\/2025\/12\/bde14d324557f7c85a133be6a7bbda3b.jpeg\"\/><\/p>\n<p class=\"mb-4 text-lg md:leading-8 break-words\">Trece minutos despu\u00e9s, el portugu\u00e9s Tiago Tomas aprovech\u00f3 una fant\u00e1stica dejada por el delantero Deniz Undav tras una gran jugada colectiva y puso el 2-0 en el minuto 37.<\/p>\n<p class=\"mb-4 text-lg md:leading-8 break-words\">La reanudaci\u00f3n no mejor\u00f3 las expectativas del Maccabi Tel-Aviv. En un centro del Stuttgart al segundo palo, un defensor israel\u00ed toc\u00f3 el bal\u00f3n con la mano y cometi\u00f3 penalti. Mittelstadt no desaprovech\u00f3 la ocasi\u00f3n y redonde\u00f3 su gran noche con el 3-0 desde los 11 metros (min.50).<\/p>\n<p class=\"mb-4 text-lg md:leading-8 break-words\">S\u00f3lo dos minutos despu\u00e9s, Roy Revivo, hijo del exdelantero del Celta de Vigo Haim Revivo, se col\u00f3 entre la defensa local y dio emoci\u00f3n al choque recortando distancias, 3-1. A pesar del tanto, el Stuttgart control\u00f3 el tempo del choque a la perfecci\u00f3n y dio descanso a varios de sus titulares.<\/p>\n<p class=\"mb-4 text-lg md:leading-8 break-words\">Ya en los \u00faltimos minutos del tiempo a\u00f1adido, el defensa Josha Vognoman, que llevaba cinco minutos sobre el c\u00e9sped, cabece\u00f3 a la red un gran servicio del franco-argelino Badredine Bouanani para hacer el definitivo 4-1. De esta manera, el Maccabi queda con un s\u00f3lo punto pen\u00faltimo en la clasificaci\u00f3n, solo por detr\u00e1s del Niza, haciendo pr\u00e1cticamente imposible su clasificaci\u00f3n entre los 27 primeros.<\/p>\n<p class=\"mb-4 text-lg md:leading-8 break-words\">(c) Agencia EFE<\/p>\n","protected":false},"excerpt":{"rendered":"Redacci\u00f3n deportes, 11 dic (EFE).- El Stuttgart gole\u00f3 este jueves al Maccabi Tel Aviv, 4-1, en el Mercedes-Benz&hellip;\n","protected":false},"author":2,"featured_media":283783,"comment_status":"","ping_status":"","sticky":false,"template":"","format":"standard","meta":{"footnotes":""},"categories":[93],"tags":[43604,168,995,25,24,50753,17402,23,167,62894],"class_list":{"0":"post-283782","1":"post","2":"type-post","3":"status-publish","4":"format-standard","5":"has-post-thumbnail","7":"category-deportes","8":"tag-angelo-stiller","9":"tag-deportes","10":"tag-efe","11":"tag-es","12":"tag-espana","13":"tag-maccabi-tel-aviv","14":"tag-octavos-de-final","15":"tag-spain","16":"tag-sports","17":"tag-stuttgart"},"share_on_mastodon":{"url":"https:\/\/pubeurope.com\/@es\/115703891692190495","error":""},"_links":{"self":[{"href":"https:\/\/www.europesays.com\/es\/wp-json\/wp\/v2\/posts\/283782","targetHints":{"allow":["GET"]}}],"collection":[{"href":"https:\/\/www.europesays.com\/es\/wp-json\/wp\/v2\/posts"}],"about":[{"href":"https:\/\/www.europesays.com\/es\/wp-json\/wp\/v2\/types\/post"}],"author":[{"embeddable":true,"href":"https:\/\/www.europesays.com\/es\/wp-json\/wp\/v2\/users\/2"}],"replies":[{"embeddable":true,"href":"https:\/\/www.europesays.com\/es\/wp-json\/wp\/v2\/comments?post=283782"}],"version-history":[{"count":0,"href":"https:\/\/www.europesays.com\/es\/wp-json\/wp\/v2\/posts\/283782\/revisions"}],"wp:featuredmedia":[{"embeddable":true,"href":"https:\/\/www.europesays.com\/es\/wp-json\/wp\/v2\/media\/283783"}],"wp:attachment":[{"href":"https:\/\/www.europesays.com\/es\/wp-json\/wp\/v2\/media?parent=283782"}],"wp:term":[{"taxonomy":"category","embeddable":true,"href":"https:\/\/www.europesays.com\/es\/wp-json\/wp\/v2\/categories?post=283782"},{"taxonomy":"post_tag","embeddable":true,"href":"https:\/\/www.europesays.com\/es\/wp-json\/wp\/v2\/tags?post=283782"}],"curies":[{"name":"wp","href":"https:\/\/api.w.org\/{rel}","templated":true}]}}