{"id":283790,"date":"2025-12-12T01:05:15","date_gmt":"2025-12-12T01:05:15","guid":{"rendered":"https:\/\/www.europesays.com\/es\/283790\/"},"modified":"2025-12-12T01:05:15","modified_gmt":"2025-12-12T01:05:15","slug":"el-servicio-andaluz-de-salud-sas-vacuna-este-sabado-contra-la-gripe-en-centros-comerciales-sin-cita-previa","status":"publish","type":"post","link":"https:\/\/www.europesays.com\/es\/283790\/","title":{"rendered":"El Servicio Andaluz de Salud (SAS) vacuna este s\u00e1bado contra la gripe en centros comerciales sin cita previa"},"content":{"rendered":"<p style=\"\">El <strong>Servicio Andaluz de Salud (SAS)<\/strong> organiza este s\u00e1bado, 13 de diciembre, una jornada extraordinaria de vacunaci\u00f3n sin cita en 41 centros comerciales y otros espacios de alta afluencia en toda <strong>Andaluc\u00eda<\/strong>. <\/p>\n<p style=\"\">Este dispositivo supone la habilitaci\u00f3n de cuatro lugares de vacunaci\u00f3n en  &#8230; <strong>Almer\u00eda<\/strong>; ocho en <strong>C\u00e1diz<\/strong>; tres en <strong>C\u00f3rdoba<\/strong>; cinco en <strong>Granada<\/strong>; tres en <strong>Huelva<\/strong>; cuatro en <strong>Ja\u00e9n<\/strong>; y siete en <strong>M\u00e1laga<\/strong> y <strong>Sevilla<\/strong>, respectivamente. <\/p>\n<p class=\"voc-p\" style=\"\">La informaci\u00f3n de estos puntos de dispensaci\u00f3n de las dosis contra la gripe est\u00e1 disponible en la web del SAS (<a href=\"https:\/\/www.sspa.juntadeandalucia.es\/servicioandaluzdesalud\/ciudadania\/vacunas\/vacunacion-gripe-y-covid-19\/gripe-puntos-de-vacunacion-sabado-sin-cita\" target=\"_self\" data-voc-vtm-id=\"in-text-traffic\" title=\"https:\/\/sspa.lajunta.es\/sabadosincita\" data-mrf-link=\"www.sspa.juntadeandalucia.es\" rel=\"nofollow noopener\">https:\/\/sspa.lajunta.es\/sabadosincita<\/a>).<\/p>\n<p class=\"voc-title\">Los dispositivos funcionar\u00e1n de 11.30 a 19.30 horas<\/p>\n<p class=\"voc-p\" style=\"\">El operativo, conformado por 41 equipos de enfermer\u00eda, con 150 enfermeras en total, funcionar\u00e1 en horario de 11.30 a 19.30 horas, en puntos como la c<strong>ofrad\u00eda del Santo Sepulcro de M\u00e1laga<\/strong>, el centro comercial Nevada de Armilla (Granada), el centro <strong>Alcampo de Linares (Ja\u00e9n)<\/strong>, el centro comercial Gran Plaza de Roquetas de Mar (Almer\u00eda), las Setas de la Encarnaci\u00f3n de Sevilla, la <strong>plaza de las Monjas de Huelv<\/strong>a, el centro comercial Bah\u00eda Sur de San Fernando (C\u00e1diz), el centro comercial Puerta de Europa de Algeciras (C\u00e1diz) o el <strong>mercado municipal de abastos de Lucena (C\u00f3rdoba)<\/strong>.<\/p>\n<p class=\"voc-p\" style=\"\">Tal y como ha explicado el consejero de Sanidad, Presidencia y Emergencias, <strong>Antonio Sanz<\/strong>, en la <a href=\"https:\/\/www.abc.es\/espana\/andalucia\/huelga-medicos-gobierno-central-suspende-105000-consultas-20251211120852-nts.html\" target=\"_self\" data-voc-vtm-id=\"in-text-traffic\" title=\"comisi\u00f3n de Sanidad del Parlamento\" data-mrf-link=\"www.abc.es\" rel=\"nofollow noopener\">comisi\u00f3n de Sanidad del Parlamento<\/a>, en Andaluc\u00eda \u00abnos hemos adelantado al resto de <strong>Espa\u00f1a<\/strong> en la campa\u00f1a <strong>2025-2026<\/strong> contra la gripe y otros virus respiratorios y hemos puesto en marcha un plan propio de acci\u00f3n contra la gripe\u00bb.<\/p>\n<p>725.000<br \/>\nContra la Covid-19<\/p>\n<p class=\"voc-d-c-fignumber__desc\">Son los andaluces que han recibido una dosis de protecci\u00f3n frente al coronavirus<\/p>\n<p class=\"voc-p\" style=\"\"> En este sentido, Antonio Sanz ha subrayado que \u00abAndaluc\u00eda ha superado ya, en poco m\u00e1s de dos meses, el total de vacunas frente a la gripe administradas en toda la <strong>campa\u00f1a de vacunaci\u00f3n<\/strong> anterior con 1,73 millones de dosis de la vacuna antigripal\u00bb.<\/p>\n<p class=\"voc-p\" style=\"\">De las dosis administradas, ha detallado el consejero, m\u00e1s de un mill\u00f3n son mayores de 60 a\u00f1os y los menores de entre 3 y 4 a\u00f1os han podido vacunarse en su <strong>centro escolar<\/strong>. Respecto a otros virus respiratorios, Antonio Sanz ha explicado tambi\u00e9n que m\u00e1s de 725.000 andaluces han recibido la vacuna frente a la <strong>Covid-19<\/strong> y que en las residencias de mayores se ha alcanzado el 90,1% de cobertura frente a la gripe y del 77,9% frente a la <strong>Covid<\/strong>. Otro grupo diana, el de embarazadas, acumula ya 14.492 vacunadas de gripe. Respecto a la campa\u00f1a contra la bronquiolitis VRS, se ha alcanzado el 94% de cobertura con lo que hay inmunizados casi 37.000 <strong>beb\u00e9s<\/strong>.<\/p>\n","protected":false},"excerpt":{"rendered":"El Servicio Andaluz de Salud (SAS) organiza este s\u00e1bado, 13 de diciembre, una jornada extraordinaria de vacunaci\u00f3n sin&hellip;\n","protected":false},"author":2,"featured_media":283791,"comment_status":"","ping_status":"","sticky":false,"template":"","format":"standard","meta":{"footnotes":""},"categories":[8],"tags":[16470,17,18,4114,7716,10153,25,24,13,14,7749,11,19,20,9,10,15,16,22611,3397,166,2274,595,23,12,21,22,8177],"class_list":{"0":"post-283790","1":"post","2":"type-post","3":"status-publish","4":"format-standard","5":"has-post-thumbnail","7":"category-espana","8":"tag-andaluz","9":"tag-breaking-news","10":"tag-breakingnews","11":"tag-centros","12":"tag-cita","13":"tag-comerciales","14":"tag-es","15":"tag-espana","16":"tag-featured-news","17":"tag-featurednews","18":"tag-gripe","19":"tag-headlines","20":"tag-latest-news","21":"tag-latestnews","22":"tag-news","23":"tag-noticias","24":"tag-noticias-destacadas","25":"tag-noticiasdestacadas","26":"tag-previa","27":"tag-sabado","28":"tag-salud","29":"tag-sas","30":"tag-servicio","31":"tag-spain","32":"tag-titulares","33":"tag-ultimas-noticias","34":"tag-ultimasnoticias","35":"tag-vacuna"},"share_on_mastodon":{"url":"https:\/\/pubeurope.com\/@es\/115703914582555842","error":""},"_links":{"self":[{"href":"https:\/\/www.europesays.com\/es\/wp-json\/wp\/v2\/posts\/283790","targetHints":{"allow":["GET"]}}],"collection":[{"href":"https:\/\/www.europesays.com\/es\/wp-json\/wp\/v2\/posts"}],"about":[{"href":"https:\/\/www.europesays.com\/es\/wp-json\/wp\/v2\/types\/post"}],"author":[{"embeddable":true,"href":"https:\/\/www.europesays.com\/es\/wp-json\/wp\/v2\/users\/2"}],"replies":[{"embeddable":true,"href":"https:\/\/www.europesays.com\/es\/wp-json\/wp\/v2\/comments?post=283790"}],"version-history":[{"count":0,"href":"https:\/\/www.europesays.com\/es\/wp-json\/wp\/v2\/posts\/283790\/revisions"}],"wp:featuredmedia":[{"embeddable":true,"href":"https:\/\/www.europesays.com\/es\/wp-json\/wp\/v2\/media\/283791"}],"wp:attachment":[{"href":"https:\/\/www.europesays.com\/es\/wp-json\/wp\/v2\/media?parent=283790"}],"wp:term":[{"taxonomy":"category","embeddable":true,"href":"https:\/\/www.europesays.com\/es\/wp-json\/wp\/v2\/categories?post=283790"},{"taxonomy":"post_tag","embeddable":true,"href":"https:\/\/www.europesays.com\/es\/wp-json\/wp\/v2\/tags?post=283790"}],"curies":[{"name":"wp","href":"https:\/\/api.w.org\/{rel}","templated":true}]}}