{"id":283800,"date":"2025-12-12T01:14:10","date_gmt":"2025-12-12T01:14:10","guid":{"rendered":"https:\/\/www.europesays.com\/es\/283800\/"},"modified":"2025-12-12T01:14:10","modified_gmt":"2025-12-12T01:14:10","slug":"el-lobe-huesca-la-magia-ficha-a-aamari-smith-para-suplir-al-lesionado-jaden-wells","status":"publish","type":"post","link":"https:\/\/www.europesays.com\/es\/283800\/","title":{"rendered":"El Lobe Huesca La Magia ficha a Aamari Smith para suplir al lesionado Jaden Wells"},"content":{"rendered":"<p>            El Lobe Huesca La Magia ficha a Aamari Smith para suplir al lesionado Jaden Wells                <\/p>\n<p>El Lobe Huesca La Magia ficha a Aamari Smith para suplir al lesionado Jaden Wells<\/p>\n<p>baloncesto<\/p>\n<p class=\"epigraph\">El nuevo escolta tiene 24 a\u00f1os y procede del Perfumer\u00edas Avenida de Tercera FEB. Wells puede perderse la temporada por una luxaci\u00f3n en el hombro.<\/p>\n<p class=\"paragraph\">A rey muerto -o lesionado-, rey puesto. El <a href=\"https:\/\/www.heraldo.es\/tags\/instituciones_empresas\/penas_huesca.html\" title=\"Pe\u00f1as Huesca\" rel=\"nofollow noopener\" target=\"_blank\">Lobe Huesca La Magia<\/a> ha reaccionado con rapidez a <b>la lesi\u00f3n del escolta Jaden Wells, que puede perderse lo que resta de temporada por una luxaci\u00f3n en el hombro, <\/b>e incorpora a otro norteamericano para esta misma posici\u00f3n. Se trata de <b>Aamari Smith<\/b>, de 24 a\u00f1os y procedente del Perfumer\u00edas Avenida de Tercera FEB. El nuevo jugador pe\u00f1ista estuvo presente en el encuentro del mi\u00e9rcoles ante el CBZ en el Palacio de los Deportes y podr\u00eda debutar el domingo en la visita al Salou.<a href=\"\"\/><\/p>\n<p>            Conforme a los criterios de<br \/>\n            <a class=\"trustproject_img\" id=\"trustproject_img\" href=\"https:\/\/thetrustproject.org\/\" target=\"_blank\" rel=\"nofollow noopener\" aria-label=\"Trust Project\"><img decoding=\"async\" loading=\"lazy\" src=\"https:\/\/www.heraldo.es\/images\/Trust-Logo-Horizontal.svg\" alt=\"Logo Trust Project\" width=\"200\" height=\"34\"\/><\/a><\/p>\n<p>        <a href=\"https:\/\/www.henneo.com\/\" title=\"Grupo Henneo\" class=\"logo\" rel=\"nofollow noopener\" target=\"_blank\"><br \/>\n            <img decoding=\"async\" src=\"https:\/\/www.heraldo.es\/images\/logo_henneo_gris.svg\" alt=\"Logo Henneo\" width=\"559\" height=\"389\" loading=\"lazy\"\/><br \/>\n        <\/a><\/p>\n<p>\u00a9 HERALDO DE ARAGON EDITORA, S.L.U.<br \/>Tel\u00e9fono 976 765 000 \/ &#8211; P\u00ba. Independencia, 29, 50001 Zaragoza &#8211; CIF: B99288763 &#8211; Inscrita en el Registro Mercantil de Zaragoza al Tomo 3796, Libro 0, Folio 177, Secci\u00f3n 8, Hoja Z-50564<br \/>Queda prohibida toda reproducci\u00f3n sin permiso escrito de la empresa a los efectos del art\u00edculo 32.1, p\u00e1rrafo segundo, de la Ley de Propiedad Intelectual<\/p>\n<p>\n                P\u00ba Independencia, 29, 50001 Zaragoza<br \/> Tel\u00e9fono 976 765 000\n            <\/p>\n<p>                    Actualmente tu navegador no permite ejecutar JavaScript. Para poder disfrutar de nuestro contenido es necesario que lo permita.<br \/>\n                                        <img decoding=\"async\" loading=\"lazy\" alt=\"Heraldo logo\" src=\"https:\/\/dkumiip2e9ary.cloudfront.net\/xalok\/heraldo\/especiales\/hola-de-nuevo\/logo-heraldo.svg\" width=\"215\" height=\"43\"\/><\/p>\n","protected":false},"excerpt":{"rendered":"El Lobe Huesca La Magia ficha a Aamari Smith para suplir al lesionado Jaden Wells El Lobe Huesca&hellip;\n","protected":false},"author":2,"featured_media":283801,"comment_status":"","ping_status":"","sticky":false,"template":"","format":"standard","meta":{"footnotes":""},"categories":[269],"tags":[68599,299,298,168,25,24,1265,14498,23,167,53203,51608],"class_list":{"0":"post-283800","1":"post","2":"type-post","3":"status-publish","4":"format-standard","5":"has-post-thumbnail","7":"category-baloncesto","8":"tag-aamari","9":"tag-baloncesto","10":"tag-basketball","11":"tag-deportes","12":"tag-es","13":"tag-espana","14":"tag-huesca","15":"tag-lesionado","16":"tag-spain","17":"tag-sports","18":"tag-suplir","19":"tag-wells"},"share_on_mastodon":{"url":"https:\/\/pubeurope.com\/@es\/115703950705731166","error":""},"_links":{"self":[{"href":"https:\/\/www.europesays.com\/es\/wp-json\/wp\/v2\/posts\/283800","targetHints":{"allow":["GET"]}}],"collection":[{"href":"https:\/\/www.europesays.com\/es\/wp-json\/wp\/v2\/posts"}],"about":[{"href":"https:\/\/www.europesays.com\/es\/wp-json\/wp\/v2\/types\/post"}],"author":[{"embeddable":true,"href":"https:\/\/www.europesays.com\/es\/wp-json\/wp\/v2\/users\/2"}],"replies":[{"embeddable":true,"href":"https:\/\/www.europesays.com\/es\/wp-json\/wp\/v2\/comments?post=283800"}],"version-history":[{"count":0,"href":"https:\/\/www.europesays.com\/es\/wp-json\/wp\/v2\/posts\/283800\/revisions"}],"wp:featuredmedia":[{"embeddable":true,"href":"https:\/\/www.europesays.com\/es\/wp-json\/wp\/v2\/media\/283801"}],"wp:attachment":[{"href":"https:\/\/www.europesays.com\/es\/wp-json\/wp\/v2\/media?parent=283800"}],"wp:term":[{"taxonomy":"category","embeddable":true,"href":"https:\/\/www.europesays.com\/es\/wp-json\/wp\/v2\/categories?post=283800"},{"taxonomy":"post_tag","embeddable":true,"href":"https:\/\/www.europesays.com\/es\/wp-json\/wp\/v2\/tags?post=283800"}],"curies":[{"name":"wp","href":"https:\/\/api.w.org\/{rel}","templated":true}]}}