{"id":283804,"date":"2025-12-12T01:16:09","date_gmt":"2025-12-12T01:16:09","guid":{"rendered":"https:\/\/www.europesays.com\/es\/283804\/"},"modified":"2025-12-12T01:16:09","modified_gmt":"2025-12-12T01:16:09","slug":"nos-habeis-hecho-sentir-como-reyes","status":"publish","type":"post","link":"https:\/\/www.europesays.com\/es\/283804\/","title":{"rendered":"\u201cNos hab\u00e9is hecho sentir como Reyes\u201d"},"content":{"rendered":"<p>La sonrisa de <b>Manu<\/b> antes de comenzar <b>El Rosco<\/b> de este programa ten\u00eda un doble motivo. Por una parte, ten\u00eda preparado su tradicional poema de despedida a los invitados. Por la otra, sab\u00eda que <b>Roberto Leal <\/b>iba a preguntarle por el hito que ha alcanzado: <b>\u00a1400 programas en Pasapalabra!<\/b> El concursante ha asegurado que los ha vivido como \u201c400 regalos\u201d y ha a\u00f1adido: \u201cEs una experiencia que me llevo para toda la vida\u201d.<\/p>\n<p>Con esta emoci\u00f3n, Manu ha aprovechado para despedirse de <b>Elizabeth Reyes, Guillermo Barrientos, Fran Perea y Laura Dibildos. <\/b>El agradecimiento por su ayuda y por los buenos momentos que han dejado ha sido a trav\u00e9s de sus ingeniosos versos, jugando con sus nombres y apellidos. \u201cNos hab\u00e9is hecho sentir como Reyes\u201d, ha afirmado.<\/p>\n<p>Como se dice del bueno vino, los poemas de Manu incluso han mejorado con el tiempo.<b> \u00a1Compru\u00e9balo en el v\u00eddeo!<\/b><\/p>\n","protected":false},"excerpt":{"rendered":"La sonrisa de Manu antes de comenzar El Rosco de este programa ten\u00eda un doble motivo. Por una&hellip;\n","protected":false},"author":2,"featured_media":283805,"comment_status":"","ping_status":"","sticky":false,"template":"","format":"standard","meta":{"footnotes":""},"categories":[174],"tags":[255,146,147,25,24,256,23],"class_list":{"0":"post-283804","1":"post","2":"type-post","3":"status-publish","4":"format-standard","5":"has-post-thumbnail","7":"category-famosos","8":"tag-celebrities","9":"tag-entertainment","10":"tag-entretenimiento","11":"tag-es","12":"tag-espana","13":"tag-famosos","14":"tag-spain"},"share_on_mastodon":{"url":"https:\/\/pubeurope.com\/@es\/115703957707551498","error":""},"_links":{"self":[{"href":"https:\/\/www.europesays.com\/es\/wp-json\/wp\/v2\/posts\/283804","targetHints":{"allow":["GET"]}}],"collection":[{"href":"https:\/\/www.europesays.com\/es\/wp-json\/wp\/v2\/posts"}],"about":[{"href":"https:\/\/www.europesays.com\/es\/wp-json\/wp\/v2\/types\/post"}],"author":[{"embeddable":true,"href":"https:\/\/www.europesays.com\/es\/wp-json\/wp\/v2\/users\/2"}],"replies":[{"embeddable":true,"href":"https:\/\/www.europesays.com\/es\/wp-json\/wp\/v2\/comments?post=283804"}],"version-history":[{"count":0,"href":"https:\/\/www.europesays.com\/es\/wp-json\/wp\/v2\/posts\/283804\/revisions"}],"wp:featuredmedia":[{"embeddable":true,"href":"https:\/\/www.europesays.com\/es\/wp-json\/wp\/v2\/media\/283805"}],"wp:attachment":[{"href":"https:\/\/www.europesays.com\/es\/wp-json\/wp\/v2\/media?parent=283804"}],"wp:term":[{"taxonomy":"category","embeddable":true,"href":"https:\/\/www.europesays.com\/es\/wp-json\/wp\/v2\/categories?post=283804"},{"taxonomy":"post_tag","embeddable":true,"href":"https:\/\/www.europesays.com\/es\/wp-json\/wp\/v2\/tags?post=283804"}],"curies":[{"name":"wp","href":"https:\/\/api.w.org\/{rel}","templated":true}]}}