{"id":283807,"date":"2025-12-12T01:19:19","date_gmt":"2025-12-12T01:19:19","guid":{"rendered":"https:\/\/www.europesays.com\/es\/283807\/"},"modified":"2025-12-12T01:19:19","modified_gmt":"2025-12-12T01:19:19","slug":"por-que-no-se-puede-ver-este-episodio-de-aqui-no-hay-quien-viva-en-netflix-este-es-el-posible-motivo","status":"publish","type":"post","link":"https:\/\/www.europesays.com\/es\/283807\/","title":{"rendered":"\u00bfPor qu\u00e9 no se puede ver este episodio de \u2018Aqu\u00ed no hay quien viva\u2019 en Netflix? Este es el posible motivo"},"content":{"rendered":"<p class=\"ft-text\">\u2018Aqu\u00ed no hay quien viva\u2019 se ha convertido en una serie de culto. Tanto es as\u00ed, que todas las plataformas se pelena por tenerla. Netflix, Max, Prime Video. Todas ellas cuentan con la ficci\u00f3n de los hermanos Caballero,<strong> aunque parece que no todos de la misma forma, pues uno de los episodios no se encuentra disponible en una de las plataformas.<\/strong><\/p>\n<p class=\"ft-text\">Se trata del d\u00e9cimo episodio de la tercera temporada de la ficci\u00f3n, que se titula \u2018\u00c9rase un bel\u00e9n\u2019, en el que la comunidad de vecinos <strong>decide participar en un concurso de belenes vivientes que ha hecho la archidi\u00f3cesis. Juan Cuesta les propone a todos participar, dej\u00e1ndose embriagar por el esp\u00edritu navide\u00f1o de las fechas<\/strong>. Eso s\u00ed, ser\u00e1 entonces cuando se desvele el idilio amoroso entre \u00e9l e Isabel \u201cLa Hierbas\u201d.<\/p>\n<p class=\"ft-text\">Este episodio tan importante para la serie, y que desencadena varias tramas en los siguientes episodios se encuentra disponible en plataformas como Max o Prime Video, <strong>pero est\u00e1 totalmente desaparecido en Netflix. Pero, \u00bfcu\u00e1l es el motivo por el que este episodio no aparece en la lista de todos los disponibles<\/strong> en la empresa norteamericana de v\u00eddeo bajo demanda?<\/p>\n<p class=\"ft-text\">Pues el periodista Jorge Neila parece haber encontrado una raz\u00f3n, que ha expuesto en sus redes sociales. En el episodio, el personaje de Mariano tiene que vestirse de Baltasar, el rey negro, y para ello, deciden pintarle la cara. <strong>Esto es conocido como \u201cblackface\u201d, que se podr\u00eda explicar como el hecho de pintar la cara con tonos que no son naturales y con finalidad principalmente humor\u00edstica o caricaturesca. Un hecho que se considera racista <\/strong>y lo que podr\u00eda haber hecho que Netflix eliminara este episodio de su cat\u00e1logo.<\/p>\n","protected":false},"excerpt":{"rendered":"\u2018Aqu\u00ed no hay quien viva\u2019 se ha convertido en una serie de culto. Tanto es as\u00ed, que todas&hellip;\n","protected":false},"author":2,"featured_media":283808,"comment_status":"","ping_status":"","sticky":false,"template":"","format":"standard","meta":{"footnotes":""},"categories":[171],"tags":[146,147,3666,25,24,1634,5135,61015,152,2397,805,23,214,809,10748],"class_list":{"0":"post-283807","1":"post","2":"type-post","3":"status-publish","4":"format-standard","5":"has-post-thumbnail","7":"category-tv","8":"tag-entertainment","9":"tag-entretenimiento","10":"tag-episodio","11":"tag-es","12":"tag-espana","13":"tag-hay","14":"tag-motivo","15":"tag-navideno","16":"tag-netflix","17":"tag-posible","18":"tag-series","19":"tag-spain","20":"tag-tv","21":"tag-ver","22":"tag-viva"},"share_on_mastodon":{"url":"https:\/\/pubeurope.com\/@es\/115703969620560868","error":""},"_links":{"self":[{"href":"https:\/\/www.europesays.com\/es\/wp-json\/wp\/v2\/posts\/283807","targetHints":{"allow":["GET"]}}],"collection":[{"href":"https:\/\/www.europesays.com\/es\/wp-json\/wp\/v2\/posts"}],"about":[{"href":"https:\/\/www.europesays.com\/es\/wp-json\/wp\/v2\/types\/post"}],"author":[{"embeddable":true,"href":"https:\/\/www.europesays.com\/es\/wp-json\/wp\/v2\/users\/2"}],"replies":[{"embeddable":true,"href":"https:\/\/www.europesays.com\/es\/wp-json\/wp\/v2\/comments?post=283807"}],"version-history":[{"count":0,"href":"https:\/\/www.europesays.com\/es\/wp-json\/wp\/v2\/posts\/283807\/revisions"}],"wp:featuredmedia":[{"embeddable":true,"href":"https:\/\/www.europesays.com\/es\/wp-json\/wp\/v2\/media\/283808"}],"wp:attachment":[{"href":"https:\/\/www.europesays.com\/es\/wp-json\/wp\/v2\/media?parent=283807"}],"wp:term":[{"taxonomy":"category","embeddable":true,"href":"https:\/\/www.europesays.com\/es\/wp-json\/wp\/v2\/categories?post=283807"},{"taxonomy":"post_tag","embeddable":true,"href":"https:\/\/www.europesays.com\/es\/wp-json\/wp\/v2\/tags?post=283807"}],"curies":[{"name":"wp","href":"https:\/\/api.w.org\/{rel}","templated":true}]}}