{"id":283817,"date":"2025-12-12T01:28:11","date_gmt":"2025-12-12T01:28:11","guid":{"rendered":"https:\/\/www.europesays.com\/es\/283817\/"},"modified":"2025-12-12T01:28:11","modified_gmt":"2025-12-12T01:28:11","slug":"pp-vox-y-junts-se-unen-para-tumbar-de-nuevo-la-senda-de-estabilidad-del-gobierno","status":"publish","type":"post","link":"https:\/\/www.europesays.com\/es\/283817\/","title":{"rendered":"PP, Vox y Junts se unen para tumbar de nuevo la senda de estabilidad del Gobierno"},"content":{"rendered":"<p style=\"\">La fragilidad parlamentaria del Gobierno <a href=\"https:\/\/www.abc.es\/espana\/mesa-congreso-suspende-abalos-tras-confirmar-supremo-20251210155449-nt.html\" target=\"_self\" data-voc-vtm-id=\"in-text-traffic\" title=\"contin\u00faa agudiz\u00e1ndose\" data-mrf-link=\"www.abc.es\" rel=\"nofollow noopener\">contin\u00faa agudiz\u00e1ndose<\/a>. Este jueves, horas despu\u00e9s de que la Unidad Centra Operativa (UCO) llevara a cabo la detenci\u00f3n de Antx\u00f3n Alonso, socio del exsecretario de Organizaci\u00f3n del PSOE Santos Cerd\u00e1n, el Congreso de los Diputados <a href=\"https:\/\/www.abc.es\/espana\/mesa-congreso-suspende-abalos-tras-confirmar-supremo-20251210155449-nt.html\" target=\"_self\" data-voc-vtm-id=\"in-text-traffic\" title=\"ha vuelto ha rechazar la senda de estabilidad\" data-mrf-link=\"www.abc.es\" rel=\"nofollow noopener\">ha vuelto ha rechazar la senda de estabilidad<\/a> &#8230;  propuesta por Mar\u00eda Jes\u00fas Montero, ministra de Hacienda. La C\u00e1mara Baja ahonda, a\u00fan m\u00e1s, la crisis del Ejecutivo tras tumbar el paso previo a la tramitaci\u00f3n de los Presupuestos Generales del Estado.<\/p>\n<p class=\"voc-p\" style=\"\">En una &#8216;semana horribilis&#8217; para el Gobierno en la que se ha conocido la sentencia a \u00c1lvaro Garc\u00eda Ortiz, exfiscal general del Estado; se han revelado varias denuncias por acoso sexual en el PSOE, el Supremo ha confirmado que Jos\u00e9 Luis \u00c1balos y Koldo Garc\u00eda ir\u00e1n a juicio y se ha detenido a la <a href=\"https:\/\/www.abc.es\/espana\/uco-detiene-fontanera-psoe-leire-diez-expresidente-20251210162615-nt.html\" target=\"_self\" data-voc-vtm-id=\"in-text-traffic\" title=\"fontanera del PSOE Leire D\u00edez\" data-mrf-link=\"www.abc.es\" rel=\"nofollow noopener\">fontanera del PSOE Leire D\u00edez<\/a>, la ministra ha aprovechado la defensa de su proyecto para atacar, directamente, al Partido Popular y su rechazo a la senda de d\u00e9ficit. Las probabilidades de sacar adelante los objetivos de d\u00e9ficit eran m\u00ednimas o directamente inexistentes.<\/p>\n<p class=\"voc-p\" style=\"\">Montero ha provocado un &#8216;d\u00e9j\u00e0 vu&#8217; generalizado en el hemiciclo. La ministra ha defendido las mismas propuestas que hace dos semanas, sin ninguna innovaci\u00f3n: establecer una trayectoria de reducci\u00f3n del d\u00e9ficit del conjunto de las administraciones p\u00fablicas que partir\u00eda del 2,1% en 2026, descender\u00eda al 1,8% en 2027 y se situar\u00eda en el 1,6% en 2028, y la fijaci\u00f3n de un margen de d\u00e9ficit del 0,1% del PIB para las comunidades aut\u00f3nomas. Sin cambios o cesiones para los socios habituales o Junts, que anunci\u00f3 la ruptura total e \u00abirreversible\u00bb con el Ejecutivo, la senda de d\u00e9ficit parec\u00eda muerta antes incluso de ser votada. Tanto era as\u00ed que la primera fila de asientos del hemiciclo, reservada para los miembros del Gobierno, parec\u00eda desierta; Mar\u00eda Jes\u00fas Montero estaba acompa\u00f1ada, simplemente, de F\u00e9lix Bola\u00f1os, Pablo Bustunduy y \u00c1ngel V\u00edctor Torres.<\/p>\n<p class=\"voc-p\" style=\"\">La ministra, en la defensa de su proyecto, ha afirmado que el Gobierno \u00abest\u00e1 trabajando para presentar el proyecto de Presupuestos\u00bb para el pa\u00eds. Montero, conocedora de la dificultad de que se aprobara el proyecto, ha querido recordar, al igual que hace dos semanas, que estos objetivos se enmarcan en \u00ab<strong>un marco realista, prudente y capaz de sostener el empleo<\/strong>\u00bb. Tras especificar las propuestas que ya comparti\u00f3 el 27 de noviembre, la titular de Hacienda ha comenzado un ataque directo a los populares por rechazar la senda de d\u00e9ficit. \u00abCuando el PP lleg\u00f3 al Gobierno en 2011 la deuda era un 70% del PIB, cuando se fue era el 100% del PIB, casi la ha duplicado. Del PP no podemos aprovechar ninguna lecci\u00f3n sobre las cuentas p\u00fablicas\u00bb, ha criticado, a\u00f1adiendo posteriormente que los Gobiernos populares \u00abdejaron en niveles m\u00ednimo\u00bb el crecimiento de las pensiones o la inversi\u00f3n en vivienda p\u00fablica. Una de las tesis m\u00e1s utilizadas por parte de Montero para justificar el crecimiento de la recaudaci\u00f3n ha sido el aumento del salario m\u00ednimo. Seg\u00fan ha confirmado, con el PP las subidas en 7 a\u00f1os fueron del 3,7% y con S\u00e1nchez del 17%. Esto, sumado al \u00ab<strong>r\u00e9cord de cotizantes a la Seguridad Social<\/strong>\u00bb y el \u00abempleo de calidad con salario m\u00e1s alto\u00bb ha provocado la recaudaci\u00f3n.<\/p>\n<p class=\"voc-title\">Montero ha evitado atacar a Junts por su negativa a apoyar el proyecto, aunque ha atacado al PP y Vox por ello<\/p>\n<p class=\"voc-p\" style=\"\">Adem\u00e1s de confrontar a los gobiernos populares, la ministra ha aprovechado la ocasi\u00f3n para incluir las alianzas entre los de Alberto N\u00fa\u00f1ez Feij\u00f3o y Santiago Abascal. \u00ab\u00bfEn qu\u00e9 se gastan el dinero?\u00bb, se ha preguntado Montero, respondi\u00e9ndose a s\u00ed misma y catalogando de \u00ab<strong>chiringuitos<\/strong>\u00bb varios proyectos creados entre ambas formaciones en Baleares, Valencia, Huelva o Sevilla como oficinas antiokupaci\u00f3n. La titular de Hacienda ha evitado la confrontaci\u00f3n con Junts en todo momento.<\/p>\n<p class=\"voc-p\" style=\"\">Juan Bravo, diputado del PP, ha acusado a la ministra de centralizar su defensa en la cr\u00edtica a su formaci\u00f3n. Algo \u00abl\u00f3gico\u00bb para \u00e9l ya que \u00abno puede hablar de su trabajo porque es incapaz de aprobar presupuestos y porque todas las personas de su confianza est\u00e1n investigadas e imputadas\u00bb. Bravo ha afeado que el Gobierno presente la misma senda de estabilidad, algo que en principio se salta \u00abel procedimiento\u00bb y podr\u00eda ser considerado un \u00abfraude\u00bb. Finalmente, ha afeado al Ejecutivo por centrarse en los \u00abgestos\u00bb y no en la \u00abgesti\u00f3n\u00bb y ha recordado a Montero que, cuando comience el periodo electoral en Andaluc\u00eda, podr\u00e1 contar a los ciudadanos que fue ella quien \u00abdespidi\u00f3 a 7700 profesionales sanitarios, cerr\u00f3 hospitales, escondi\u00f3 pacientes de las listas de espera, que estuvo en el Gobierno de los EREs, de S\u00e1nchez, y en el PSOE de Salazar\u00bb.<\/p>\n<p>Se aprueba el decreto ley para la inversi\u00f3n de super\u00e1vit en ayuntamientos exigido por Junts<\/p>\n<p class=\"voc-p\">El Congreso de los Diputados ha aprobado la convalidaci\u00f3n del decreto ley por el que se aplaza la entrada en vigor del sistema Verifactu, por lo que se ha comprometido a revisar el uso que los ayuntamientos podr\u00e1n hacer del super\u00e1vit que generen. El decreto se ha salvado gracias a un acuerdo &#8216;in extremis&#8217; con ERC. <\/p>\n<p class=\"voc-p\">El diputado de Junts, Josep Pag\u00e8s i Mass\u00f3, considera que este decreto respond\u00eda a necesidades de sectores muy perjudicados por \u00abla dejadez\u00bb del Gobierno espa\u00f1ol: \u00abAut\u00f3nomos, peque\u00f1as empresas, ayuntamientos son los principales afectados\u00bb. Adem\u00e1s, ha celebrado que en el decreto solo haya \u00abtemas de Junts per Catalu\u00f1a\u00bb.<\/p>\n<p class=\"voc-p\" style=\"\">Desde el Grupo Parlamentario Vox, Pablo S\u00e1enz ha enumerado los datos que reflejan la debilidad econ\u00f3mica del Ejecutivo: la p\u00e9rdida del poder adquisitivo, la gran tasa de pobreza o el creciente paro juvenil. Todo ello provocado por un \u00ab<strong>Gobierno irresponsable<\/strong> que no ha aprovechado los incrementos en la recaudaci\u00f3n tributaria para lograr un super\u00e1vit\u00bb.  S\u00e1enz ha repetido en m\u00e1s de cinco ocasiones que iban a votar \u00abno\u00bb porque saben que el \u00ab\u00fanico objetivo de este Gobierno es mantenerse en el poder\u00bb. La derecha independentista catalana, representada por Josep Maria Cruset de Junts, ha reivindicado, de nuevo, su &#8216;no&#8217; al proyecto. Un rechazo doloroso, pero esperado en el Gobierno. \u00abNo vamos a entrar en las mentiras y en las medias verdades con las que usted apoya sus intervenciones\u00bb, ha achacado el neoconvergente en una corta comparecencia.<\/p>\n<p class=\"voc-p\" style=\"\">Podemos, exsocio de Gobierno, ha vuelto a abstenerse en la votaci\u00f3n. Ione Belarra, en su comparecencia, ha lamentado que se utilicen los Presupuesto prorrogados para el \u00abmayor rearme de la historia del pa\u00eds\u00bb y ha tildado de \u00abmultirreincidentes\u00bb a los l\u00edderes hist\u00f3ricos del PP, como Jos\u00e9 Mar\u00eda Aznar o Mariano Rajoy; al PSOE por \u00abelegir a \u00c1balos, Cerd\u00e1n y Salazar\u00bb, <a href=\"https:\/\/www.abc.es\/espana\/vox-denuncia-revuelta-desviar-cientos-miles-euros-20251210161646-nt.html\" target=\"_self\" data-voc-vtm-id=\"in-text-traffic\" title=\"a Vox y sus \u00abcachorritos\u00bb de Revuelta\" rel=\"nofollow noopener\">a Vox y sus \u00abcachorritos\u00bb de Revuelta<\/a> y al \u00abclan Pujol\u00bb de Junts. \u00c0gueda Mic\u00f3, en el Grupo mixto representando a Comprom\u00eds, ha anunciado su abstenci\u00f3n de nuevo tras no conseguir un \u00abtrato justo para los valencianos y valencianas\u00bb.<\/p>\n<p class=\"voc-title\">Varios socios habituales del Gobierno han mostrado sus dudas a la senda de d\u00e9ficit<\/p>\n<p>\nCr\u00edticas entre los apoyos\n<\/p>\n<p class=\"voc-p\" style=\"\">Los grupos parlamentarios que han apoyado la senda de d\u00e9ficit del Ministerio de Hacienda tambi\u00e9n han criticado varias de las medidas presentadas. Desde ERC, Teresa Jord\u00e0 ha exigido, de nuevo, m\u00e1s poder para Catalu\u00f1a con el objetivo de alcanzar \u00abuna <strong>vida digna y prosperidad econ\u00f3mica<\/strong>\u00bb y \u00abreglas fiscales\u00bb. \u00abSi tuvi\u00e9ramos los recursos que generamos no estar\u00edamos debatiendo de d\u00e9ficits, estar\u00edamos construyendo el pa\u00eds que merecen nuestros ciudadanos\u00bb, ha sentenciado. Oskar Matute, de EH Bildu, ha vaticinado en su turno de palabra que no \u00abiba a haber sorpresas\u00bb en la votaci\u00f3n. Aunque ha anunciado su apoyo a la senda de estabilidad, ha solicitado m\u00e1s carga impositiva porque la \u00abredistribuci\u00f3n de la riqueza no se cumple\u00bb y la \u00abbrecha es cada vez mayor\u00bb. Finalmente, Nestor Rego, el \u00fanico diputado de BNG, ha reconocido que seguir\u00e1n apoyando al Ejecutivo de Pedro S\u00e1nchez porque a\u00fan se deben cumplir los acuerdos de investidura pactados.<\/p>\n<p class=\"voc-p\" style=\"\">A pesar del nuevo varapalo al Gobierno, Montero ha anunciado que su intenci\u00f3n de presentar unos Presupuestos Generales del Estado para el a\u00f1o 2025 contin\u00faa intacta. Estos deber\u00e1n elaborarse <strong>con la senda de d\u00e9ficit remitida a la Comisi\u00f3n Europea en 2023<\/strong>, una \u00abmucho m\u00e1s restrictiva\u00bb seg\u00fan el Gobierno y sus socios.<\/p>\n","protected":false},"excerpt":{"rendered":"La fragilidad parlamentaria del Gobierno contin\u00faa agudiz\u00e1ndose. Este jueves, horas despu\u00e9s de que la Unidad Centra Operativa (UCO)&hellip;\n","protected":false},"author":2,"featured_media":283818,"comment_status":"","ping_status":"","sticky":false,"template":"","format":"standard","meta":{"footnotes":""},"categories":[8],"tags":[17,18,25,24,13680,13,14,582,11,5216,19,20,9,10,15,16,524,956,52832,23,12,19355,21,22,12047,624],"class_list":{"0":"post-283817","1":"post","2":"type-post","3":"status-publish","4":"format-standard","5":"has-post-thumbnail","7":"category-espana","8":"tag-breaking-news","9":"tag-breakingnews","10":"tag-es","11":"tag-espana","12":"tag-estabilidad","13":"tag-featured-news","14":"tag-featurednews","15":"tag-gobierno","16":"tag-headlines","17":"tag-junts","18":"tag-latest-news","19":"tag-latestnews","20":"tag-news","21":"tag-noticias","22":"tag-noticias-destacadas","23":"tag-noticiasdestacadas","24":"tag-nuevo","25":"tag-pp","26":"tag-senda","27":"tag-spain","28":"tag-titulares","29":"tag-tumbar","30":"tag-ultimas-noticias","31":"tag-ultimasnoticias","32":"tag-unen","33":"tag-vox"},"share_on_mastodon":{"url":"https:\/\/pubeurope.com\/@es\/115704005136197208","error":""},"_links":{"self":[{"href":"https:\/\/www.europesays.com\/es\/wp-json\/wp\/v2\/posts\/283817","targetHints":{"allow":["GET"]}}],"collection":[{"href":"https:\/\/www.europesays.com\/es\/wp-json\/wp\/v2\/posts"}],"about":[{"href":"https:\/\/www.europesays.com\/es\/wp-json\/wp\/v2\/types\/post"}],"author":[{"embeddable":true,"href":"https:\/\/www.europesays.com\/es\/wp-json\/wp\/v2\/users\/2"}],"replies":[{"embeddable":true,"href":"https:\/\/www.europesays.com\/es\/wp-json\/wp\/v2\/comments?post=283817"}],"version-history":[{"count":0,"href":"https:\/\/www.europesays.com\/es\/wp-json\/wp\/v2\/posts\/283817\/revisions"}],"wp:featuredmedia":[{"embeddable":true,"href":"https:\/\/www.europesays.com\/es\/wp-json\/wp\/v2\/media\/283818"}],"wp:attachment":[{"href":"https:\/\/www.europesays.com\/es\/wp-json\/wp\/v2\/media?parent=283817"}],"wp:term":[{"taxonomy":"category","embeddable":true,"href":"https:\/\/www.europesays.com\/es\/wp-json\/wp\/v2\/categories?post=283817"},{"taxonomy":"post_tag","embeddable":true,"href":"https:\/\/www.europesays.com\/es\/wp-json\/wp\/v2\/tags?post=283817"}],"curies":[{"name":"wp","href":"https:\/\/api.w.org\/{rel}","templated":true}]}}