{"id":283819,"date":"2025-12-12T01:29:24","date_gmt":"2025-12-12T01:29:24","guid":{"rendered":"https:\/\/www.europesays.com\/es\/283819\/"},"modified":"2025-12-12T01:29:24","modified_gmt":"2025-12-12T01:29:24","slug":"en-venezuela-construiremos-un-escudo-de-seguridad-sacaremos-a-los-agentes-de-regimenes-autoritarios-como-rusia-iran-o-hezbola-entrevista-completa-de-maria-corina-machado-con-la-bbc","status":"publish","type":"post","link":"https:\/\/www.europesays.com\/es\/283819\/","title":{"rendered":"En Venezuela \u00abconstruiremos un escudo de seguridad, sacaremos a los agentes de reg\u00edmenes autoritarios como Rusia, Ir\u00e1n o Hezbol\u00e1\u00bb: entrevista completa de Mar\u00eda Corina Machado con la BBC"},"content":{"rendered":"<p><img fetchpriority=\"high\" decoding=\"async\" src=\"https:\/\/www.europesays.com\/es\/wp-content\/uploads\/2025\/12\/1b01c2a0-d685-11f0-863b-efebc3aa9a1d.jpg.webp.webp\"   alt=\"Mar\u00eda Corina Machado previo a una conferencia de prensa el jueves, en Oslo, un d\u00eda despu\u00e9s de llegar a Noruega para recibir su premio nobel de la paz. Est\u00e1 maquillada, sonr\u00ede y tiene el cabello negro hasta los hombres. En la foto solo se ve su rostro. \" loading=\"eager\" width=\"1024\" height=\"576\" style=\"aspect-ratio:1024 \/ 576\" class=\"css-1seqhu9\"\/><\/p>\n<p class=\"css-by8ykd\" role=\"text\">Fuente de la imagen, Getty Images<\/p>\n<p>Pie de foto, Mar\u00eda Corina Machado asegur\u00f3 en entrevista con la BBC que regresar\u00e1 a Venezuela luego de salir del pa\u00eds para recibir su premio Nobel de la Paz en Oslo, Noruega. <strong id=\"article-byline\" aria-hidden=\"true\" class=\"css-2ozlq5\">Informaci\u00f3n del art\u00edculo<\/strong><\/p>\n<ul class=\"css-1dlgp3z\">\n<li class=\"css-1s1df59\">\n<ul role=\"list\" class=\"css-z50d25\">\n<li class=\"css-0\">Autor, Redacci\u00f3n<\/li>\n<li class=\"css-k1irjw\">T\u00edtulo del autor,  BBC News Mundo <\/li>\n<\/ul>\n<\/li>\n<li>\n<p>11 diciembre 2025<\/p>\n<\/li>\n<li\/><\/ul>\n<p dir=\"ltr\" class=\"css-s4cjt0 e1yuyadm0\"><b>Sin sus pertenencias y tras lo que algunos medios han calificado como una huida temeraria, Mar\u00eda Corina Machado, l\u00edder de la oposici\u00f3n venezolana, lleg\u00f3 este mi\u00e9rcoles a Oslo luego de que le fuera otorgado el Premio Nobel de la Paz.<\/b><\/p>\n<p dir=\"ltr\" class=\"css-s4cjt0 e1yuyadm0\">No pudo asistir a la ceremonia, en la que su hija, Ana Corina Sosa, recibi\u00f3 el galard\u00f3n en su nombre.<\/p>\n<p dir=\"ltr\" class=\"css-s4cjt0 e1yuyadm0\">Aun as\u00ed, la pol\u00edtica \u2014quien permaneci\u00f3 en la clandestinidad por m\u00e1s de un a\u00f1o tras desafiar al gobierno de Nicol\u00e1s Maduro al convocar varias protestas despu\u00e9s de los comicios de 2024\u2014 fue recibida con v\u00edtores y abrazos por parte de la di\u00e1spora venezolana residente en Noruega.<\/p>\n<p dir=\"ltr\" class=\"css-s4cjt0 e1yuyadm0\">Machado tambi\u00e9n se reencontr\u00f3 con su familia, que la esperaba en el pa\u00eds n\u00f3rdico, tras m\u00e1s de un a\u00f1o sin contacto f\u00edsico.<\/p>\n<p dir=\"ltr\" class=\"css-s4cjt0 e1yuyadm0\">Ahora, la dirigente se convierte en una fugitiva, luego de que el gobierno venezolano advirtiera que salir del pa\u00eds constituir\u00eda una violaci\u00f3n de la ley. En Venezuela, est\u00e1 acusada de terrorismo, conspiraci\u00f3n e incitaci\u00f3n al odio.<\/p>\n<p dir=\"ltr\" class=\"css-s4cjt0 e1yuyadm0\">Machado no pudo presentarse como candidata presidencial en 2024 tras ser inhabilitada por el gobierno. No obstante, respald\u00f3 la candidatura del exdiplom\u00e1tico Edmundo Gonz\u00e1lez, quien \u2014seg\u00fan la oposici\u00f3n\u2014 habr\u00eda ganado las elecciones, apoy\u00e1ndose en miles de actas recabadas durante el proceso.<\/p>\n<p dir=\"ltr\" class=\"css-s4cjt0 e1yuyadm0\">Maduro lo niega, se aferra al poder y acusa a sus adversarios de promover una intervenci\u00f3n militar.<\/p>\n<p dir=\"ltr\" class=\"css-s4cjt0 e1yuyadm0\">Todo esto ocurre en medio de una fuerte tensi\u00f3n en el Caribe, despu\u00e9s de que Estados Unidos declarara terrorista al mandatario venezolano y aprobara un despliegue militar en la regi\u00f3n.<\/p>\n<p dir=\"ltr\" class=\"css-s4cjt0 e1yuyadm0\">En este contexto, la presentadora Lucy Hockings, de la BBC, habl\u00f3 con Mar\u00eda Corina Machado, quien se encontraba junto a Jorgen Watne Frydnes, presidente del Comit\u00e9 Noruego del Nobel, sobre su futuro, la experiencia de huir de Venezuela y la posibilidad de una intervenci\u00f3n militar.<\/p>\n<p dir=\"ltr\" class=\"css-s4cjt0 e1yuyadm0\">Aqu\u00ed la entrevista completa.<\/p>\n<p><img decoding=\"async\" src=\"https:\/\/www.europesays.com\/es\/wp-content\/uploads\/2025\/12\/6025c300-d684-11f0-8c06-f5d460985095.jpg.webp.webp\"   alt=\"L\u00ednea gris que separa el texto \" loading=\"lazy\" width=\"800\" height=\"100\" style=\"aspect-ratio:800 \/ 100\" class=\"css-1seqhu9\"\/><\/p>\n<p dir=\"ltr\" class=\"css-s4cjt0 e1yuyadm0\"><b>Felicidades por su Premio Nobel de la Paz. \u00bfC\u00f3mo se siente de estar aqu\u00ed?<\/b><\/p>\n<p dir=\"ltr\" class=\"css-s4cjt0 e1yuyadm0\">Aqu\u00ed estoy. Primero que nada, estoy muy agradecida. Por supuesto, con el Comit\u00e9 Noruego del Nobel por este reconocimiento \u00fanico al pueblo venezolano, que les ha tra\u00eddo tanta esperanza, entusiasmo y a\u00fan m\u00e1s unidad en nuestro pa\u00eds.<\/p>\n<p dir=\"ltr\" class=\"css-s4cjt0 e1yuyadm0\">Todav\u00eda estoy tratando de convencerme de que estoy aqu\u00ed en Oslo, al fin, con todos ustedes y con mi familia, a quienes no he visto por un largo tiempo.<\/p>\n<p><img decoding=\"async\" src=\"https:\/\/www.europesays.com\/es\/wp-content\/uploads\/2025\/12\/26a66980-d685-11f0-b4a3-21322b24f057.jpg.webp.webp\"   alt=\"Mar\u00eda Corina Machado camina hacia una conferencia de prensa en oslo, noruega, este jueves. Viste un chaleco blanco, sonr\u00ede mientras camina con un grupo de personas. Lleva el cabello negro hasta los hombros y tiene sus manos juntas. \" loading=\"lazy\" width=\"1024\" height=\"576\" style=\"aspect-ratio:1024 \/ 576\" class=\"css-1seqhu9\"\/><\/p>\n<p class=\"css-by8ykd\" role=\"text\">Fuente de la imagen, Getty Images<\/p>\n<p>Pie de foto, La administraci\u00f3n de Nicol\u00e1s Maduro se\u00f1ala a la opositora Mar\u00eda Corina Machado de supuestamente conspirar contra su gobierno. La organizaci\u00f3n del Nobel le entreg\u00f3 el premio a la l\u00edder de derecha por su lucha a favor de la \u00abdemocracia\u00bb. <\/p>\n<p dir=\"ltr\" class=\"css-s4cjt0 e1yuyadm0\"><b>\u00bfC\u00f3mo fue eso? No solo ver a su familia, sino tambi\u00e9n abrazarlos, olerlos y tocarlos nuevamente.<\/b><\/p>\n<p dir=\"ltr\" class=\"css-s4cjt0 e1yuyadm0\">Por m\u00e1s de 16 meses no he tenido la oportunidad de abrazar o tocar a nadie. As\u00ed que, ciertamente, ha sido un sentimiento muy profundo por el hecho de que tan solo en unas horas tuve la oportunidad de ver a las personas que m\u00e1s amo y tocarlos, y llorar y orar juntos.<\/p>\n<p dir=\"ltr\" class=\"css-s4cjt0 e1yuyadm0\">Luego tuve la oportunidad de tambi\u00e9n conocer a cientos de personas venezolanas que estaban afuera del hotel y sentir ese calor nuevamente luego de tanto tiempo\u2026 \u00bfsabes? Es la raz\u00f3n por la que hago lo que hago.<\/p>\n<p dir=\"ltr\" class=\"css-s4cjt0 e1yuyadm0\"><b>Y te han dado\u2026 cosas\u2026 (la entrevistadora se\u00f1ala los rosarios que tiene Mar\u00eda Corina en el cuello)<\/b><\/p>\n<p dir=\"ltr\" class=\"css-s4cjt0 e1yuyadm0\">Sabes, estos me los dieron los venezolanos que acabo de conocer afuera. Y es siempre el mismo gesto: la gente se quita sus rosarios y me los pone. Tienen historias.<\/p>\n<p dir=\"ltr\" class=\"css-s4cjt0 e1yuyadm0\">Una de las mujeres que estaba afuera me dijo que hab\u00eda tra\u00eddo este rosario hace 20 a\u00f1os cuando dej\u00f3 Venezuela y que ahora quiere que yo lo tenga. As\u00ed que imag\u00ednate cu\u00e1nta energ\u00eda significa esto para m\u00ed.<\/p>\n<p dir=\"ltr\" class=\"css-s4cjt0 e1yuyadm0\">Creo que tengo sobre siete mil u ocho mil rosarios que recib\u00ed alrededor de todo Venezuela.<\/p>\n<p dir=\"ltr\" class=\"css-s4cjt0 e1yuyadm0\"><b>Hubo momentos esta ma\u00f1ana en los que pensamos que no estar\u00edamos sentados aqu\u00ed juntos\u2026<\/b><\/p>\n<p dir=\"ltr\" class=\"css-s4cjt0 e1yuyadm0\"><b>Jorgen Watne Frydnes: <\/b>No estoy hablando aqu\u00ed solo por m\u00ed, sino tambi\u00e9n por el Comit\u00e9 y dir\u00eda tambi\u00e9n que, por la gente de aqu\u00ed, venezolanos, noruegos y muchos m\u00e1s\u2026 es muy emocional tenerte aqu\u00ed luego de esa traves\u00eda.<\/p>\n<p dir=\"ltr\" class=\"css-s4cjt0 e1yuyadm0\">Tenerte aqu\u00ed finalmente y tener a tu hija represent\u00e1ndote tan bien en la alcald\u00eda de Oslo este mi\u00e9rcoles, pero luego, en medio de la noche, tenerte aqu\u00ed, es incre\u00edble, es dif\u00edcil de describir para todos nosotros en el Comit\u00e9 del Nobel.<\/p>\n<p><img decoding=\"async\" src=\"https:\/\/www.europesays.com\/es\/wp-content\/uploads\/2025\/12\/2de9d920-d685-11f0-863b-efebc3aa9a1d.jpg.webp.webp\"   alt=\"Mar\u00eda Corina Machado frente a un podio durante una conferencia de prensa en noruega. Lleva el cabello negro hasta los hombros. Tiene una expresi\u00f3n seria mientras habla. Tiene las manos extendidas hacia los lados. Viste un chaleco blanco. \" loading=\"lazy\" width=\"1024\" height=\"576\" style=\"aspect-ratio:1024 \/ 576\" class=\"css-1seqhu9\"\/><\/p>\n<p class=\"css-by8ykd\" role=\"text\">Fuente de la imagen, Getty Images<\/p>\n<p dir=\"ltr\" class=\"css-s4cjt0 e1yuyadm0\"><b>Debe estar muy orgullosa de su hija hoy\u2026<\/b><\/p>\n<p dir=\"ltr\" class=\"css-s4cjt0 e1yuyadm0\">Estoy orgullosa de ella, de toda su vida. Y de mis hijos tambi\u00e9n. Ellos han enfrentado lo m\u00e1s dif\u00edcil de esta situaci\u00f3n. Tuve que enviarlos fuera del pa\u00eds, no quer\u00edan irse, pero tuve que forzarlos porque no pod\u00eda hacer mi trabajo y a la vez protegerlos.<\/p>\n<p dir=\"ltr\" class=\"css-s4cjt0 e1yuyadm0\">Fueron los \u00fanicos de sus clases en graduarse y estar sin su madre.<\/p>\n<p dir=\"ltr\" class=\"css-s4cjt0 e1yuyadm0\">Mi hija se cas\u00f3 y no estuve con ella. Mi hijo tambi\u00e9n y no estuve con \u00e9l.<\/p>\n<p dir=\"ltr\" class=\"css-s4cjt0 e1yuyadm0\">Me da un gran sentimiento de culpa. Pero a la vez tengo mucho apoyo de su parte y ellos son la raz\u00f3n por la que luch\u00e9, al igual que todos los ni\u00f1os venezolanos, quienes siento que son como mis hijos tambi\u00e9n.<\/p>\n<p dir=\"ltr\" class=\"css-s4cjt0 e1yuyadm0\">Estoy muy orgullosa de ellos, de lo que hacen por esta causa.<\/p>\n<p dir=\"ltr\" class=\"css-s4cjt0 e1yuyadm0\"><b>Estabas pensando en esas otras madres e hijas en Venezuela y alrededor del mundo que no han tenido la oportunidad de un momento similar al que acabas de tener porque est\u00e1n separados\u2026<\/b><\/p>\n<p dir=\"ltr\" class=\"css-s4cjt0 e1yuyadm0\">Por supuesto. Creo que lo que ha unido a nuestro pueblo despu\u00e9s de tantos a\u00f1os de que el r\u00e9gimen chavista trat\u00f3 de dividirnos por todas las razones: raza, religi\u00f3n, origen\u2026 lo que trajo a nuestro pa\u00eds juntos es que queremos a nuestras familias de vuelta en casa, nuestros hijos de vuelta en casa.<\/p>\n<p dir=\"ltr\" class=\"css-s4cjt0 e1yuyadm0\">Eso derrib\u00f3 nuestras diferencias.<\/p>\n<p dir=\"ltr\" class=\"css-s4cjt0 e1yuyadm0\">Antes de venir aqu\u00ed, estaba pensando en esta inmensa posibilidad que yo tendr\u00eda. Estaba pensando en las madres de los presos pol\u00edticos, con quienes hablo todas las semanas, porque estamos en contacto todo el tiempo.<\/p>\n<p dir=\"ltr\" class=\"css-s4cjt0 e1yuyadm0\">Pero s\u00e9 que pronto ellas tendr\u00e1n esta inmensa felicidad que yo tuve hoy, hace unas horas.<\/p>\n<p dir=\"ltr\" class=\"css-s4cjt0 e1yuyadm0\"><b>Tengo que preguntar sobre la versi\u00f3n de la historia de c\u00f3mo usted escap\u00f3 que est\u00e1 circulando aqu\u00ed en Oslo y est\u00e1 en la prensa. Dicen que tuvo que ponerse una peluca, que pas\u00f3 por 10 puestos militares y tom\u00f3 un barco pesquero a Curazao y luego un avi\u00f3n privado a Miami y luego a Oslo. \u00bfQu\u00e9 nos puede contar de lo que pudo haber sido una huida peligrosa y temerosa?<\/b><\/p>\n<p dir=\"ltr\" class=\"css-s4cjt0 e1yuyadm0\">Es importante entender exactamente lo que est\u00e1s diciendo. Venezuela se ha convertido en una naci\u00f3n, un pa\u00eds en el que el Estado hace terrorismo. El r\u00e9gimen que tiene control de todas las instituciones ha impuesto terrorismo de Estado hacia personas inocentes y cometido cr\u00edmenes contra la humanidad.<\/p>\n<p dir=\"ltr\" class=\"css-s4cjt0 e1yuyadm0\">Y todos los que se atreven a hablar, a defender cualquiera de sus derechos b\u00e1sicos, toman un alto riesgo y terminan en prisi\u00f3n, como dijiste en tu discurso incre\u00edble esta ma\u00f1ana (Mar\u00eda Corina Machado se voltea y mira a Jorgen Watne Frydnes mientras habla)<\/p>\n<p dir=\"ltr\" class=\"css-s4cjt0 e1yuyadm0\">Solo por publicar noticias sobre el Premio Nobel, podr\u00edas terminar en prisi\u00f3n.<\/p>\n<p dir=\"ltr\" class=\"css-s4cjt0 e1yuyadm0\">Y si ellos te buscan y no te encuentran, van a arrestar a tu familia, incluso ponen a ni\u00f1os en prisi\u00f3n.<\/p>\n<p dir=\"ltr\" class=\"css-s4cjt0 e1yuyadm0\">Ellos han dicho que soy una terrorista. Que debo estar en la c\u00e1rcel por el resto de mi vida y est\u00e1n busc\u00e1ndome.<\/p>\n<p dir=\"ltr\" class=\"css-s4cjt0 e1yuyadm0\">Dejar Venezuela hoy, en esta circunstancia, es muy peligroso. Solo quiero decir que hoy estoy aqu\u00ed porque muchas mujeres y hombres arriesgaron su vida para que llegara a Oslo.<\/p>\n<p dir=\"ltr\" class=\"css-s4cjt0 e1yuyadm0\">Vine aqu\u00ed por ellos y por los millones de h\u00e9roes an\u00f3nimos venezolanos para recibir un premio y regres\u00e1rselo a ellos.<\/p>\n<p><img decoding=\"async\" src=\"https:\/\/www.europesays.com\/es\/wp-content\/uploads\/2025\/12\/39aed940-d685-11f0-863b-efebc3aa9a1d.jpg.webp.webp\"   alt=\"Mar\u00eda Corina Machado saluda desde un balc\u00f3n de un hotel en Oslo, Noruega. Tiene su mano extendida, sonr\u00ede y lleva el cabello negro hasta los hombros. viste un abrigo negro. Detr\u00e1s hay varias personas con c\u00e1maras. \" loading=\"lazy\" width=\"1024\" height=\"576\" style=\"aspect-ratio:1024 \/ 576\" class=\"css-1seqhu9\"\/><\/p>\n<p class=\"css-by8ykd\" role=\"text\">Fuente de la imagen, Getty Images<\/p>\n<p dir=\"ltr\" class=\"css-s4cjt0 e1yuyadm0\"><b>Llegaste sin nada, solo con la ropa con la que te vemos.<\/b><\/p>\n<p dir=\"ltr\" class=\"css-s4cjt0 e1yuyadm0\">Es la ropa que he estado usando en el \u00faltimo trayecto del viaje. No he tenido oportunidad de devolverla. No s\u00e9 ni qu\u00e9 hora es.<\/p>\n<p dir=\"ltr\" class=\"css-s4cjt0 e1yuyadm0\"><b>\u00bfQu\u00e9 es lo pr\u00f3ximo para ti, porque sabes que el gobierno venezolano est\u00e1 llam\u00e1ndote ahora fugitiva? \u00bfEstar\u00edas en riesgo si regresas?<\/b><\/p>\n<p dir=\"ltr\" class=\"css-s4cjt0 e1yuyadm0\">Por supuesto que voy a regresar a Venezuela. El gobierno de Venezuela me hubiese desaparecido si me hubiese encontrado cuando estaba en Venezuela. S\u00e9 exactamente el riesgo que estoy tomando.<\/p>\n<p dir=\"ltr\" class=\"css-s4cjt0 e1yuyadm0\">Lo que le he dicho a la gente de Venezuela desde el principio es que estar\u00e9 donde sea m\u00e1s \u00fatil para nuestra causa. Y hasta hace un momento, el lugar en donde pens\u00e9 que deb\u00eda estar era Venezuela. El lugar que debo estar hoy, en favor de nuestra causa, es Oslo.<\/p>\n<p dir=\"ltr\" class=\"css-s4cjt0 e1yuyadm0\"><b>\u00bfUsted ha tenido alguna conversaci\u00f3n con Donald Trump, con Marco Rubio o alguien que le haya ofrecido alguna garant\u00eda sobre su seguridad?<\/b><\/p>\n<p dir=\"ltr\" class=\"css-s4cjt0 e1yuyadm0\">No voy a contestar esa pregunta, por razones obvias. Pero debo decir que estamos muy agradecidos con el presidente Trump y su administraci\u00f3n.<\/p>\n<p dir=\"ltr\" class=\"css-s4cjt0 e1yuyadm0\">Lo hemos dicho durante a\u00f1os. Hemos intentado que el mundo entienda lo que estaba pasando en Venezuela, el hecho de que se estaba construyendo una estructura criminal que ha destruido cada uno de nuestros derechos, ha humillado personas, dividido la sociedad y entregado nuestra soberan\u00eda a las organizaciones criminales.<\/p>\n<p dir=\"ltr\" class=\"css-s4cjt0 e1yuyadm0\">Esto es algo que tiene un impacto m\u00e1s all\u00e1 de nuestras fronteras en t\u00e9rminos de la inestabilidad que el r\u00e9gimen ha provocado en Am\u00e9rica Latina.<\/p>\n<p dir=\"ltr\" class=\"css-s4cjt0 e1yuyadm0\">Por a\u00f1os hemos dicho que necesitamos atender este r\u00e9gimen como una dictadura convencional, pero tambi\u00e9n como una estructura criminal. Y desde la perspectiva de seguridad.<\/p>\n<p dir=\"ltr\" class=\"css-s4cjt0 e1yuyadm0\">Creo que finalmente eso est\u00e1 pasando. El mundo ha entendido que lo que nosotros estamos haciendo es salvar vidas.<\/p>\n<p dir=\"ltr\" class=\"css-s4cjt0 e1yuyadm0\"><b>Entendemos que tiene una buena relaci\u00f3n con Marco Rubio. \u00c9l es un gran admirador suyo. \u00bf\u00c9l o alguien de EE.UU. le ha dicho que debe estar lista, que deben estar listos para hacerse cargo de Venezuela?<\/b><\/p>\n<p dir=\"ltr\" class=\"css-s4cjt0 e1yuyadm0\">Debemos estar listos sin importar lo que alguien nos diga.<\/p>\n<p dir=\"ltr\" class=\"css-s4cjt0 e1yuyadm0\">Estamos listos. Y estamos listos no solo porque tenemos los equipos, los planes para las primeras 100 horas y los siguientes 100 d\u00edas, poniendo siempre a la gente en el centro.<\/p>\n<p dir=\"ltr\" class=\"css-s4cjt0 e1yuyadm0\">Tengo tanta confianza en lo que hemos aprendido como sociedad, aunque ser\u00e1 un proceso muy complejo.<\/p>\n<p dir=\"ltr\" class=\"css-s4cjt0 e1yuyadm0\">Porque el r\u00e9gimen ha destruido todas las instituciones, y tenemos una crisis financiera, de seguridad, econ\u00f3mica y humanitaria.<\/p>\n<p dir=\"ltr\" class=\"css-s4cjt0 e1yuyadm0\">Pero hay conciencia de que hemos luchado tanto para conquistar la libertad que la sociedad la va a cuidar.<\/p>\n<p dir=\"ltr\" class=\"css-s4cjt0 e1yuyadm0\">Y la gente sabe que vamos a atravesar por problemas dif\u00edciles. Y que nada se solucionar\u00e1 de inmediato. Pero sentiremos en nuestros cuerpos y almas lo que es ser libres.<\/p>\n<p><img decoding=\"async\" src=\"https:\/\/www.europesays.com\/es\/wp-content\/uploads\/2025\/12\/901b0880-d694-11f0-89d7-d99b8f022527.jpg.webp.webp\"   alt=\"Ana Corina Sosa Machado, hija de Mar\u00eda Corina, sostiene en sus manos la medalla del nobel de la paz y un certificado. sonr\u00ede. viste ropa gris, tiene cabello hasta los hombros. A su lado est\u00e1 Jorgen Watne Frydnes, quien sonr\u00ede. Viste un traje y corbata. \" loading=\"lazy\" width=\"1024\" height=\"576\" style=\"aspect-ratio:1024 \/ 576\" class=\"css-1seqhu9\"\/><\/p>\n<p class=\"css-by8ykd\" role=\"text\">Fuente de la imagen, Getty<\/p>\n<p>Pie de foto, Mar\u00eda Corina Machado no pudo asistir a la ceremonia del Nobel de la Paz en Oslo, pero lleg\u00f3 horas despu\u00e9s a la ciudad. Su hija, Ana Corina Sosa, recibi\u00f3 el premio en su nombre. <\/p>\n<p dir=\"ltr\" class=\"css-s4cjt0 e1yuyadm0\"><b>Algo que ha prometido usted es justicia. Particularmente porque ha habido cr\u00edmenes, seg\u00fan ha dicho, contra muchas personas en Venezuela. \u00bfHay alg\u00fan compromiso que usted est\u00e1 preparada a hacer sobre futuro de Nicol\u00e1s Maduro?<\/b><\/p>\n<p dir=\"ltr\" class=\"css-s4cjt0 e1yuyadm0\">A Maduro se le han ofrecido durante estos a\u00f1os numerosas posibilidades para dejar el pa\u00eds de forma pac\u00edfica. Cuando ganamos las elecciones hace un a\u00f1o por una mayor\u00eda, le ofrecimos la posibilidad de una transici\u00f3n negociada.<\/p>\n<p dir=\"ltr\" class=\"css-s4cjt0 e1yuyadm0\">\u00c9l no solo lo neg\u00f3, sino que decidi\u00f3 establecer la peor represi\u00f3n de nuestra historia.<\/p>\n<p dir=\"ltr\" class=\"css-s4cjt0 e1yuyadm0\">Estamos hablando de 2.200 personas detenidas, entre ellos ni\u00f1os, mujeres que fueron torturados, abusados.<\/p>\n<p dir=\"ltr\" class=\"css-s4cjt0 e1yuyadm0\"><b>\u00bfQu\u00e9 significa esto para el futuro de Maduro?<\/b><\/p>\n<p dir=\"ltr\" class=\"css-s4cjt0 e1yuyadm0\">Lo que quiero decir es que nosotros ofrecimos tantas posibilidades durante todo este tiempo, estuvimos dispuestos a sentarnos para una transici\u00f3n pac\u00edfica y ellos lo rechazaron.<\/p>\n<p dir=\"ltr\" class=\"css-s4cjt0 e1yuyadm0\">Creo que no es solo por una decisi\u00f3n propia, sino tambi\u00e9n porque hay grupos criminales que tienen intereses confrontados hoy. Algunos de ellos han detenido a Maduro de tomar esas oportunidades.<\/p>\n<p dir=\"ltr\" class=\"css-s4cjt0 e1yuyadm0\"><b>\u00bfCu\u00e1l es esa oportunidad? \u00bfAceptar\u00edan una negociaci\u00f3n en la que \u00e9l se ir\u00eda al exilio? \u00bfQue \u00e9l no enfrente la Justicia?<\/b><\/p>\n<p dir=\"ltr\" class=\"css-s4cjt0 e1yuyadm0\">No es conveniente mencionar acciones concretas. Todo depender\u00e1 de c\u00f3mo lleguemos a ese proceso de negociaci\u00f3n, si es que sucede.<\/p>\n<p dir=\"ltr\" class=\"css-s4cjt0 e1yuyadm0\">Porque si \u00e9l se reh\u00fasa, estar\u00e1 en una situaci\u00f3n mucho m\u00e1s dif\u00edcil de la que est\u00e1 ahora mismo. As\u00ed que es el momento para \u00e9l definitivamente irse. Y que entienda que esto es serio, no solo por la gente de Venezuela, que est\u00e1 organizada y unida, sino tambi\u00e9n por los militares y la polic\u00eda, en donde hay fracturas en este momento, y tambi\u00e9n la comunidad internacional que est\u00e1 poniendo mucha presi\u00f3n sobre \u00e9l.<\/p>\n<p dir=\"ltr\" class=\"css-s4cjt0 e1yuyadm0\"><b>Para muchos, el Premio Nobel de la Paz le da un impulso<\/b><b> <\/b><b>a su causa. Pero sabemos tambi\u00e9n de los barcos militares estadounidenses que est\u00e1n muy cerca de Venezuela. Donald Trump tambi\u00e9n ha hablado sobre la posibilidad de atacar en suelo venezolano. Y es dif\u00edcil muchas veces estar seguro de lo que quiere decir el presidente Trump. \u00bfPero eso es algo que apoyar\u00eda? \u00bfUn ataque de EE.UU. a Venezuela?<\/b><\/p>\n<p dir=\"ltr\" class=\"css-s4cjt0 e1yuyadm0\">El presidente Trump, como \u00e9l mismo ha dicho en varias ocasiones, le ha ofrecido a Maduro establecer un proceso de paz y desmantelar la estructura criminal. Y ha insistido en que las actividades criminales deben parar, algo que no ha ocurrido en el pa\u00eds.<\/p>\n<p dir=\"ltr\" class=\"css-s4cjt0 e1yuyadm0\">Nosotros no queremos una guerra, no la buscamos. La gente en Venezuela quiere vivir en democracia, en libertad y justicia.<\/p>\n<p dir=\"ltr\" class=\"css-s4cjt0 e1yuyadm0\">Fue Maduro quien declar\u00f3 la guerra contra el pueblo de Venezuela, e internacionalmente con narcoterrorismo.<\/p>\n<p><img decoding=\"async\" src=\"https:\/\/www.europesays.com\/es\/wp-content\/uploads\/2025\/12\/b339d120-d694-11f0-89d7-d99b8f022527.jpg.webp.webp\"   alt=\"Mar\u00eda Corina Machado de pie, con una mano en el pecho, tiene la vista al cielo. Viste una camisa con los colores de la bandera venezolana, azul, amarillo y rojo. Tambi\u00e9n tiene blanco. Detr\u00e1s de ella se ve una multitud de gente difuminada. \" loading=\"lazy\" width=\"1024\" height=\"576\" style=\"aspect-ratio:1024 \/ 576\" class=\"css-1seqhu9\"\/><\/p>\n<p class=\"css-by8ykd\" role=\"text\">Fuente de la imagen, Getty<\/p>\n<p>Pie de foto, Mar\u00eda Corina Machado fue el rostro de la oposici\u00f3n en la campa\u00f1a electoral de Venezuela en 2024. <\/p>\n<p dir=\"ltr\" class=\"css-s4cjt0 e1yuyadm0\"><b>\u00bfPero eso es un s\u00ed? \u00bfUsted apoyar\u00eda una intervenci\u00f3n?<\/b><\/p>\n<p dir=\"ltr\" class=\"css-s4cjt0 e1yuyadm0\">Lo que nosotros hemos pedido a la comunidad internacional es que nos ayude a detener el flujo de recursos criminales, que son usados por el r\u00e9gimen para oprimir a las personas en Venezuela. \u00bfDe d\u00f3nde vienen esos recursos? Narcotr\u00e1fico, tr\u00e1fico ilegal de oro, incluso tr\u00e1fico humano. Y muchos de estos recursos terminan en los sistemas financieros de democracias, en Am\u00e9rica Latina o Europa. Y lo que pedimos es que tenemos que cortar esos influjos.<\/p>\n<p dir=\"ltr\" class=\"css-s4cjt0 e1yuyadm0\">Una parte importante de esos recursos proviene de las actividades de la droga.<\/p>\n<p dir=\"ltr\" class=\"css-s4cjt0 e1yuyadm0\">Creemos que una coalici\u00f3n internacional para desmantelar esta industria debe ponerse en curso, no solo por EE.UU.<\/p>\n<p dir=\"ltr\" class=\"css-s4cjt0 e1yuyadm0\"><b>\u00bfJorgen, no cree que hay alg\u00fan tipo de contradicci\u00f3n ah\u00ed? \u00bfQue veamos alg\u00fan tipo de toma violenta, o alguna acci\u00f3n dentro de Venezuela y luego ver como jefa de Estado a una ganadora del Premio Nobel de la Paz? Este es un premio basado en la paz.<\/b><\/p>\n<p dir=\"ltr\" class=\"css-s4cjt0 e1yuyadm0\"><b>Jorgen Watne Frydnes: <\/b>Este premio se le ha entregado a Mar\u00eda Corina Machado por sus esfuerzos a favor de la democracia. Y por una transici\u00f3n pac\u00edfica, y por lo que ellos han estado luchando por a\u00f1os y a\u00f1os es exactamente eso: una transici\u00f3n pac\u00edfica.<\/p>\n<p dir=\"ltr\" class=\"css-s4cjt0 e1yuyadm0\">Es importante recordar qui\u00e9n tiene la responsabilidad de hacer que eso pase y desafortunadamente la oposici\u00f3n no est\u00e1 en el poder. El poder est\u00e1 sobre el r\u00e9gimen de Maduro. Ellos tienen la responsabilidad de que haya una transici\u00f3n pac\u00edfica.<\/p>\n<p dir=\"ltr\" class=\"css-s4cjt0 e1yuyadm0\">Nuestro premio ha sido entregado al trabajo de la oposici\u00f3n, de Machado durante muchos a\u00f1os, y particularmente por los esfuerzos de las elecciones de 2024.<\/p>\n<p dir=\"ltr\" class=\"css-s4cjt0 e1yuyadm0\"><b>Quiero volver a preguntarle sobre el presidente Trump. Porque usted sabe que \u00e9l puede ser impredecible y a veces cambia de parecer. Si vamos atr\u00e1s, cuando Maduro lleg\u00f3 al poder, la gente pens\u00f3 que no durar\u00eda seis meses. Pero \u00e9l permanece. \u00bfQu\u00e9 ocurrir\u00eda si la atenci\u00f3n del presidente Trump se va a otro lado y nada ocurre? Pese al impulso, pese a la esperanza de toda la gente, \u00bfqu\u00e9 ocurrir\u00eda si nada pasa?<\/b><\/p>\n<p dir=\"ltr\" class=\"css-s4cjt0 e1yuyadm0\">Las cosas ya han cambiado. Nunca hemos visto a la gente tan unida, organizada, decidida a ir hasta el final. Nunca hemos visto al r\u00e9gimen tan d\u00e9bil como ahora y nunca hemos visto a la comunidad internacional tan determinada. \u00bfPor qu\u00e9?<\/p>\n<p dir=\"ltr\" class=\"css-s4cjt0 e1yuyadm0\">Porque esto tambi\u00e9n tiene que ver con la seguridad nacional de EE.UU. y otros pa\u00edses en el hemisferio occidental.<\/p>\n<p dir=\"ltr\" class=\"css-s4cjt0 e1yuyadm0\">La migraci\u00f3n venezolana se ha convertido en la m\u00e1s grande del mundo. El d\u00eda que Maduro se vaya, ver\u00e1s millones regresando. Eso es lo que mucha gente dec\u00eda ah\u00ed afuera: \u00abQuiero volver a casa\u00bb. El d\u00eda que Maduro se vaya, convertiremos a Venezuela de ser el centro del crimen en las Am\u00e9ricas a ser el centro de la energ\u00eda de Am\u00e9rica.<\/p>\n<p dir=\"ltr\" class=\"css-s4cjt0 e1yuyadm0\">Construiremos un escudo de seguridad. Forzaremos a los agentes de otros reg\u00edmenes autoritarios, como Rusia e Ir\u00e1n, o Hezbol\u00e1, que operan en nuestro pa\u00eds junto a Maduro; los sacaremos.<\/p>\n<p dir=\"ltr\" class=\"css-s4cjt0 e1yuyadm0\">As\u00ed que, desde cualquier perspectiva, es algo que es crucial para EE.UU. y para la regi\u00f3n.<\/p>\n<p><img decoding=\"async\" src=\"https:\/\/www.europesays.com\/es\/wp-content\/uploads\/2025\/12\/bd595ea0-d694-11f0-89d7-d99b8f022527.jpg.webp.webp\"   alt=\"Nicol\u00e1s maduro saluda con la mano extendida y una sonrisa a un grupo de personas. Tiene una gorra y camisa rojas. \" loading=\"lazy\" width=\"1024\" height=\"576\" style=\"aspect-ratio:1024 \/ 576\" class=\"css-1seqhu9\"\/><\/p>\n<p class=\"css-by8ykd\" role=\"text\">Fuente de la imagen, Getty<\/p>\n<p>Pie de foto, Nicol\u00e1s Maduro, presidente de Venezuela desde 2013, es acusado de terrorismo y narcotr\u00e1fico por EE.UU. <\/p>\n<p dir=\"ltr\" class=\"css-s4cjt0 e1yuyadm0\"><b>Pero, finalmente, \u00bfle han dado alguna seguridad por parte del presidente Trump, de EE.UU. o alguien, de que habr\u00e1 un cambio, que le d\u00e9 esperanza a la gente de que algo pasar\u00e1?<\/b><\/p>\n<p dir=\"ltr\" class=\"css-s4cjt0 e1yuyadm0\">Mi seguridad viene de adentro, porque conozco a mi pa\u00eds, conozco a nuestra gente. Venezuela ser\u00e1 libre y ser\u00e1 el momento m\u00e1s importante en la historia de Am\u00e9rica por un largo tiempo.<\/p>\n<p dir=\"ltr\" class=\"css-s4cjt0 e1yuyadm0\">Y esto tendr\u00e1 olas de democratizaci\u00f3n en la regi\u00f3n. Veremos Cuba, veremos Nicaragua. Nos preguntar\u00e1n c\u00f3mo lo hicimos, porque nos hab\u00edan dicho que era imposible. Que ser\u00eda imposible unir al pa\u00eds, imposible vencer a Maduro y absolutamente imposible probarlo.<\/p>\n<p dir=\"ltr\" class=\"css-s4cjt0 e1yuyadm0\">Iba a ser imposible para m\u00ed estar contigo esta noche. Nosotros lo haremos posible. Y creo que esto ser\u00e1 tambi\u00e9n una gran contribuci\u00f3n a la humanidad, porque al final, nuestra lucha por la libertad es una lucha por la paz. Y es un acto de amor.<\/p>\n<p><img decoding=\"async\" src=\"https:\/\/www.europesays.com\/es\/wp-content\/uploads\/2025\/12\/6d2378f0-d67e-11f0-9fb5-5f3a3703a365.jpg.webp.webp\"   alt=\"L\u00ednea gris que separa el texto \" loading=\"lazy\" width=\"800\" height=\"100\" style=\"aspect-ratio:800 \/ 100\" class=\"css-1seqhu9\"\/><\/p>\n<p dir=\"ltr\" class=\"css-s4cjt0 e1yuyadm0\"><a href=\"https:\/\/www.bbc.com\/mundo\/send\/u184973209\" class=\"focusIndicatorReducedWidth css-n8oauk e1h2ur550\" rel=\"nofollow noopener\" target=\"_blank\">Suscr\u00edbete aqu\u00ed<\/a> a nuestro nuevo newsletter para recibir cada viernes una selecci\u00f3n de nuestro mejor contenido de la semana.<\/p>\n<p dir=\"ltr\" class=\"css-s4cjt0 e1yuyadm0\">Y recuerda que puedes recibir notificaciones en nuestra app. Descarga la \u00faltima versi\u00f3n y act\u00edvalas.<\/p>\n","protected":false},"excerpt":{"rendered":"Fuente de la imagen, Getty Images Pie de foto, Mar\u00eda Corina Machado asegur\u00f3 en entrevista con la BBC&hellip;\n","protected":false},"author":2,"featured_media":283820,"comment_status":"","ping_status":"","sticky":false,"template":"","format":"standard","meta":{"footnotes":""},"categories":[5],"tags":[17,18,25,24,13,14,11,19,20,9,10,15,16,23,12,21,22],"class_list":{"0":"post-283819","1":"post","2":"type-post","3":"status-publish","4":"format-standard","5":"has-post-thumbnail","7":"category-titulares","8":"tag-breaking-news","9":"tag-breakingnews","10":"tag-es","11":"tag-espana","12":"tag-featured-news","13":"tag-featurednews","14":"tag-headlines","15":"tag-latest-news","16":"tag-latestnews","17":"tag-news","18":"tag-noticias","19":"tag-noticias-destacadas","20":"tag-noticiasdestacadas","21":"tag-spain","22":"tag-titulares","23":"tag-ultimas-noticias","24":"tag-ultimasnoticias"},"share_on_mastodon":{"url":"https:\/\/pubeurope.com\/@es\/115704010870279953","error":""},"_links":{"self":[{"href":"https:\/\/www.europesays.com\/es\/wp-json\/wp\/v2\/posts\/283819","targetHints":{"allow":["GET"]}}],"collection":[{"href":"https:\/\/www.europesays.com\/es\/wp-json\/wp\/v2\/posts"}],"about":[{"href":"https:\/\/www.europesays.com\/es\/wp-json\/wp\/v2\/types\/post"}],"author":[{"embeddable":true,"href":"https:\/\/www.europesays.com\/es\/wp-json\/wp\/v2\/users\/2"}],"replies":[{"embeddable":true,"href":"https:\/\/www.europesays.com\/es\/wp-json\/wp\/v2\/comments?post=283819"}],"version-history":[{"count":0,"href":"https:\/\/www.europesays.com\/es\/wp-json\/wp\/v2\/posts\/283819\/revisions"}],"wp:featuredmedia":[{"embeddable":true,"href":"https:\/\/www.europesays.com\/es\/wp-json\/wp\/v2\/media\/283820"}],"wp:attachment":[{"href":"https:\/\/www.europesays.com\/es\/wp-json\/wp\/v2\/media?parent=283819"}],"wp:term":[{"taxonomy":"category","embeddable":true,"href":"https:\/\/www.europesays.com\/es\/wp-json\/wp\/v2\/categories?post=283819"},{"taxonomy":"post_tag","embeddable":true,"href":"https:\/\/www.europesays.com\/es\/wp-json\/wp\/v2\/tags?post=283819"}],"curies":[{"name":"wp","href":"https:\/\/api.w.org\/{rel}","templated":true}]}}