{"id":283827,"date":"2025-12-12T01:38:11","date_gmt":"2025-12-12T01:38:11","guid":{"rendered":"https:\/\/www.europesays.com\/es\/283827\/"},"modified":"2025-12-12T01:38:11","modified_gmt":"2025-12-12T01:38:11","slug":"manuel-pellegrini-habla-sobre-posibles-cambios-de-delantero-en-el-mercado-invernal","status":"publish","type":"post","link":"https:\/\/www.europesays.com\/es\/283827\/","title":{"rendered":"Manuel Pellegrini habla sobre posibles cambios de delantero en el mercado invernal"},"content":{"rendered":"<p>    Compartir  <\/p>\n<p class=\"_container_r6ld5_1 _container_1uguc_1 &#10;    color_eta\">Apenas quedan unas semanas para el inicio del mercado invernal pero Manuel Pellegrini no quiere precipitarse. Con la direcci\u00f3n deportiva <a href=\"https:\/\/www.eldesmarque.com\/futbol\/20251208\/fabio-silva-opcion-delantera-betis_18_017809408.html#utm_source=cuerpo&amp;utm_medium=articulo\" rel=\"nofollow noopener\" target=\"_blank\">estudiando posibilidades<\/a> y opciones, <strong>como la de Gonzalo Garc\u00eda,<\/strong> el t\u00e9cnico chileno del Betis prefiere no mojarse en demas\u00eda y aunque se muestra \u00abcentrado\u00bb en lo deportivo, tampoco cierra la puerta de manera definitiva a la llegada de nuevos hombres. <\/p>\n<p class=\"_container_r6ld5_1 _container_1uguc_1 &#10;    color_eta\">Porque nadie en el Benito Villamar\u00edn puede ocultar que, tras los n\u00fameros de Chimy \u00c1vila y Cedric Bakambu -que este jueves fall\u00f3 una ocasi\u00f3n hasta sin portero- en esta primera mitad de temporada, Manuel Pellegrini podr\u00eda necesitar un buen refuerzo en la delantera para seguir optando por lo m\u00e1s alto.<\/p>\n<p>PUEDE INTERESARTE<\/p>\n<p class=\"_container_r6ld5_1 _container_1uguc_1 &#10;    color_eta\">El entrenador lo sabe, la direcci\u00f3n deportiva est\u00e1 convencida y la directiva quiere dar el paso. A pesar de ello, los mensajes p\u00fablicos, de momento, son de cordura. \u00c1ngel Haro asegura que no hay demasiados recursos, <a href=\"https:\/\/www.eldesmarque.com\/futbol\/europa-league\/20251211\/real-betis-manu-fajardo-descarta-fichaje-mercado-invierno_18_017835113.html#utm_source=cuerpo&amp;utm_medium=articulo\" rel=\"nofollow noopener\" target=\"_blank\">Manu Fajardo advierte sobre la dificultad<\/a> y Pellegrini, de momento, pide respeto para sus jugadores. \u00abHay un plantel que tan mal no lo ha hecho, hay que respaldar el plantel. Tendr\u00e1n momentos mejores o peores pero han respondido. Veremos en el futuro las alternativas, pero ahora, estoy personalmente muy contento con el plantel\u00bb, dec\u00eda el chileno tras el triunfo de este jueves ante el Dinamo Zagreb. <\/p>\n<p><img decoding=\"async\" alt=\"Celebraci\u00f3n del gol de un gol del Betis ante el Dinamo Zagreb\" class=\"_author_image__full_lbs33_12 _image_thjnc_1\" loading=\"lazy\" title=\"\" src=\"https:\/\/www.europesays.com\/es\/wp-content\/uploads\/2025\/12\/celebracion-del-gol-de-un-gol-del-betis-ante-el-dinamo-zagreb-16-9-aspect-ratio-default-0_da39.jpg\" width=\"1920\" height=\"1080\"  \/>Celebraci\u00f3n del gol de un gol del Betis ante el Dinamo Zagreb. Cordon PressPUEDE INTERESARTE<\/p>\n<p class=\"_container_r6ld5_1 _container_1uguc_1 &#10;    color_eta\">En otro orden, Manuel Pellegrini tambi\u00e9n quiso defender en sala de prensa a su equipo asegurando que \u00abvenimos clasificados bien en las tres competiciones y con un estado de \u00e1nimo importante cuando hay que jugarse la clasificaci\u00f3n en un ida y vuelta\u00bb. \u00abLa fase de grupos es mejor que la del a\u00f1o pasado, pero el a\u00f1o pasado solo perdimos un partido y llegamos a la final. Es buen momento para ratificarlo en las tres competiciones que estamos inmersos\u00bb, sum\u00f3 posteriormente.<\/p>\n","protected":false},"excerpt":{"rendered":"Compartir Apenas quedan unas semanas para el inicio del mercado invernal pero Manuel Pellegrini no quiere precipitarse. Con&hellip;\n","protected":false},"author":2,"featured_media":283828,"comment_status":"","ping_status":"","sticky":false,"template":"","format":"standard","meta":{"footnotes":""},"categories":[268],"tags":[168,25,24,280,282,281,23,167],"class_list":{"0":"post-283827","1":"post","2":"type-post","3":"status-publish","4":"format-standard","5":"has-post-thumbnail","7":"category-futbol","8":"tag-deportes","9":"tag-es","10":"tag-espana","11":"tag-football","12":"tag-futbol","13":"tag-soccer","14":"tag-spain","15":"tag-sports"},"share_on_mastodon":{"url":"https:\/\/pubeurope.com\/@es\/115704044634484143","error":""},"_links":{"self":[{"href":"https:\/\/www.europesays.com\/es\/wp-json\/wp\/v2\/posts\/283827","targetHints":{"allow":["GET"]}}],"collection":[{"href":"https:\/\/www.europesays.com\/es\/wp-json\/wp\/v2\/posts"}],"about":[{"href":"https:\/\/www.europesays.com\/es\/wp-json\/wp\/v2\/types\/post"}],"author":[{"embeddable":true,"href":"https:\/\/www.europesays.com\/es\/wp-json\/wp\/v2\/users\/2"}],"replies":[{"embeddable":true,"href":"https:\/\/www.europesays.com\/es\/wp-json\/wp\/v2\/comments?post=283827"}],"version-history":[{"count":0,"href":"https:\/\/www.europesays.com\/es\/wp-json\/wp\/v2\/posts\/283827\/revisions"}],"wp:featuredmedia":[{"embeddable":true,"href":"https:\/\/www.europesays.com\/es\/wp-json\/wp\/v2\/media\/283828"}],"wp:attachment":[{"href":"https:\/\/www.europesays.com\/es\/wp-json\/wp\/v2\/media?parent=283827"}],"wp:term":[{"taxonomy":"category","embeddable":true,"href":"https:\/\/www.europesays.com\/es\/wp-json\/wp\/v2\/categories?post=283827"},{"taxonomy":"post_tag","embeddable":true,"href":"https:\/\/www.europesays.com\/es\/wp-json\/wp\/v2\/tags?post=283827"}],"curies":[{"name":"wp","href":"https:\/\/api.w.org\/{rel}","templated":true}]}}