{"id":283854,"date":"2025-12-12T02:02:13","date_gmt":"2025-12-12T02:02:13","guid":{"rendered":"https:\/\/www.europesays.com\/es\/283854\/"},"modified":"2025-12-12T02:02:13","modified_gmt":"2025-12-12T02:02:13","slug":"el-cura-confesor-de-miguel-morales-airea-la-estafa-del-amor-que-ha-sumido-en-la-ruina-a-fedra-lorente","status":"publish","type":"post","link":"https:\/\/www.europesays.com\/es\/283854\/","title":{"rendered":"El cura confesor de Miguel Morales airea la estafa del amor que ha sumido en la ruina a Fedra Lorente"},"content":{"rendered":"<p><a title=\"Fedra Lorente\" href=\"https:\/\/www.larazon.es\/gente\/famosos\/20230123\/jdjus4vgrnacfl7nwo67ipl4oi.html\" target=\"_blank\" rel=\"nofollow noopener\">Fedra Lorente<\/a>, uno de los rostros m\u00edticos de nuestra televisi\u00f3n por su paso por el m\u00edtico \u2018un dos tres\u2019, est\u00e1 en la ruina. As\u00ed lo ha confesado ella misma a trav\u00e9s de una entrevista en la revista \u2018Semana\u2019. <b>A sus 74 a\u00f1os, acaba de quedarse viuda<\/b>, pues hace tan solo tres meses de <a title=\"la muerte de su marido, Miguel Morales\" href=\"https:\/\/www.larazon.es\/gente\/famosos\/muere-miguel-morales-tio-shaila-durcal-carmen-morales_2025091968cd90651b05386b62a60945.html\" target=\"_blank\" rel=\"nofollow noopener\">la muerte de su marido, Miguel Morales<\/a>. Est\u00e1 tratando de adaptarse a su vida en solitario con la \u00fanica ayuda de su hija Alejandra, pero se han encontrado con un imprevisto econ\u00f3mico que le ha puesto al borde del abismo: <b>\u201cHemos vivido situaciones muy complicadas. Estamos muy mal de dinero. He tenido incluso que recurrir a C\u00e1ritas\u201d<\/b>, confiesa. <\/p>\n<p><b>\u201cUn a\u00f1o antes de fallecer Miguel mi hija se dio cuenta de que su padre estaba dando dinero a unas personas que dec\u00edan estar necesitados\u201d<\/b>, reconoc\u00eda a M\u00f3nika Vergara, con la que se sincer\u00f3 sobre su precaria situaci\u00f3n. Le dio todos los detalles, pero por respeto a la veterana actriz se opt\u00f3 por silenciar la verdad sobre estos misteriosos ingresos que llevaban produci\u00e9ndose desde hace tres a\u00f1os a una familia y que ha dejado a la viuda: <b>\u201cCon las cuentas bancarias vac\u00edas y llenas de deudas\u201d<\/b>. Se hablaba de una estafa. Ahora se a\u00f1ade que era una estafa de amor. <\/p>\n<p>La verdad sobre la estafa a Miguel Morales<\/p>\n<p>La periodista, hija por cierto de la m\u00edtica Mayka Vergara, reconoci\u00f3 que <b>\u201cen principio lo hac\u00eda por voluntad propia\u201d<\/b>. Es decir, el hermano de Junior entregaba sin coacci\u00f3n el dinero que ingresaba por su trabajo a una familia. <b>No se quiso arrojar m\u00e1s luz al respecto, pero no se llegaba a comprender por qu\u00e9 se vaciaba la cuenta familiar para \u201cayudar\u201d a otros.<\/b> Ahora el cura al que Fedra Lorente conf\u00eda sus problemas, no sabemos si violando su secreto de confesi\u00f3n, ha hablado con el programa de Joaqu\u00edn Prat en Telecinco.<\/p>\n<p>Concretamente con \u00c1lex \u00c1lvarez, a quien le reconoce que <b>Miguel Morales le confes\u00f3 \u201cque cay\u00f3 en una estafa del amor en la que perdi\u00f3 much\u00edsimo dinero y tambi\u00e9n nos dice que esta ruina econ\u00f3mica la llevan arrastrando desde hace m\u00e1s de cuatro a\u00f1os\u201d<\/b>. Desde la Parroquia de San Juan de Mirasierra han dado la clave de los problemas econ\u00f3micos de Fedra Lorente, que ahora le han empujado a la ruina. Eso s\u00ed, aseguran que no son nuevos y que llevan as\u00ed cuatro a\u00f1os, tiempo en el que llevan ayudando con alimentos a la actriz. <\/p>\n<p>Desde la parroquia confirman que le ayudan espiritualmente, pero tambi\u00e9n con material y alimentos: \u201cLleva a lo mejor cuatro o cinco a\u00f1os. Ella ha tenido que cargar con la familia toda la vida y lleva una temporada un poco enferma, en el sentido ya del cansancio, de la pereza, de que ya van pasando los a\u00f1os naturalmente\u201d. Pero tambi\u00e9n pone el foco este sacerdote en la estafa que les sumi\u00f3 en la ruina m\u00e1s absoluta: <b>\u201cPerdi\u00f3 mucho dinero s\u00ed, por amor. Desde hace tres a\u00f1os para ac\u00e1. Se le present\u00f3 alguien y le ped\u00eda dinero para venir y conocerle, para no s\u00e9 qu\u00e9 m\u00e1s. Que ten\u00eda unos negocios y que si le daba 3.000 euros al mes siguiente le devolv\u00edan 15.000. Eso se lo ocultaba a ella\u201d,<\/b> dice el confesor de Miguel Morales. <\/p>\n","protected":false},"excerpt":{"rendered":"Fedra Lorente, uno de los rostros m\u00edticos de nuestra televisi\u00f3n por su paso por el m\u00edtico \u2018un dos&hellip;\n","protected":false},"author":2,"featured_media":283855,"comment_status":"","ping_status":"","sticky":false,"template":"","format":"standard","meta":{"footnotes":""},"categories":[174],"tags":[255,146,147,25,24,256,23],"class_list":{"0":"post-283854","1":"post","2":"type-post","3":"status-publish","4":"format-standard","5":"has-post-thumbnail","7":"category-famosos","8":"tag-celebrities","9":"tag-entertainment","10":"tag-entretenimiento","11":"tag-es","12":"tag-espana","13":"tag-famosos","14":"tag-spain"},"share_on_mastodon":{"url":"https:\/\/pubeurope.com\/@es\/115704139040013979","error":""},"_links":{"self":[{"href":"https:\/\/www.europesays.com\/es\/wp-json\/wp\/v2\/posts\/283854","targetHints":{"allow":["GET"]}}],"collection":[{"href":"https:\/\/www.europesays.com\/es\/wp-json\/wp\/v2\/posts"}],"about":[{"href":"https:\/\/www.europesays.com\/es\/wp-json\/wp\/v2\/types\/post"}],"author":[{"embeddable":true,"href":"https:\/\/www.europesays.com\/es\/wp-json\/wp\/v2\/users\/2"}],"replies":[{"embeddable":true,"href":"https:\/\/www.europesays.com\/es\/wp-json\/wp\/v2\/comments?post=283854"}],"version-history":[{"count":0,"href":"https:\/\/www.europesays.com\/es\/wp-json\/wp\/v2\/posts\/283854\/revisions"}],"wp:featuredmedia":[{"embeddable":true,"href":"https:\/\/www.europesays.com\/es\/wp-json\/wp\/v2\/media\/283855"}],"wp:attachment":[{"href":"https:\/\/www.europesays.com\/es\/wp-json\/wp\/v2\/media?parent=283854"}],"wp:term":[{"taxonomy":"category","embeddable":true,"href":"https:\/\/www.europesays.com\/es\/wp-json\/wp\/v2\/categories?post=283854"},{"taxonomy":"post_tag","embeddable":true,"href":"https:\/\/www.europesays.com\/es\/wp-json\/wp\/v2\/tags?post=283854"}],"curies":[{"name":"wp","href":"https:\/\/api.w.org\/{rel}","templated":true}]}}