{"id":283874,"date":"2025-12-12T02:23:11","date_gmt":"2025-12-12T02:23:11","guid":{"rendered":"https:\/\/www.europesays.com\/es\/283874\/"},"modified":"2025-12-12T02:23:11","modified_gmt":"2025-12-12T02:23:11","slug":"el-valencia-somete-al-efes-y-sigue-escalando-en-la-clasificacion","status":"publish","type":"post","link":"https:\/\/www.europesays.com\/es\/283874\/","title":{"rendered":"El Valencia somete al Efes y sigue escalando en la clasificaci\u00f3n"},"content":{"rendered":"<p data-gtm-element-container=\"modulo-texto-link\" class=\"paragraph\">El Valencia Basket, m\u00e1s espeso que otros d\u00edas pero tenaz en su juego de la mano de Kam Taylor y Jaime Pradilla, control\u00f3 y someti\u00f3 este jueves al Anadolu Efes para sumar su cuarta victoria consecutiva en una Euroliga, en cuya cabeza empieza a hacerse fuerte con sus diez triunfos en quince choques.<\/p>\n<p data-gtm-element-container=\"modulo-texto-link\" class=\"paragraph\">El equipo turco, a la espera de concretar el fichaje de Pablo Laso para tratar de remontar el vuelo, incomod\u00f3 al Valencia pero no cuestion\u00f3 su triunfo. Sobrado de lesiones y falto de convicci\u00f3n, se llev\u00f3 su tercera derrota consecutiva.<\/p>\n<p data-gtm-element-container=\"modulo-texto-link\" class=\"paragraph\">Arranc\u00f3 el Valencia poco certero en la circulaci\u00f3n y entr\u00f3 inc\u00f3modo. La presencia de Omari Moore engras\u00f3 su juego pero coincidi\u00f3 con un par de aciertos del Efes desde la l\u00ednea de tres puntos y eso redujo el impacto y apenas pudo despegarse en el marcador (22-20, m.10)<\/p>\n<p data-gtm-element-container=\"modulo-texto-link\" class=\"paragraph\">En un Roig Arena que parec\u00eda destinado a convertirse en su modo concierto en el templo de Robe Iniesta en Val\u00e8ncia, sonaba en el cambio de cuarto &#8216;Correcaminos estate al loro&#8217; de Extremoduro en homenaje al fallecido artista extreme\u00f1o y los locales empezaron a correr con Pradilla como punta de lanza.<\/p>\n<p data-gtm-element-container=\"modulo-texto-link\" class=\"paragraph\">Un parcial de 10-2 abri\u00f3 la brecha pero la falta de confianza de Neal Sako fren\u00f3 al Valencia y el esforzado Roland Smits mantuvo al Efes cerca en el marcador.<\/p>\n<p data-gtm-element-container=\"modulo-texto-link\" class=\"paragraph\">El Valencia perdi\u00f3 punter\u00eda pero busc\u00f3 con hambre el rebote de ataque y eso le permiti\u00f3 forzar la tercera falta de Smits y castig\u00f3 la decisi\u00f3n de Radovan Trifunovic de dejarlo en la pista tras cometer la segunda un par de jugadas antes. Ten\u00eda sus razones el t\u00e9cnico esloveno, claro.<\/p>\n<p data-gtm-element-container=\"modulo-texto-link\" class=\"paragraph\">Sin el let\u00f3n, el conjunto turco perdi\u00f3 consistencia y no va muy sobrado en estos momentos. Pese a la resistencia del extaronja Jordan Loyd, los locales tuvieron tiempo en los tres minutos que quedaban para el descanso para de la mano de Nate Reuvers, ensanchar algo su renta (45-39, m.20).<\/p>\n<p data-gtm-element-container=\"modulo-texto-link\" class=\"paragraph\">Tras el descanso, con Smits a\u00fan resguardado en el banquillo, el gui\u00f3n sigui\u00f3 ese curso. Sin brillo, m\u00e1s espeso que otros d\u00edas, el Valencia llev\u00f3 su renta por encima de los diez puntos de la mano de Kam Taylor pero, de momento, no pudo pasar de ah\u00ed. Los puntos de Cordinier aguantaron al Efes.<\/p>\n<p>Ficha t\u00e9cnica<br \/>\nValencia Basket, 94 &#8211; Anadolu Efes, 82<\/p>\n<p class=\"module-text\">94 &#8211; Valencia Basket (22+23+26+23): Thompson (-), Badio (6), Taylor (20), Pradilla (14), Reuvers (8) -cinco titular- Montero (9), De Larrea (3), Puerto (9), Sako (-), Costello (15), Sima (3) y Moore (7).<br \/>82 &#8211; Anadolu Efes (20+19+20+23): Cordinier (18), Loyd (18), Weiler-Babb (3), Smits (8), Osmani (9) -cinco titular- Beaubois (2), Poirier (4), Swider (8), Yilmaz (2), Jones (-). Mutaf (3) y Hazer (7).<br \/>\u00c1rbitros: Difallah (FRA), Foufis (GRE) y Calic (SRB). Eliminaron al visitante Smits (m.35).<br \/>Incidencias: partido correspondiente a la d\u00e9cimo quinta jornada de la fase regular de la Euroliga disputado en el Roig Arena de Val\u00e8ncia ante 10.835 espectadores.<\/p>\n<p data-gtm-element-container=\"modulo-texto-link\" class=\"paragraph\">Aprovech\u00f3 Pedro Mart\u00ednez para darle una nueva oportunidad a Sako y temiendo que el partido se le fuera Trifunovic ech\u00f3 mano no solo de Smits sino tambi\u00e9n de Vicent Poirier, que reaparec\u00eda tras una lesi\u00f3n. Su fortaleza bajo los aros puso en problemas a los locales, que salieron del l\u00edo gracias a su recuperada punter\u00eda desde fuera.<\/p>\n<p>        Lee tambi\u00e9n<\/p>\n<p>    Jos\u00e9 Ignacio Huguet<\/p>\n<p>             <img loading=\"lazy\" decoding=\"async\" data-full-src=\"https:\/\/www.mundodeportivo.com\/uploads\/2025\/12\/11\/693b037eca0c5.jpeg\" alt=\"Horizontal\" width=\"334\" height=\"164\" src=\"https:\/\/www.europesays.com\/es\/wp-content\/uploads\/2025\/12\/693b037eca0c5.r_d.4373-2189.jpeg\" class=\"lazy\"\/><\/p>\n<p data-gtm-element-container=\"modulo-texto-link\" class=\"paragraph\">El \u00faltimo cuarto arranc\u00f3 con doce puntos de renta para los locales y la cuarta falta de Smits y la resistencia turca se resquebraj\u00f3. Tambi\u00e9n ayud\u00f3 el inquebrantable deseo de Taylor y Pradilla, que siguieron agujereando su defensa hasta que ya no hubo vuelta atr\u00e1s posible.<\/p>\n","protected":false},"excerpt":{"rendered":"El Valencia Basket, m\u00e1s espeso que otros d\u00edas pero tenaz en su juego de la mano de Kam&hellip;\n","protected":false},"author":2,"featured_media":283875,"comment_status":"","ping_status":"","sticky":false,"template":"","format":"standard","meta":{"footnotes":""},"categories":[269],"tags":[299,298,168,25,24,23,167],"class_list":{"0":"post-283874","1":"post","2":"type-post","3":"status-publish","4":"format-standard","5":"has-post-thumbnail","7":"category-baloncesto","8":"tag-baloncesto","9":"tag-basketball","10":"tag-deportes","11":"tag-es","12":"tag-espana","13":"tag-spain","14":"tag-sports"},"share_on_mastodon":{"url":"https:\/\/pubeurope.com\/@es\/115704221763683457","error":""},"_links":{"self":[{"href":"https:\/\/www.europesays.com\/es\/wp-json\/wp\/v2\/posts\/283874","targetHints":{"allow":["GET"]}}],"collection":[{"href":"https:\/\/www.europesays.com\/es\/wp-json\/wp\/v2\/posts"}],"about":[{"href":"https:\/\/www.europesays.com\/es\/wp-json\/wp\/v2\/types\/post"}],"author":[{"embeddable":true,"href":"https:\/\/www.europesays.com\/es\/wp-json\/wp\/v2\/users\/2"}],"replies":[{"embeddable":true,"href":"https:\/\/www.europesays.com\/es\/wp-json\/wp\/v2\/comments?post=283874"}],"version-history":[{"count":0,"href":"https:\/\/www.europesays.com\/es\/wp-json\/wp\/v2\/posts\/283874\/revisions"}],"wp:featuredmedia":[{"embeddable":true,"href":"https:\/\/www.europesays.com\/es\/wp-json\/wp\/v2\/media\/283875"}],"wp:attachment":[{"href":"https:\/\/www.europesays.com\/es\/wp-json\/wp\/v2\/media?parent=283874"}],"wp:term":[{"taxonomy":"category","embeddable":true,"href":"https:\/\/www.europesays.com\/es\/wp-json\/wp\/v2\/categories?post=283874"},{"taxonomy":"post_tag","embeddable":true,"href":"https:\/\/www.europesays.com\/es\/wp-json\/wp\/v2\/tags?post=283874"}],"curies":[{"name":"wp","href":"https:\/\/api.w.org\/{rel}","templated":true}]}}