{"id":283888,"date":"2025-12-12T02:36:09","date_gmt":"2025-12-12T02:36:09","guid":{"rendered":"https:\/\/www.europesays.com\/es\/283888\/"},"modified":"2025-12-12T02:36:09","modified_gmt":"2025-12-12T02:36:09","slug":"requiem-confirma-la-aparicion-de-leon-s-kennedy-en-the-game-awards","status":"publish","type":"post","link":"https:\/\/www.europesays.com\/es\/283888\/","title":{"rendered":"Requiem confirma la aparici\u00f3n de Leon S. Kennedy en The Game Awards"},"content":{"rendered":"<p>Durante unas horas, el mundo del videojuego se detiene para mirar en una sola direcci\u00f3n. <b>The Game Awards<\/b> regresa como el gran evento anual de la industria, una cita que combina reconocimiento a <b>los mejores lanzamientos del a\u00f1o<\/b>, espect\u00e1culo y adelantos clave. Aunque <b>son una parte crucial<\/b>, la realidad es que, aparte de los premios, la gala se ha convertido en el lugar en el que nacen muchos de los anuncios que <b>marcan el camino a seguir en el sector<\/b>.<\/p>\n<p>Esto se traduce principalmente en que, si existe <b>informaci\u00f3n importante que anunciar<\/b>, normalmente <b>The Game Awards<\/b> suele ser un lugar ideal. Aunque, claro est\u00e1, esto no es lo que siempre acaba sucediendo. Pues bien, parece que <b>Capcom<\/b> no ha sido uno de esos estudios que se haya querido perder <b>una fecha tan se\u00f1alada en la industria<\/b>.<\/p>\n<p>Leon S. Kennedy vuelve como personaje jugable<\/p>\n<p>Pese a que <a title=\"ya se anunci\u00f3 Resident Evil: Requiem\" href=\"https:\/\/www.larazon.es\/videojuegos\/resident-evil-9-requiem-hace-oficial-fecha-confirmada-summer-game-fest-2025_2025060768437c64836497285a9db6fd.html\" target=\"_blank\" rel=\"nofollow noopener\">ya se anunci\u00f3 Resident Evil: Requiem<\/a>, los rumores sobre la aparici\u00f3n de uno de los protagonistas m\u00e1s importantes de la saga no han parado de publicarse en redes. <b>La expectaci\u00f3n era total<\/b> e incluso la propia compa\u00f1\u00eda advirti\u00f3 de que no se hiciera caso a todo lo que se publica. El misterio ha llegado a su fin, ya que se ha confirmado que <b>Leon S. Kennedy<\/b> aparecer\u00e1 en <b>Resident Evil: Requiem<\/b>. Lo m\u00e1s importante: <b>volver\u00e1 a lo grande<\/b>.<\/p>\n<p>Esto se debe a que se ha confirmado que ser\u00e1 un personaje jugable en <b>el pr\u00f3ximo t\u00edtulo de la franquicia<\/b>. A pesar del hermetismo que suele rodear a <b>una compa\u00f1\u00eda como Capcom<\/b>, s\u00ed que es cierto que algunas filtraciones anteriores apuntaban a <a title=\"la presencia de Leon en Requiem\" href=\"https:\/\/www.larazon.es\/videojuegos\/leon-kennedy-dejado-ver-resident-evil-requiem-pero-modo-que-nadie-logrado-descifrar_2025101468ee1c820e3c6c509835dcdd.html\" target=\"_blank\" rel=\"nofollow noopener\">la presencia de Leon en Requiem<\/a>. Adem\u00e1s, lo revelado de la historia del videojuego hasta ahora hace pensar que la narrativa podr\u00eda estar construida en torno al <b>regreso del personaje<\/b>.<\/p>\n<p>Lo que s\u00ed sabemos es que <b>Resident: Evil Requiem<\/b> devolver\u00e1 la franquicia a <b>Raccoon City<\/b>, localizaci\u00f3n en la que <b>Leon<\/b> fue un polic\u00eda novato. Un primer tr\u00e1iler mostraba lo que eran las ruinas de su antiguo <b>Departamento de Polic\u00eda<\/b> de <b>Raccoon City<\/b>, insinuando su participaci\u00f3n. Pero ahora es oficial, <b>Leon S. Kennedy<\/b> est\u00e1 de vuelta. <b>El lanzamiento de Resident Evil: Requiem<\/b> est\u00e1 programado para <b>el 27 de febrero de 2026<\/b>.<\/p>\n","protected":false},"excerpt":{"rendered":"Durante unas horas, el mundo del videojuego se detiene para mirar en una sola direcci\u00f3n. The Game Awards&hellip;\n","protected":false},"author":2,"featured_media":283889,"comment_status":"","ping_status":"","sticky":false,"template":"","format":"standard","meta":{"footnotes":""},"categories":[81],"tags":[119,123,124,25,24,117,121,122,23,118,120],"class_list":{"0":"post-283888","1":"post","2":"type-post","3":"status-publish","4":"format-standard","5":"has-post-thumbnail","7":"category-ciencia-y-tecnologia","8":"tag-ciencia","9":"tag-ciencia-y-tecnologia","10":"tag-cienciaytecnologia","11":"tag-es","12":"tag-espana","13":"tag-science","14":"tag-science-and-technology","15":"tag-scienceandtechnology","16":"tag-spain","17":"tag-technology","18":"tag-tecnologia"},"share_on_mastodon":{"url":"https:\/\/pubeurope.com\/@es\/115704272172743524","error":""},"_links":{"self":[{"href":"https:\/\/www.europesays.com\/es\/wp-json\/wp\/v2\/posts\/283888","targetHints":{"allow":["GET"]}}],"collection":[{"href":"https:\/\/www.europesays.com\/es\/wp-json\/wp\/v2\/posts"}],"about":[{"href":"https:\/\/www.europesays.com\/es\/wp-json\/wp\/v2\/types\/post"}],"author":[{"embeddable":true,"href":"https:\/\/www.europesays.com\/es\/wp-json\/wp\/v2\/users\/2"}],"replies":[{"embeddable":true,"href":"https:\/\/www.europesays.com\/es\/wp-json\/wp\/v2\/comments?post=283888"}],"version-history":[{"count":0,"href":"https:\/\/www.europesays.com\/es\/wp-json\/wp\/v2\/posts\/283888\/revisions"}],"wp:featuredmedia":[{"embeddable":true,"href":"https:\/\/www.europesays.com\/es\/wp-json\/wp\/v2\/media\/283889"}],"wp:attachment":[{"href":"https:\/\/www.europesays.com\/es\/wp-json\/wp\/v2\/media?parent=283888"}],"wp:term":[{"taxonomy":"category","embeddable":true,"href":"https:\/\/www.europesays.com\/es\/wp-json\/wp\/v2\/categories?post=283888"},{"taxonomy":"post_tag","embeddable":true,"href":"https:\/\/www.europesays.com\/es\/wp-json\/wp\/v2\/tags?post=283888"}],"curies":[{"name":"wp","href":"https:\/\/api.w.org\/{rel}","templated":true}]}}