{"id":28390,"date":"2025-08-06T00:56:09","date_gmt":"2025-08-06T00:56:09","guid":{"rendered":"https:\/\/www.europesays.com\/es\/28390\/"},"modified":"2025-08-06T00:56:09","modified_gmt":"2025-08-06T00:56:09","slug":"marc-giro-juega-al-despiste-con-su-regreso-a-rtve-hemos-pedido-mas-dinero-al-erario-publico-el-mundo","status":"publish","type":"post","link":"https:\/\/www.europesays.com\/es\/28390\/","title":{"rendered":"Marc Gir\u00f3 juega al despiste con su regreso a RTVE: &quot;Hemos pedido m\u00e1s dinero al erario p\u00fablico&quot; &#8211; El Mundo"},"content":{"rendered":"<ol>\n<li><a href=\"https:\/\/news.google.com\/rss\/articles\/CBMif0FVX3lxTE5qRkVuZUhvaVg4cTZRNVc4aWJMRl9XV2Zsc3JldHM5QnduaGRrSVFTTFFBQzkya2MtOEVhTElfRDN2QzRzdTFXWm96T3p6M3VuaG5hUjVuU2JhV1Q1THF2YTYxUHFMdkpMczMxLUMzTlF2SWxlRnVSODgxUmRETUnSAX9BVV95cUxOWDQ4V19MYmdJYmhNX2RvMEd1ZklCM0hnWjd3OVcweThtVjhCVHlHcDZ1c0FaamZ0aktUTE9DY2FzQXFGUUIyTmFXUl9mSmlzQmMtNFM5TjNpUXc1SUU1WkJoeWZWTFB4RE5Ba0ZjeUJ6OFhwNGtmaXNVYUxnN2c0?oc=5\" target=\"_blank\" rel=\"nofollow noopener\">Marc Gir\u00f3 juega al despiste con su regreso a RTVE: \u00abHemos pedido m\u00e1s dinero al erario p\u00fablico\u00bb<\/a>&nbsp;&nbsp;El Mundo<\/li>\n<li><a href=\"https:\/\/news.google.com\/rss\/articles\/CBMizAFBVV95cUxPMW9pVm03ZElCcjhzUlZMRk9UZUp1cXBRNTlNa2E3UW1COEtfeVIzZFlMb0VnRHk0U3FfcDR2TFBmTHdpSVhmYWdxYkowNVVJOURkUFNvZm5kTUM5OVpVVEJKSjQ1b3k5d0JqX3k2Z3Vlc1FwdnNsekNuZ2JDZkQzSVVMODVRd055dHdKU2ZjMERtQUNhbGVIZzQ0Zzl2WDlxMlEwVS1aQlVqQUROWUN1Z2JyYXJnNWtGZkVvdU9XcFJqcG8zZGNiRDBlWFbSAdIBQVVfeXFMT2RvVU9QTVFBdUkxNVZPdWZXOHVNcW5GMWJwbVpXS1lZMm1faWVGNEIwMk1Hak9mZUFINlMteV9ldGFKRHhZWExER1FkR3U5X0l4Szd2bnR3cFU3YVA0RGEtbVNtYnR4MVdlbjF5cHJEWkR1d0ZSdFBEdGNNcE1uXy1yVDNUb3ZEM2VpdnlmNTlwSGkzVFVINE5RUXl3a1pMaXF6MTFhNjFMU0FXQjdFVGd2OE5oamFzZDZFVDUtUjhuSDFlaTlfZjBzVnBoeFJZSlNB?oc=5\" target=\"_blank\" rel=\"nofollow noopener\">\u00abHe pedido m\u00e1s dinero p\u00fablico\u00bb: Marc Gir\u00f3 se impone a RTVE para regresar a &#8216;Late Xou&#8217; y revela las ofertas de la competencia<\/a>&nbsp;&nbsp;El Confidencial<\/li>\n<li><a href=\"https:\/\/news.google.com\/rss\/articles\/CBMi8wFBVV95cUxOcEdoaUFHUm9ydGJad25NeVc0Tmh3c1FYRXVHc3FRU2Q3ZEMzVkN5WkhIclBBVHo0VENucHlZNmxDaVJwa05VRHZfakFGcnlsUzliRjlPZDhqZHhBdHFlQW1HakFFRTZiaUprOFpSeDVVem92OEM3R3o3MTlzaVFqZC1jT3ZxUWdrZzhSLV9lM2lqS1ZkNmdKUUZleG9pRHN5UEdtVURNVjR0bjRDWW9UemltZHZ2SldCUFhJMEcxTXF6cHVRYWQwc1JNZmVOY1JwMUpZc1JFRTUyQVNjYWplb3MwUjhZekNNakhneTM4VFpyd2fSAYcCQVVfeXFMUHVmODFTakp1TDFydzFhZUh3VzFtc3RhRURDVHRVdzZ6bW9RM1ZaWHV5Sm9TcGRTRndINzFVQlptS2ZLMnpiLVQzU1J3SEdoRTlQU3RhNTdPWjZkN3pTc2ZHMG0yWlBnMTNUOUN2UWRFVHk3aGRELW8wbk1KWWF5QjlzYW1yd1dfWjhJQmpCY21GQkI4ckVuNFZyTkJrT3NJX1VBN2JGOG03UWFXS0YxVzFWR0s0bEFnYnZLYlRCbVdLZ1ZrV0t0ZlNzX2tFaWg5c0RfaVhkSTJNRGdQcEhEX2xTcERPV3lBTGJUOXlWcHE2MXVuSmRBM1h5SFZRQkNRVlRHQ3c3RVU?oc=5\" target=\"_blank\" rel=\"nofollow noopener\">Marc Gir\u00f3 desconoce cuando volver\u00e1 su &#8216;Late Xou&#8217; y admite haber pedido m\u00e1s dinero a RTVE<\/a>&nbsp;&nbsp;La Raz\u00f3n<\/li>\n<li><a href=\"https:\/\/news.google.com\/rss\/articles\/CBMitwFBVV95cUxQc0RUOFhScERnemRTNGlGTmVVNlZOcUpDWTRTdUppUWdfRW5RSGNpSlFuUF9fdHV3YS04ZFlFbjR0LUJHU2Z2M0RjQXY3SV92c3NJSGY2WmtKbEw1T3VoRGhvTE9XWTVGemZaSFNXQkFGT0FaVGU3ZnAzTlFielVtVjdvb25mRjNSTHZnTXpwWF9PQVowTGQwdEc3QzRnZkFXT3pSdEZLOHo0MEM2T0h4QTZzQWpoUVE?oc=5\" target=\"_blank\" rel=\"nofollow noopener\">El v\u00eddeo m\u00e1s loco de Marc Gir\u00f3: intubado y en coma en unas im\u00e1genes de TVE<\/a>&nbsp;&nbsp;El M\u00f3n<\/li>\n<li><a href=\"https:\/\/news.google.com\/rss\/articles\/CBMihgFBVV95cUxNaV9LQzhiRWdtYUpCOE5melRlTFM3UkdGWjRTeWNtdlFuT3V6dE14VXVPdGV4RkgwWVdidGhPekRHaE9BVDZSVmc1d0o5UklMby04VnllSl9WUjgtaEhkNVFHUVJ6MWhNQU5JUVRadEw1UVl0cmNCRFY0ckdGSTlJb0VMVUZ3Z9IBiwFBVV95cUxPUzBuSHRmQ3VQQWlPT0lsemdjUTVOc2lXQjdzYmlYdlQ5ZGxvbzZ4LTJmcXFhWUpqaUxXQU8wTU5XM2JpZE1TTFhRbnZKQU5wRU9mQ2N3UGtKeHBvQjRRTnN1MldLVTVkcExOSFdIZkxJZmZoTUhFUU1ab0tXZWxHN2t4RFV6TzNuY3NN?oc=5\" target=\"_blank\" rel=\"nofollow noopener\">\u00bfQu\u00e9 le ha pasado a Marc Gir\u00f3?<\/a>&nbsp;&nbsp;diariodesevilla.es<\/li>\n<\/ol>\n","protected":false},"excerpt":{"rendered":"Marc Gir\u00f3 juega al despiste con su regreso a RTVE: \u00abHemos pedido m\u00e1s dinero al erario p\u00fablico\u00bb&nbsp;&nbsp;El Mundo&hellip;\n","protected":false},"author":2,"featured_media":28391,"comment_status":"","ping_status":"","sticky":false,"template":"","format":"standard","meta":{"footnotes":""},"categories":[171],"tags":[146,147,25,24,23,807,214],"class_list":{"0":"post-28390","1":"post","2":"type-post","3":"status-publish","4":"format-standard","5":"has-post-thumbnail","7":"category-tv","8":"tag-entertainment","9":"tag-entretenimiento","10":"tag-es","11":"tag-espana","12":"tag-spain","13":"tag-television","14":"tag-tv"},"share_on_mastodon":{"url":"","error":""},"_links":{"self":[{"href":"https:\/\/www.europesays.com\/es\/wp-json\/wp\/v2\/posts\/28390","targetHints":{"allow":["GET"]}}],"collection":[{"href":"https:\/\/www.europesays.com\/es\/wp-json\/wp\/v2\/posts"}],"about":[{"href":"https:\/\/www.europesays.com\/es\/wp-json\/wp\/v2\/types\/post"}],"author":[{"embeddable":true,"href":"https:\/\/www.europesays.com\/es\/wp-json\/wp\/v2\/users\/2"}],"replies":[{"embeddable":true,"href":"https:\/\/www.europesays.com\/es\/wp-json\/wp\/v2\/comments?post=28390"}],"version-history":[{"count":0,"href":"https:\/\/www.europesays.com\/es\/wp-json\/wp\/v2\/posts\/28390\/revisions"}],"wp:featuredmedia":[{"embeddable":true,"href":"https:\/\/www.europesays.com\/es\/wp-json\/wp\/v2\/media\/28391"}],"wp:attachment":[{"href":"https:\/\/www.europesays.com\/es\/wp-json\/wp\/v2\/media?parent=28390"}],"wp:term":[{"taxonomy":"category","embeddable":true,"href":"https:\/\/www.europesays.com\/es\/wp-json\/wp\/v2\/categories?post=28390"},{"taxonomy":"post_tag","embeddable":true,"href":"https:\/\/www.europesays.com\/es\/wp-json\/wp\/v2\/tags?post=28390"}],"curies":[{"name":"wp","href":"https:\/\/api.w.org\/{rel}","templated":true}]}}